{"id":3109,"date":"2016-01-28T05:00:12","date_gmt":"2016-01-28T05:00:12","guid":{"rendered":"http:\/\/blog.causeur.fr\/antidote\/?p=3109"},"modified":"2021-04-26T16:10:12","modified_gmt":"2021-04-26T14:10:12","slug":"qui-connait-les-idees-economiques-de-taubira","status":"publish","type":"post","link":"https:\/\/blog.causeur.fr\/antidote\/qui-connait-les-idees-economiques-de-taubira-3109","title":{"rendered":"Qui conna\u00eet les id\u00e9es \u00e9conomiques de Taubira?"},"content":{"rendered":"<h3>Elle n&rsquo;en a jamais exprim\u00e9e aucune<\/h3>\n<p>&nbsp;<\/p>\n<p><a href=\"http:\/\/blog.causeur.fr\/antidote\/files\/2016\/01\/taubira-en-v\u00e9lo.jpg\"><img loading=\"lazy\" decoding=\"async\" class=\"alignleft size-medium wp-image-3110\" src=\"http:\/\/blog.causeur.fr\/antidote\/files\/2016\/01\/taubira-en-v\u00e9lo-300x168.jpg\" alt=\"\" width=\"300\" height=\"168\" srcset=\"https:\/\/blog.causeur.fr\/antidote\/wp-content\/uploads\/sites\/9\/2016\/01\/taubira-en-v\u00e9lo-300x168.jpg 300w, https:\/\/blog.causeur.fr\/antidote\/wp-content\/uploads\/sites\/9\/2016\/01\/taubira-en-v\u00e9lo.jpg 960w\" sizes=\"auto, (max-width: 300px) 100vw, 300px\" \/><\/a>Christiane Taubira a donc continu\u00e9 \u00e0 parler. Et a d\u00fb \u00eatre contrainte de d\u00e9missionner. Manuel Valls aurait sans doute souhait\u00e9 son d\u00e9part d\u00e8s le 23 d\u00e9cembre dernier, comme il avait obtenu le scalp d\u2019Arnaud Montebourg fin ao\u00fbt 2014. Fran\u00e7ois Hollande tardait \u00e0 le lui offrir. Pourtant, la situation \u00e9tait intenable d\u00e8s ce jour o\u00f9 elle annon\u00e7a depuis l\u2019\u00e9tranger son opposition \u00e0 la proposition pr\u00e9sidentielle de constitutionnalisation de la d\u00e9ch\u00e9ance de nationalit\u00e9. Elle avait mang\u00e9 publiquement son chapeau et nous avait demand\u00e9 de circuler, pr\u00e9textant qu\u2019il n\u2019y avait rien \u00e0 voir. <!--more-->Puis elle a remis le couvert, sachant certainement que son destin \u00e9tait scell\u00e9. Peu importe en fait de savoir si Christiane Taubira a pr\u00e9f\u00e9r\u00e9 ne pas attendre le remaniement pr\u00e9vu en f\u00e9vrier afin de b\u00e9n\u00e9ficier d\u2019une s\u00e9quence m\u00e9diatique en majest\u00e9, ou si c\u2019est le Pr\u00e9sident qui a d\u00e9cid\u00e9 de faire un exemple politique public. Peut-\u00eatre d\u2019ailleurs les deux protagonistes se sont-ils mis d\u2019accord en ce d\u00e9but des discussions parlementaires sur la r\u00e9vision constitutionnelle\u00a0; voir la Garde des sceaux assister aux d\u00e9bats depuis le banc des ministres, ou ne pas venir dans l\u2019h\u00e9micycle, alors que d\u2019autres d\u00e9fendraient un texte que sa mission la conduisait \u00e0 porter, c\u2019\u00e9tait une situation politique intenable.<\/p>\n<p>En tout cas, Christiane Taubira est d\u00e9sormais dehors. Entrera-t-elle au Conseil constitutionnel le mois prochain\u00a0? C\u2019est bien possible. Notre camarade J\u00e9r\u00f4me Leroy lui indique dans ces colonnes un autre chemin. Il souhaite la voir f\u00e9d\u00e9rer la gauche de la gauche, inspirer un Syriza ou un Podemos \u00e0 la fran\u00e7aise qui \u2013 soyons fous \u2013 parviendra \u00e0 se hisser au second tour de la pr\u00e9sidentielle et \u00e0 battre Marine Le Pen. Passons sur les rapports de force politiques et la difficult\u00e9 de la gauche hors PS \u00e0 passer non seulement devant Fran\u00e7ois Hollande, mais aussi devant le candidat issu de la primaire de droite et concentrons-nous sur le premier obstacle\u00a0: Christiane Taubira est-elle <em>the right woman in the right place<\/em>\u00a0?<\/p>\n<p>Car s\u2019il doit y avoir un Syriza \u00e0 la fran\u00e7aise, s\u2019il doit y avoir un Tsipras fran\u00e7ais, ce sont les th\u00e8mes \u00e9conomiques qui doivent primer sur tous les autres. Et y a-t-il quelqu\u2019un dans ce pays capable de nous dire quelles sont les id\u00e9es \u00e9conomiques de Christiane Taubira\u00a0? On nous raconte qu\u2019elle \u00e9tait en osmose avec Arnaud Montebourg, Beno\u00eet Hamon, qu\u2019elle soutenait les frondeurs, mais a-t-elle jamais donn\u00e9 un avis sur les politiques d\u2019aust\u00e9rit\u00e9, alors qu\u2019elle a jug\u00e9 devoir se diff\u00e9rencier 18 mois plus tard sur la question de la d\u00e9ch\u00e9ance de nationalit\u00e9 qui touchera un nombre tr\u00e8s limit\u00e9 de personnes\u00a0? L\u2019ex-ministre de la Justice est au contraire symbolique du glissement de la gauche fran\u00e7aise du social vers le tout-soci\u00e9tal. En lisant le texte optimiste de J\u00e9r\u00f4me, j\u2019ai cru \u00e0 une faute de frappe. Il \u00e9crit\u00a0: \u00ab\u00a0Ce qu\u2019elle a <em>r\u00e9v\u00e9l\u00e9<\/em>, c\u2019est l\u2019existence d\u2019une France qui n\u2019avait toujours pas, au bout du compte, dig\u00e9r\u00e9 la R\u00e9volution Fran\u00e7aise, le Front Populaire, l\u2019\u00e9mancipation de la femme apr\u00e8s-guerre.\u00a0\u00bb J\u2019ai bien cru lire <em>\u00ab\u00a0r\u00e9veill\u00e9\u00a0\u00bb<\/em>, ce qui n\u2019aurait pas \u00e9t\u00e9 davantage infid\u00e8le \u00e0 la r\u00e9alit\u00e9, mais je suis sans doute un peu taquin. Revenons \u00e0 l\u2019\u00e9conomie. Christiane Taubira va-t-elle nous expliquer d\u00e8s demain qu\u2019il faut changer toute la politique \u00e9conomique du gouvernement\u00a0? Va-t-elle expliquer d\u00e8s demain, \u00e0 l\u2019instar d\u2019Arnaud Montebourg, qu\u2019il faut tenir un autre discours en direction de Berlin\u00a0? Va-t-elle combattre le TAFTA\u00a0? Va-t-elle regretter les orientations du Parquet concernant les ouvriers de Goodyear\u00a0? Si ce n\u2019est pas le cas, peu importe en fait qu\u2019elle n\u2019entre finalement pas au Conseil constitutionnel. Elle ne pourrait en aucun cas f\u00e9d\u00e9rer quoi que ce soit. Je reconnais qu\u2019il peut-\u00eatre injuste de lui reprocher son vote de l\u2019investiture d\u2019un Premier ministre symbolique de l\u2019orthodoxie \u00e9conomique de droite, Edouard Balladur, il y a 23 ans. Comme il peut aussi \u00eatre injuste de lui reprocher d\u2019avoir \u00e9t\u00e9 r\u00e9ellement lanc\u00e9e sur la sc\u00e8ne politique nationale par Bernard Tapie. Il n\u2019en reste pas moins que Christiane Taubira, si vraiment elle souhaite jouer un r\u00f4le \u00e0 la gauche de la gauche, devra tr\u00e8s rapidement affirmer ses convictions personnelles sur le plan \u00e9conomique.<\/p>\n<p>Admettez qu\u2019il serait plut\u00f4t cocasse de sa part de ne pas le faire, alors que ceux qui esp\u00e8rent en elle saluent depuis ce matin \u00ab\u00a0la femme de conviction\u00a0\u00bb\u2026<\/p>\n","protected":false},"excerpt":{"rendered":"<p>Elle n&rsquo;en a jamais exprim\u00e9e aucune &nbsp; Christiane Taubira a donc continu\u00e9 \u00e0 parler. Et a d\u00fb \u00eatre contrainte de d\u00e9missionner. Manuel Valls aurait sans doute souhait\u00e9 son d\u00e9part d\u00e8s le 23 d\u00e9cembre dernier, comme il avait obtenu le scalp d\u2019Arnaud Montebourg fin ao\u00fbt 2014. Fran\u00e7ois Hollande tardait \u00e0 le lui offrir. Pourtant, la situation [&hellip;]<\/p>\n","protected":false},"author":10,"featured_media":0,"comment_status":"open","ping_status":"open","sticky":false,"template":"","format":"standard","meta":{"footnotes":""},"categories":[5],"tags":[],"class_list":{"0":"post-3109","1":"post","2":"type-post","3":"status-publish","4":"format-standard","6":"category-sulfate"},"_links":{"self":[{"href":"https:\/\/blog.causeur.fr\/antidote\/wp-json\/wp\/v2\/posts\/3109","targetHints":{"allow":["GET"]}}],"collection":[{"href":"https:\/\/blog.causeur.fr\/antidote\/wp-json\/wp\/v2\/posts"}],"about":[{"href":"https:\/\/blog.causeur.fr\/antidote\/wp-json\/wp\/v2\/types\/post"}],"author":[{"embeddable":true,"href":"https:\/\/blog.causeur.fr\/antidote\/wp-json\/wp\/v2\/users\/10"}],"replies":[{"embeddable":true,"href":"https:\/\/blog.causeur.fr\/antidote\/wp-json\/wp\/v2\/comments?post=3109"}],"version-history":[{"count":0,"href":"https:\/\/blog.causeur.fr\/antidote\/wp-json\/wp\/v2\/posts\/3109\/revisions"}],"wp:attachment":[{"href":"https:\/\/blog.causeur.fr\/antidote\/wp-json\/wp\/v2\/media?parent=3109"}],"wp:term":[{"taxonomy":"category","embeddable":true,"href":"https:\/\/blog.causeur.fr\/antidote\/wp-json\/wp\/v2\/categories?post=3109"},{"taxonomy":"post_tag","embeddable":true,"href":"https:\/\/blog.causeur.fr\/antidote\/wp-json\/wp\/v2\/tags?post=3109"}],"curies":[{"name":"wp","href":"https:\/\/api.w.org\/{rel}","templated":true}]}}