{"id":3114,"date":"2016-02-11T14:00:56","date_gmt":"2016-02-11T14:00:56","guid":{"rendered":"http:\/\/blog.causeur.fr\/antidote\/?p=3114"},"modified":"2021-04-26T16:10:12","modified_gmt":"2021-04-26T14:10:12","slug":"euro-le-fn-na-pas-plie","status":"publish","type":"post","link":"https:\/\/blog.causeur.fr\/antidote\/euro-le-fn-na-pas-plie-3114","title":{"rendered":"Euro: le FN n\u2019a pas pli\u00e9"},"content":{"rendered":"<h5>\u00a0<span style=\"font-size: 1.5em\">Florian Philippot 1 \u2013 Alain Minc 0<\/span><\/h5>\n<p><a href=\"http:\/\/blog.causeur.fr\/antidote\/files\/2013\/06\/Philippot-150912.jpg\"><img loading=\"lazy\" decoding=\"async\" class=\"alignleft size-full wp-image-2738\" src=\"http:\/\/blog.causeur.fr\/antidote\/files\/2013\/06\/Philippot-150912.jpg\" alt=\"\" width=\"220\" height=\"146\" \/><\/a>Comme souvent, c\u2019est Alain Minc qui avait tent\u00e9 de donner le la. Il y a quelques mois, le th\u00e9oricien du \u00ab\u00a0cercle de la raison\u00a0\u00bb l\u2019avait d\u00e9cr\u00e9t\u00e9\u00a0: Marine Le Pen entrerait dans \u00ab\u00a0l\u2019arc r\u00e9publicain\u00a0\u00bb \u00e0 une condition et une seule. Qu\u2019elle abandonne la pr\u00e9f\u00e9rence nationale\u00a0? Non. Qu\u2019elle renonce \u00e0 supprimer le droit du sol\u00a0? Pas davantage. Qu\u2019elle ne r\u00e9tablisse pas la peine de mort\u00a0? Non plus. Ce qui, aux yeux du puissant pr\u00e9sident des autoroutes du Nord et de l\u2019Est de la France, pourrait rendre fr\u00e9quentable la candidate FN \u00e0 l\u2019\u00e9lection pr\u00e9sidentielle de 2017, c\u2019\u00e9tait d\u2019accepter la monnaie unique europ\u00e9enne.<!--more--><\/p>\n<p>Minc n\u2019\u00e9tait \u00e9videmment pas seul. Il y eut ceux qui, comme lui, voient dans la monnaie unique le tabou ultime, et son rejet le signe de l\u2019incomp\u00e9tence \u00e9conomique. Mais il y eut aussi ceux qui, apr\u00e8s les \u00e9lections r\u00e9gionales, d\u00e9cr\u00e9t\u00e8rent que le Front national avait atteint son plafond de verre en raison de ses positions \u00e9conomiques. Une fois n\u2019est pas coutume, c\u2019est Eric Zemmour qui rejoignait ainsi Alain Minc, expliquant que les seules marges de progression du FN \u00e9taient \u00e0 droite et seulement \u00e0 droite, et que la fin de l\u2019euro d\u00e9courageait les personnes \u00e2g\u00e9es. C\u2019\u00e9tait aussi l\u2019avis du maire de B\u00e9ziers Robert M\u00e9nard qui, de surcro\u00eet n\u2019a jamais vraiment \u00e9t\u00e9 oppos\u00e9 \u00e0 la monnaie unique contrairement \u00e0 Zemmour.<\/p>\n<p>De l\u2019ext\u00e9rieur, la remise en cause est aussi arriv\u00e9e \u00e0 l\u2019int\u00e9rieur du FN. S\u00e9duits autant par les promesses de Minc que par les analyses de Zemmour, certains cadres du FN souhait\u00e8rent d\u00e9battre de la ligne \u00e9conomique du parti et de ce qu\u2019on appelle commun\u00e9ment et d\u2019ailleurs assez maladroitement la \u00ab\u00a0sortie\u00a0\u00bb de l\u2019euro. Un s\u00e9minaire fut donc organis\u00e9 et on sentait bien que si d\u2019autres sujets devaient y \u00eatre trait\u00e9s (changement du sigle, politique en direction des PME), c\u2019est l\u2019attitude face \u00e0 l\u2019euro qui en serait l\u2019enjeu m\u00e9diatique principal. On ne pouvait exclure que ce s\u00e9minaire \u00e9tait aussi une mani\u00e8re de viser un homme, accus\u00e9 de \u00ab\u00a0gouroutiser\u00a0\u00bb la pr\u00e9sidente du FN sur la ligne du parti en g\u00e9n\u00e9ral et sur les th\u00e9matiques \u00e9conomiques en particulier. Florian Philippot est effectivement celui qui a \u00e9t\u00e9 engag\u00e9 pour formaliser le \u00ab\u00a0souverainisme int\u00e9gral\u00a0\u00bb souhait\u00e9 par Marine Le Pen. Son objectif est de rassembler la France du non, majoritaire il y a onze ans, faire de la pr\u00e9sidente du FN la candidate anti-mondialisation en combattant les trois fameuses libert\u00e9s de circulation\u00a0: celle des hommes, celle des marchandises et celle des capitaux. Nicolas Sarkozy combat seulement la premi\u00e8re. Le Front de gauche accepte seulement la premi\u00e8re. Voil\u00e0 pourquoi, selon Florian Philippot, la plus-value du FN se situe dans la coh\u00e9rence qu\u2019il y a \u00e0 les combattre ensemble.<\/p>\n<p>Les arguments selon lesquels le FN n\u2019aurait pris aucune r\u00e9gion \u00e0 cause de ses positions \u00e9conomiques r\u00e9sistent difficilement \u00e0 l\u2019examen, de m\u00eame que l\u2019id\u00e9e que des marges n\u2019existeraient aujourd\u2019hui qu\u2019\u00e0 droite. En effet, \u00e0 qui \u00e9taient oppos\u00e9es au second tour Marion et Marine Le Pen dans leurs r\u00e9gions respectives\u00a0? A des candidats LR. Ce n\u2019\u00e9tait donc pas de voix de droite dont elles avaient besoin mais d\u2019emp\u00eacher la mobilisation de la gauche contre elle. Croit-on s\u00e9rieusement que c\u2019est le sort de l\u2019euro qui a permis cette mobilisation\u00a0? Rien n\u2019est moins s\u00fbr.<\/p>\n<p>Davantage que les th\u00e8mes \u00e9conomiques, c\u2019est l\u2019incapacit\u00e9 des candidats FN \u00e0 se comporter en candidats rassembleurs, leur manque d\u2019humilit\u00e9 n\u00e9cessaire pour s\u00e9duire des \u00e9lecteurs qui n\u2019ont pas vot\u00e9 pour eux au premier tour, qui ont fait la diff\u00e9rence. L\u2019incapacit\u00e9 de se d\u00e9partir d\u2019une certaine agressivit\u00e9, qui donnait corps aux accusations de fauteurs de guerre civile lanc\u00e9es par Manuel Valls, a sans doute \u00e9t\u00e9 \u00e0 l\u2019origine de cet \u00e9chec du 13 d\u00e9cembre. Il semble d\u2019ailleurs que le message ait \u00e9t\u00e9 entendu au plus haut niveau du FN puisque la nouvelle affiche mettant en sc\u00e8ne Marine Le Pen a \u00e9t\u00e9 imprim\u00e9e avant le s\u00e9minaire avec ce slogan\u00a0:\u00a0<em>\u00ab\u00a0La France apais\u00e9e\u00a0\u00bb<\/em>.<\/p>\n<p>D\u00e8s la semaine derni\u00e8re, Florian Philippot pr\u00e9venait sur l\u2019antenne d\u2019iT\u00e9l\u00e9\u00a0: si le FN devait renoncer \u00e0 d\u00e9fendre la souverainet\u00e9 mon\u00e9taire, il n\u2019en serait plus. Le d\u00e9bat sur la ligne \u00e9conomique \u00e9tait clos avant d\u2019avoir d\u00e9but\u00e9. Marine Le Pen ne se s\u00e9parerait pas de son strat\u00e8ge. Pas seulement pour les r\u00e9sultats obtenus depuis cinq ans, mais surtout parce qu\u2019elle pense comme lui. Dimanche soir, le verdict tombait\u00a0: le FN demeurait euro-incompatible. Restait \u00e0 mieux l\u2019expliquer,\u00a0<em>\u00ab\u00a0dans un sens plus positif\u00a0\u00bb<\/em>\u00a0selon Florian Philippot. Alain Duhamel fulminait\u00a0:<em>\u00a0\u00ab\u00a0Marine Le Pen n\u2019a pas l\u2019\u00e9toffe d\u2019un chef d\u2019Etat\u00a0\u00bb<\/em>. Ah bon\u00a0? Si elle acceptait l\u2019euro, l\u2019\u00e9ditorialiste de RTL aurait clam\u00e9\u00a0:\u00a0<em>\u00ab\u00a0Marine Le Pen a d\u00e9sormais l\u2019\u00e9toffe d\u2019un chef d\u2019Etat\u00a0\u00bb<\/em>\u00a0? Avouez que cela aurait \u00e9t\u00e9 rock-and-roll.<\/p>\n<p>Reste n\u00e9anmoins un probl\u00e8me, qui n\u2019a jamais \u00e9t\u00e9 soulev\u00e9 par les protagonistes. Il n\u2019est pas ais\u00e9 de proc\u00e9der \u00e0 la dissolution de la zone euro en ayant pr\u00e9venu \u00e0 l\u2019avance. Ce genre d\u2019op\u00e9ration, afin qu\u2019elle se passe dans les meilleures conditions, r\u00e9clame de la discr\u00e9tion, n\u00e9cessite un effet de surprise. Mais Florian Philippot n\u2019en a cure. Pour lui, reculer sur l\u2019euro e\u00fbt \u00e9t\u00e9 un reniement, qui aurait pu instiller l\u2019id\u00e9e d\u2019autres reniements ult\u00e9rieurs, avec un effet d\u00e9vastateur dans les urnes. On peut ajouter une autre hypoth\u00e8se. Qui dit que le vice-pr\u00e9sident du FN ne pense pas que la zone euro s\u2019\u00e9croulera avant que le FN ne parvienne au pouvoir\u00a0? Comme l\u2019agonie de Schengen a permis au FN de gagner des \u00e9lecteurs suppl\u00e9mentaires, la fin de l\u2019euro subie et d\u00e9cid\u00e9e par ses adversaires le d\u00e9signerait comme celui qui l\u2019avait pr\u00e9vu, annonc\u00e9, demand\u00e9. Et lui ouvrirait \u00e0 coup s\u00fbr les portes du pouvoir. A l\u2019inverse, imaginez la t\u00eate de Marine Le Pen assistant au retour du franc apr\u00e8s y avoir elle-m\u00eame renonc\u00e9 sous la dict\u00e9e d\u2019Alain Minc et Jean-Michel Aphatie\u00a0? Avouez que c\u2019e\u00fbt \u00e9t\u00e9 ballot.<\/p>\n","protected":false},"excerpt":{"rendered":"<p>\u00a0Florian Philippot 1 \u2013 Alain Minc 0 Comme souvent, c\u2019est Alain Minc qui avait tent\u00e9 de donner le la. Il y a quelques mois, le th\u00e9oricien du \u00ab\u00a0cercle de la raison\u00a0\u00bb l\u2019avait d\u00e9cr\u00e9t\u00e9\u00a0: Marine Le Pen entrerait dans \u00ab\u00a0l\u2019arc r\u00e9publicain\u00a0\u00bb \u00e0 une condition et une seule. Qu\u2019elle abandonne la pr\u00e9f\u00e9rence nationale\u00a0? Non. Qu\u2019elle renonce \u00e0 [&hellip;]<\/p>\n","protected":false},"author":10,"featured_media":0,"comment_status":"open","ping_status":"open","sticky":false,"template":"","format":"standard","meta":{"footnotes":""},"categories":[4],"tags":[],"class_list":{"0":"post-3114","1":"post","2":"type-post","3":"status-publish","4":"format-standard","6":"category-oxygene"},"_links":{"self":[{"href":"https:\/\/blog.causeur.fr\/antidote\/wp-json\/wp\/v2\/posts\/3114","targetHints":{"allow":["GET"]}}],"collection":[{"href":"https:\/\/blog.causeur.fr\/antidote\/wp-json\/wp\/v2\/posts"}],"about":[{"href":"https:\/\/blog.causeur.fr\/antidote\/wp-json\/wp\/v2\/types\/post"}],"author":[{"embeddable":true,"href":"https:\/\/blog.causeur.fr\/antidote\/wp-json\/wp\/v2\/users\/10"}],"replies":[{"embeddable":true,"href":"https:\/\/blog.causeur.fr\/antidote\/wp-json\/wp\/v2\/comments?post=3114"}],"version-history":[{"count":0,"href":"https:\/\/blog.causeur.fr\/antidote\/wp-json\/wp\/v2\/posts\/3114\/revisions"}],"wp:attachment":[{"href":"https:\/\/blog.causeur.fr\/antidote\/wp-json\/wp\/v2\/media?parent=3114"}],"wp:term":[{"taxonomy":"category","embeddable":true,"href":"https:\/\/blog.causeur.fr\/antidote\/wp-json\/wp\/v2\/categories?post=3114"},{"taxonomy":"post_tag","embeddable":true,"href":"https:\/\/blog.causeur.fr\/antidote\/wp-json\/wp\/v2\/tags?post=3114"}],"curies":[{"name":"wp","href":"https:\/\/api.w.org\/{rel}","templated":true}]}}