{"id":3129,"date":"2016-03-17T05:00:31","date_gmt":"2016-03-17T05:00:31","guid":{"rendered":"http:\/\/blog.causeur.fr\/antidote\/?p=3129"},"modified":"2021-04-26T16:10:12","modified_gmt":"2021-04-26T14:10:12","slug":"macron-et-hollande-un-pas-de-deux-contre-valls","status":"publish","type":"post","link":"https:\/\/blog.causeur.fr\/antidote\/macron-et-hollande-un-pas-de-deux-contre-valls-3129","title":{"rendered":"Macron et Hollande: un pas de deux contre Valls?"},"content":{"rendered":"<h3>Danse de salon politique<\/h3>\n<p>&nbsp;<\/p>\n<p><em><a href=\"http:\/\/blog.causeur.fr\/antidote\/files\/2016\/03\/macron-hollande-valls.jpg\"><img loading=\"lazy\" decoding=\"async\" class=\"alignleft size-medium wp-image-3130\" src=\"http:\/\/blog.causeur.fr\/antidote\/files\/2016\/03\/macron-hollande-valls-300x168.jpg\" alt=\"\" width=\"300\" height=\"168\" srcset=\"https:\/\/blog.causeur.fr\/antidote\/wp-content\/uploads\/sites\/9\/2016\/03\/macron-hollande-valls-300x168.jpg 300w, https:\/\/blog.causeur.fr\/antidote\/wp-content\/uploads\/sites\/9\/2016\/03\/macron-hollande-valls.jpg 805w\" sizes=\"auto, (max-width: 300px) 100vw, 300px\" \/><\/a>\u00ab\u00a0Dans un syst\u00e8me \u00e0 trois puissances, il faut \u00eatre l\u2019une des deux\u00a0\u00bb<\/em>. Manuel Valls doit m\u00e9diter ces temps-ci la c\u00e9l\u00e8bre sentence attribu\u00e9e au chancelier Bismarck. Pendant qu\u2019il est sur tous les fronts \u2014 r\u00e9vision constitutionnelle, loi travail \u2014 et qu\u2019il se disperse de surcro\u00eet sur des questions dont il pourrait se passer \u2014 s\u00e9lection de Benzema en \u00e9quipe de France, conseils plus ou moins amicaux au Primat des Gaules, Philippe Barbarin \u2014 un axe Hollande-Macron semble bien se dresser face \u00e0 lui.<\/p>\n<p>Ce mercredi sur Europe 1, Emmanuel Macron expliquait combien la candidature la plus l\u00e9gitime pour 2017 demeurait celle du\u00a0<em>\u00ab\u00a0pr\u00e9sident en place\u00a0\u00bb<\/em>\u00a0; il affirmait sa loyaut\u00e9 envers celui sans\u00a0<em>lequel \u00ab\u00a0il ne serait pas l\u00e0\u00a0\u00bb<\/em>. Dans le m\u00eame temps \u2014 est-ce une co\u00efncidence\u00a0? \u2014<a href=\"http:\/\/www.lemonde.fr\/decryptages\/article\/2016\/03\/16\/hollande-2017-a-tout-prix_4883862_1668393.html\" target=\"_blank\" rel=\"noopener\">l\u2019extrait d\u2019un livre \u00e9crit par Charlotte Chaffanjon et Bastien Bonnefous<\/a>\u00a0filtrait tr\u00e8s opportun\u00e9ment\u00a0: Fran\u00e7ois Hollande y explique que\u00a0<em>\u00ab\u00a0Manuel Valls pourrait \u00eatre parfaitement candidat<\/em>\u00a0[si lui-m\u00eame ne l\u2019\u00e9tait]\u00a0<em>pas\u00a0; il serait d\u2019ailleurs m\u00eame le plus l\u00e9gitime\u00a0\u00bb<\/em>, avant de nuancer aussit\u00f4t :\u00a0<em>\u00ab\u00a0Mais il ne serait pas forc\u00e9ment le mieux adapt\u00e9 \u00e0 la situation<\/em>\u00a0<em>\u00bb<\/em>.<!--more--><\/p>\n<p>A la place du Premier ministre, nous nous laisserions sans doute aller \u00e0 quelques acc\u00e8s de parano\u00efa sur la co\u00efncidence temporelle de l\u2019intervention du ministre de l\u2019Economie et la r\u00e9v\u00e9lation de cette d\u00e9claration pr\u00e9sidentielle.\u00a0<a href=\"https:\/\/twitter.com\/franceinfo\/status\/707098755573518337\" target=\"_blank\" rel=\"noopener\">Les fameux\u00a0<em>\u00ab\u00a0bruits de chiottes\u00a0\u00bb<\/em><\/a>\u00a0d\u00e9nonc\u00e9s par Najat Vallaud-Belkacem, concernant la tentation de d\u00e9mission de Manuel Valls auraient sans doute quelques raisons politiques. Fran\u00e7ois Hollande joue avec son Premier ministre, tentant plus ou moins maladroitement d\u2019imiter Fran\u00e7ois Mitterrand avec Michel Rocard. Et l\u2019on comprend que Valls soit tent\u00e9 d\u2019envoyer tout valser, d\u00e9cidant de jouer sa propre carte quitte \u00e0 consid\u00e9rer que 2017 est d\u2019ores et d\u00e9j\u00e0 perdu, concentrant toute son \u00e9nergie sur 2022.<\/p>\n<p>On nous a expliqu\u00e9 il y a quelques semaines que Manuel Valls avait obtenu du pr\u00e9sident qu\u2019Emmanuel Macron soit puni de sa conception quasi-taubiresque de la libert\u00e9 de parole minist\u00e9rielle\u00a0: c\u2019est Myriam El Khomri qui avait \u00e9t\u00e9 choisie pour d\u00e9fendre la fameuse nouvelle loi de lib\u00e9ralisation qu\u2019on avait alors baptis\u00e9e \u00ab\u00a0loi travail\u00a0\u00bb. Macron mis sur la touche, c\u2019est donc le duo Valls-El Khomri qui assume publiquement le projet et qui prend tous les coups. Pendant ce temps, Emmanuel Macron consulte intellectuels, artistes et le fait savoir. Il fait la une de magazines\u00a0<em>mainstream<\/em>\u00a0qui lui ajoutent, \u00e0 grand renfort de Photoshop, le pr\u00e9sidentiel grand collier de la L\u00e9gion d\u2019honneur.<\/p>\n<p>Et si Fran\u00e7ois Hollande avait conclu un pacte \u2014 explicite ou implicite \u2014 avec son ministre de l\u2019Economie sur le dos de l\u2019h\u00f4te de Matignon\u00a0? Faisant souffler alternativement chaud et froid sur la question de la primaire \u00e0 gauche, \u00e0 laquelle il pourrait ou non participer, le pr\u00e9sident tente de gagner du temps, afin de pouvoir s\u2019imposer \u00e0 tous\u2026 ou imposer celui qu\u2019il aura souhait\u00e9. Cet \u00e9ventuel suppl\u00e9ant de derni\u00e8re minute qui pourrait alors remporter une primaire organis\u00e9e \u00e0 la h\u00e2te, cela pourrait \u00eatre Emmanuel Macron.<\/p>\n<p>Alors que le pr\u00e9sident r\u00eave toujours d\u2019une candidature Sarkozy \u00e0 droite, face auquel il pense avoir des chances r\u00e9elles (du fait de la candidature in\u00e9vitable de Fran\u00e7ois Bayrou), il doute certainement de sa capacit\u00e9 \u00e0 vaincre Alain Jupp\u00e9. Face au maire de Bordeaux, un candidat jeune dynamique et qui aurait peu ou prou les m\u00eames id\u00e9es aurait de bien meilleures chances de mordre sur l\u2019\u00e9lectorat mod\u00e9r\u00e9. Le second strapontin du second tour \u2014 une telle configuration offrant \u00e9videmment le premier \u00e0 Marine Le Pen \u2014 pourrait bien alors \u00e9chapper au chantre de l\u2019identit\u00e9 heureuse.<\/p>\n<p>On ne peut exclure que Hollande et Macron aient pu s\u2019entendre sur l\u2019opportunit\u00e9 d\u2019attendre de conna\u00eetre le vainqueur de la primaire \u00e0 droite pour prendre cette d\u00e9cision. Jupp\u00e9 d\u00e9sign\u00e9, Macron pourrait affronter un repr\u00e9sentant de l\u2019aile frondeuse du PS comme Arnaud Montebourg. Face \u00e0 ce dernier, il pourrait m\u00eame obtenir le soutien de Martine Aubry et gagner dans un fauteuil.<\/p>\n<p>On comprend alors la nervosit\u00e9 de Manuel Valls. On comprend ses maladresses et sa volont\u00e9 d\u2019exister. Coinc\u00e9 entre le marteau Macron et l\u2019enclume Hollande, il a en effet toutes les raisons de vouloir s\u2019en extirper. Et n&rsquo;en d\u00e9plaise \u00e0 Najat Vallaud-Belkacem, ceci n\u2019est pas le fruit de rumeurs, mais bien d\u2019une analyse froide de la situation de Manuel Valls.<\/p>\n","protected":false},"excerpt":{"rendered":"<p>Danse de salon politique &nbsp; \u00ab\u00a0Dans un syst\u00e8me \u00e0 trois puissances, il faut \u00eatre l\u2019une des deux\u00a0\u00bb. Manuel Valls doit m\u00e9diter ces temps-ci la c\u00e9l\u00e8bre sentence attribu\u00e9e au chancelier Bismarck. Pendant qu\u2019il est sur tous les fronts \u2014 r\u00e9vision constitutionnelle, loi travail \u2014 et qu\u2019il se disperse de surcro\u00eet sur des questions dont il pourrait [&hellip;]<\/p>\n","protected":false},"author":10,"featured_media":0,"comment_status":"open","ping_status":"open","sticky":false,"template":"","format":"standard","meta":{"footnotes":""},"categories":[5],"tags":[],"class_list":{"0":"post-3129","1":"post","2":"type-post","3":"status-publish","4":"format-standard","6":"category-sulfate"},"_links":{"self":[{"href":"https:\/\/blog.causeur.fr\/antidote\/wp-json\/wp\/v2\/posts\/3129","targetHints":{"allow":["GET"]}}],"collection":[{"href":"https:\/\/blog.causeur.fr\/antidote\/wp-json\/wp\/v2\/posts"}],"about":[{"href":"https:\/\/blog.causeur.fr\/antidote\/wp-json\/wp\/v2\/types\/post"}],"author":[{"embeddable":true,"href":"https:\/\/blog.causeur.fr\/antidote\/wp-json\/wp\/v2\/users\/10"}],"replies":[{"embeddable":true,"href":"https:\/\/blog.causeur.fr\/antidote\/wp-json\/wp\/v2\/comments?post=3129"}],"version-history":[{"count":0,"href":"https:\/\/blog.causeur.fr\/antidote\/wp-json\/wp\/v2\/posts\/3129\/revisions"}],"wp:attachment":[{"href":"https:\/\/blog.causeur.fr\/antidote\/wp-json\/wp\/v2\/media?parent=3129"}],"wp:term":[{"taxonomy":"category","embeddable":true,"href":"https:\/\/blog.causeur.fr\/antidote\/wp-json\/wp\/v2\/categories?post=3129"},{"taxonomy":"post_tag","embeddable":true,"href":"https:\/\/blog.causeur.fr\/antidote\/wp-json\/wp\/v2\/tags?post=3129"}],"curies":[{"name":"wp","href":"https:\/\/api.w.org\/{rel}","templated":true}]}}