{"id":3174,"date":"2016-06-30T06:00:04","date_gmt":"2016-06-30T04:00:04","guid":{"rendered":"http:\/\/blog.causeur.fr\/antidote\/?p=3174"},"modified":"2021-04-26T16:10:12","modified_gmt":"2021-04-26T14:10:12","slug":"brexit-le-paysage-politique-secoue","status":"publish","type":"post","link":"https:\/\/blog.causeur.fr\/antidote\/brexit-le-paysage-politique-secoue-3174","title":{"rendered":"Brexit: le paysage politique secou\u00e9"},"content":{"rendered":"<h3>Des cons\u00e9quences du Brexit sur notre pr\u00e9sidentielle<\/h3>\n<p><a href=\"http:\/\/blog.causeur.fr\/antidote\/files\/2016\/06\/brexit-jigsaw.jpg\"><img loading=\"lazy\" decoding=\"async\" class=\"alignleft size-medium wp-image-3175\" src=\"http:\/\/blog.causeur.fr\/antidote\/files\/2016\/06\/brexit-jigsaw-300x240.jpg\" alt=\"\" width=\"300\" height=\"240\" srcset=\"https:\/\/blog.causeur.fr\/antidote\/wp-content\/uploads\/sites\/9\/2016\/06\/brexit-jigsaw-300x240.jpg 300w, https:\/\/blog.causeur.fr\/antidote\/wp-content\/uploads\/sites\/9\/2016\/06\/brexit-jigsaw-375x300.jpg 375w, https:\/\/blog.causeur.fr\/antidote\/wp-content\/uploads\/sites\/9\/2016\/06\/brexit-jigsaw.jpg 1000w\" sizes=\"auto, (max-width: 300px) 100vw, 300px\" \/><\/a>Quelles seront les cons\u00e9quences\u00a0du Brexit sur notre vie politique ? Comme on pouvait s\u2019y attendre, le FN compte tirer tous les b\u00e9n\u00e9fices de la sortie du Royaume-Uni. Marine Le Pen r\u00e9clame d\u00e9j\u00e0 le m\u00eame r\u00e9f\u00e9rendum pour notre pays. R\u00e9f\u00e9rendum\u00a0! Du c\u00f4t\u00e9 de LR comme du PS, mais aussi chez Bayrou, M\u00e9lenchon ou Dupont-Aignan, on ne suit pas la candidate frontiste sur le m\u00eame terrain. <!--more-->Au PS comme chez Alain Jupp\u00e9, c\u2019est la d\u00e9mocratie directe elle-m\u00eame qui n\u2019est pas en odeur de saintet\u00e9. En revanche, les autres s\u2019accordent sur la n\u00e9cessit\u00e9 d\u2019une consultation populaire \u00e0 l\u2019occasion d\u2019un nouveau trait\u00e9, \u00e9tant entendu que tous n\u2019ont pas la m\u00eame id\u00e9e sur le contenu de ce dernier.<\/p>\n<p>Chez Les R\u00e9publicains, on s\u2019est mis d\u2019accord sur un texte minimal, \u00e9vitant tous les sujets qui f\u00e2chent. Nicolas Sarkozy a toujours fustig\u00e9 l\u2019id\u00e9e des r\u00e9f\u00e9rendums sur l\u2019Europe.Conscient qu\u2019il ne peut d\u00e9sormais concurrencer Alain Jupp\u00e9 que sur une th\u00e9matique \u00ab\u00a0peuple versus \u00e9lites\u00a0\u00bb, a-t-il vraiment d\u2019autre choix\u00a0? Sarkozy a m\u00eame laiss\u00e9 ses lieutenants Laurent Wauquiez et Guillaume Larriv\u00e9 proposer la suppression de la Commission europ\u00e9enne. Mais quant \u00e0 le faire lui-m\u00eame, il y a une marge. Comme si la construction europ\u00e9enne demeurait le tabou des tabous sarkozystes.<\/p>\n<p>Son concurrent \u00e0 la primaire LR Bruno Le Maire est devenu un v\u00e9ritable d\u00e9fenseur du r\u00e9f\u00e9rendum et il regrette d\u00e9sormais publiquement d\u2019avoir vot\u00e9 le trait\u00e9 de Lisbonne, estimant avoir d\u00e9poss\u00e9d\u00e9 les Fran\u00e7ais de leur d\u00e9cision de 2005. Ce n\u2019est pas pour autant que l\u2019ancien ministre de l\u2019Agriculture est devenu souverainiste. On avait pu en juger directement\u00a0<a href=\"http:\/\/www.causeur.fr\/bruno-le-maire-candidat-primaire-republicains-36921.html\">\u00e0 Vesoul<\/a>il y a quelques semaines. On ne le r\u00e9p\u00e9tera jamais assez\u00a0: la\u00a0<a href=\"http:\/\/www.causeur.fr\/lr-guaino-gaullisme-juppe-sarkozy-38743.html\">candidature d\u2019Henri Guaino<\/a>\u00a0est v\u00e9ritablement la seule qui permettra un d\u00e9bat riche sur le sujet europ\u00e9en, tant les propositions de Sarkozy, Fillon, Jupp\u00e9, Cop\u00e9 et Le Maire ne se diff\u00e9rencient qu\u2019\u00e0 la marge.<\/p>\n<p>Du c\u00f4t\u00e9 du PS, c\u2019est Arnaud Montebourg qui a pris date. Profitant \u00e0 la fois de l\u2019annonce de la primaire et du Brexit, il a accord\u00e9 un long entretien au Monde o\u00f9 il a pu d\u2019une part formuler ses exigences en terme d\u2019organisation de la comp\u00e9tition qui devrait l\u2019opposer \u00e0 Fran\u00e7ois Hollande (nombre de bureaux de vote et conditions de candidatures \u00e9quivalentes \u00e0 la primaire de 2011), et d\u2019autre part accentuer son tropisme eurocritique. Sa proposition de transformer la Commission en simple secr\u00e9tariat au service du Conseil europ\u00e9en se rapproche de la proposition du duo Wauquiez-Larriv\u00e9. Quant \u00e0 son id\u00e9e de d\u00e9l\u00e9guer une partie de la cr\u00e9ation mon\u00e9taire aux banques centrales nationales, elle ne pourrait aboutir qu\u2019\u00e0 une confrontation avec l\u2019Allemagne et \u00e9ventuellement au d\u00e9montage de la monnaie unique. Manuel Valls et Emmanuel Macron se sont montr\u00e9s un peu moins euro-enthousiastes que Fran\u00e7ois Hollande imitant Le Maire et Sarkozy \u00e0 droite, mais il ne s\u2019agit encore ici que d\u2019un vernis. C\u2019est donc entre Fran\u00e7ois Hollande (Valls ou Macron, si le pr\u00e9sident renonce \u00e0 se pr\u00e9senter) et Montebourg que pourrait avoir lieu le d\u00e9bat n\u00e9cessaire sur l\u2019Europe, dont l\u2019absence de Guaino de l\u2019autre c\u00f4t\u00e9 nous priverait.<\/p>\n<p>L\u2019id\u00e9al, \u00e9videmment, serait que le d\u00e9bat ait lieu \u00e0 l\u2019int\u00e9rieur des deux primaires. Mais on va nous accuser d\u2019\u00eatre trop gourmand\u2026<\/p>\n","protected":false},"excerpt":{"rendered":"<p>Des cons\u00e9quences du Brexit sur notre pr\u00e9sidentielle Quelles seront les cons\u00e9quences\u00a0du Brexit sur notre vie politique ? Comme on pouvait s\u2019y attendre, le FN compte tirer tous les b\u00e9n\u00e9fices de la sortie du Royaume-Uni. Marine Le Pen r\u00e9clame d\u00e9j\u00e0 le m\u00eame r\u00e9f\u00e9rendum pour notre pays. R\u00e9f\u00e9rendum\u00a0! Du c\u00f4t\u00e9 de LR comme du PS, mais aussi [&hellip;]<\/p>\n","protected":false},"author":10,"featured_media":0,"comment_status":"open","ping_status":"open","sticky":false,"template":"","format":"standard","meta":{"footnotes":""},"categories":[4],"tags":[],"class_list":{"0":"post-3174","1":"post","2":"type-post","3":"status-publish","4":"format-standard","6":"category-oxygene"},"_links":{"self":[{"href":"https:\/\/blog.causeur.fr\/antidote\/wp-json\/wp\/v2\/posts\/3174","targetHints":{"allow":["GET"]}}],"collection":[{"href":"https:\/\/blog.causeur.fr\/antidote\/wp-json\/wp\/v2\/posts"}],"about":[{"href":"https:\/\/blog.causeur.fr\/antidote\/wp-json\/wp\/v2\/types\/post"}],"author":[{"embeddable":true,"href":"https:\/\/blog.causeur.fr\/antidote\/wp-json\/wp\/v2\/users\/10"}],"replies":[{"embeddable":true,"href":"https:\/\/blog.causeur.fr\/antidote\/wp-json\/wp\/v2\/comments?post=3174"}],"version-history":[{"count":0,"href":"https:\/\/blog.causeur.fr\/antidote\/wp-json\/wp\/v2\/posts\/3174\/revisions"}],"wp:attachment":[{"href":"https:\/\/blog.causeur.fr\/antidote\/wp-json\/wp\/v2\/media?parent=3174"}],"wp:term":[{"taxonomy":"category","embeddable":true,"href":"https:\/\/blog.causeur.fr\/antidote\/wp-json\/wp\/v2\/categories?post=3174"},{"taxonomy":"post_tag","embeddable":true,"href":"https:\/\/blog.causeur.fr\/antidote\/wp-json\/wp\/v2\/tags?post=3174"}],"curies":[{"name":"wp","href":"https:\/\/api.w.org\/{rel}","templated":true}]}}