{"id":3213,"date":"2016-10-09T17:06:22","date_gmt":"2016-10-09T15:06:22","guid":{"rendered":"http:\/\/blog.causeur.fr\/antidote\/?p=3213"},"modified":"2021-04-26T16:10:11","modified_gmt":"2021-04-26T14:10:11","slug":"sarkozy-buisson-et-les-referendums","status":"publish","type":"post","link":"https:\/\/blog.causeur.fr\/antidote\/sarkozy-buisson-et-les-referendums-3213","title":{"rendered":"Sarkozy, Buisson, et les r\u00e9f\u00e9rendums"},"content":{"rendered":"<h3>L\u2019ex-pr\u00e9sident ne craint pas le comique de r\u00e9p\u00e9tition<\/h3>\n<p>&nbsp;<\/p>\n<p><a href=\"http:\/\/blog.causeur.fr\/antidote\/files\/2016\/10\/sarkozy-buisson.jpg\"><img loading=\"lazy\" decoding=\"async\" class=\"alignleft size-medium wp-image-3214\" src=\"http:\/\/blog.causeur.fr\/antidote\/files\/2016\/10\/sarkozy-buisson-300x192.jpg\" alt=\"\" width=\"300\" height=\"192\" srcset=\"https:\/\/blog.causeur.fr\/antidote\/wp-content\/uploads\/sites\/9\/2016\/10\/sarkozy-buisson-300x192.jpg 300w, https:\/\/blog.causeur.fr\/antidote\/wp-content\/uploads\/sites\/9\/2016\/10\/sarkozy-buisson-468x300.jpg 468w, https:\/\/blog.causeur.fr\/antidote\/wp-content\/uploads\/sites\/9\/2016\/10\/sarkozy-buisson.jpg 1000w\" sizes=\"auto, (max-width: 300px) 100vw, 300px\" \/><\/a>Les hasards chronologiques sont parfois malicieux. Quelques heures apr\u00e8s l\u2019annonce par Nicolas Sarkozy, au JT de France 2,\u00a0 qu\u2019il avait l\u2019intention d\u2019organiser deux r\u00e9f\u00e9rendums le jour du deuxi\u00e8me tour des l\u00e9gislatives, s\u2019il redevenait pr\u00e9sident, je lisais le chapitre XIII de\u00a0 <em>La cause du peuple<\/em>, \u00e9crit par son ancien conseiller Patrick Buisson[1. Editions Perrin, octobre 2016] Et de r\u00e9f\u00e9rendums, il en est question, justement dans ce chapitre intitul\u00e9 \u00ab\u00a0la batailles des fronti\u00e8res\u00a0\u00bb.<\/p>\n<div id=\"ligne\"><\/div>\n<p>Autorisons-nous d\u2019abord une parenth\u00e8se. L\u2019ouvrage de Patrick Buisson est bien autre chose que ce qu\u2019on en a dit.<!--more--> A sa sortie, il a \u00e9t\u00e9 d\u00e9peint comme un catalogue de petites phrases de vengeance \u00e0 l\u2019\u00e9gard de celui qu\u2019il avait conseill\u00e9 pendant sept ans. Nous ne pouvons nier que la date de sortie de l\u2019ouvrage n\u2019a pas \u00e9t\u00e9 choisie au hasard et que les diverses sorties m\u00e9diatiques de son auteur constituaient autant d\u2019occasions pour assouvir un d\u00e9sir de revanche. Mais, contrairement \u00e0 ce qui a pu \u00eatre dit ici ou l\u00e0, le livre en lui-m\u00eame n\u2019est absolument pas comparable \u00e0 celui de Val\u00e9rie Trierweiller. Cet ouvrage est d\u2019abord un essai id\u00e9ologique qui vient enfin d\u00e9s\u00e9paissir le myst\u00e8re qui r\u00e9gnait autour de la pens\u00e9e de son auteur. Buisson, on en parlait, on le faisait parler, on \u00e9crivait m\u00eame des ouvrages \u00e0 son sujet mais il manquait \u00e0 l\u2019\u00e9vidence que l\u2019int\u00e9ress\u00e9 lui-m\u00eame se r\u00e9solve \u00e0 sacrifier \u00e0 l\u2019exercice. Seuls nos confr\u00e8res, le regrett\u00e9 Philippe Cohen et Laureline Dupont avaient jusque-l\u00e0 permis \u00e0 l\u2019ex-conseiller de s\u2019exprimer longuement dans un <a href=\"http:\/\/www.causeur.fr\/sarkozy-buisson-plan-29769.html\">ouvrage<\/a>[2. <em>C\u2019\u00e9tait pas le plan<\/em>, Fayard, 2014]. Avec ces 450 cinquante pages, \u00e0 travers le r\u00e9cit des ann\u00e9es au cours desquelles Patrick Buisson a cotoy\u00e9 le pouvoir, on conna\u00eet r\u00e9ellement et pr\u00e9cis\u00e9ment ses id\u00e9es, dans toute leur complexit\u00e9. On comprend compl\u00e8tement de quel bois est fabriqu\u00e9e la fameuse \u00ab\u00a0ligne Buisson\u00a0\u00bb.<\/p>\n<p>Dans ce treizi\u00e8me chapitre, il est d\u2019abord question du fameux discours de Grenoble du 30 juillet 2010. Et on apprend que, contrairement \u00e0 la l\u00e9gende persistante, Patrick Buisson n\u2019en fut pas l\u2019initiateur. Non seulement, il ne l\u2019\u00e9tait pas, mais il a pr\u00e9venu \u00e0 plusieurs reprises Nicolas Sarkozy qu\u2019il s\u2019agirait d\u2019une faute politique, lui expliquant que le terrain de la d\u00e9ch\u00e9ance de nationalit\u00e9 \u00e9tait pi\u00e9geur, ce que Fran\u00e7ois Hollande a d\u2019ailleurs pu constater aussi quelques ann\u00e9es plus tard. En r\u00e9alit\u00e9, le conseiller imaginait tout autre chose que ce discours. Il souhaitait que le pr\u00e9sident convoque un r\u00e9f\u00e9rendum, qui aurait pu \u00eatre l\u2019occasion d\u2019approuver \u00ab\u00a0quatre ou cinq projets de loi qui [auraient port\u00e9] sur le regroupement familial, les crit\u00e8res d\u2019attribution des prestations sociales non contributives[\u2026], les conditions d\u2019attribution du droit d\u2019asile et les conditions d\u2019acc\u00e8s \u00e0 la nationalit\u00e9\u00a0\u00bb. \u00ab\u00a0La reconqu\u00eate de la ma\u00eetrise de notre politique migratoire, ajoutait Buisson dans une note adress\u00e9e au pr\u00e9sident, ne serait pas compl\u00e8te sans une refonte totale des accords de Schengen[\u2026] Ce point [devait] \u00eatre d\u2019autant plus inclus dans le r\u00e9f\u00e9rendum qu\u2019il fournirait aux Fran\u00e7ais et singuli\u00e8rement \u00e0 la France du \u00ab\u00a0non\u00a0\u00bb de 2005, avec laquelle nous avons perdu le contact, l\u2019occasion de r\u00e9instaurer avec \u00e9clat le primat de la souverainet\u00e9 nationale sur les directives communautaires et les conventions europ\u00e9ennes et internationales[\u2026]\u00a0\u00bb. Nous pourrions ajouter nous-m\u00eames que ce contact avait \u00e9t\u00e9 principalement rompu par la volont\u00e9 de Nicolas Sarkozy d\u2019annuler le \u00ab\u00a0non\u00a0\u00bb des Fran\u00e7ais au r\u00e9f\u00e9rendum pr\u00e9c\u00e9dent, en faisant voter une p\u00e2le copie du TCE par le Congr\u00e8s en f\u00e9vrier 2008. Nous le savons, Nicolas Sarkozy n\u2019a pas convoqu\u00e9 le r\u00e9f\u00e9rendum conseill\u00e9 par Patrick Buisson. Comme le r\u00e9p\u00e8tent \u00e0 raison ses adversaires depuis vendredi soir, il n\u2019en a m\u00eame organis\u00e9 aucun pendant son mandat et il a souvent eu des mots s\u00e9v\u00e8res sur le recours \u00e0 la d\u00e9mocratie directe. Dans la derni\u00e8re ligne droite de l\u2019\u00e9lection pr\u00e9sidentielle de 2012, il finit par promettre des r\u00e9f\u00e9rendums du type de celui conseill\u00e9 dix-huit mois auparavant par Buisson. On ne sait si c\u2019est ce qui lui a permis d\u2019\u00eatre battu beaucoup moins s\u00e9v\u00e8rement que pr\u00e9vu par Fran\u00e7ois Hollande.<\/p>\n<p>C\u2019est semble-t-il ce que pense Nicolas Sarkozy qui les a ressortis de son chapeau vendredi soir. On conna\u00eet la fameuse phrase de Marx sur l\u2019histoire qui se r\u00e9p\u00e8te, la premi\u00e8re fois en trag\u00e9die, la seconde en farce. C\u2019est ainsi que la proposition de ces deux r\u00e9f\u00e9rendums, de la part de quelqu\u2019un qui a prouv\u00e9 qu\u2019il d\u00e9testait en r\u00e9alit\u00e9 la d\u00e9mocratie directe, appara\u00eet en fait pour ce qu\u2019elle est\u00a0: du comique de r\u00e9p\u00e9tition.<\/p>\n","protected":false},"excerpt":{"rendered":"<p>L\u2019ex-pr\u00e9sident ne craint pas le comique de r\u00e9p\u00e9tition &nbsp; Les hasards chronologiques sont parfois malicieux. Quelques heures apr\u00e8s l\u2019annonce par Nicolas Sarkozy, au JT de France 2,\u00a0 qu\u2019il avait l\u2019intention d\u2019organiser deux r\u00e9f\u00e9rendums le jour du deuxi\u00e8me tour des l\u00e9gislatives, s\u2019il redevenait pr\u00e9sident, je lisais le chapitre XIII de\u00a0 La cause du peuple, \u00e9crit par [&hellip;]<\/p>\n","protected":false},"author":10,"featured_media":0,"comment_status":"open","ping_status":"open","sticky":false,"template":"","format":"standard","meta":{"footnotes":""},"categories":[5],"tags":[],"class_list":{"0":"post-3213","1":"post","2":"type-post","3":"status-publish","4":"format-standard","6":"category-sulfate"},"_links":{"self":[{"href":"https:\/\/blog.causeur.fr\/antidote\/wp-json\/wp\/v2\/posts\/3213","targetHints":{"allow":["GET"]}}],"collection":[{"href":"https:\/\/blog.causeur.fr\/antidote\/wp-json\/wp\/v2\/posts"}],"about":[{"href":"https:\/\/blog.causeur.fr\/antidote\/wp-json\/wp\/v2\/types\/post"}],"author":[{"embeddable":true,"href":"https:\/\/blog.causeur.fr\/antidote\/wp-json\/wp\/v2\/users\/10"}],"replies":[{"embeddable":true,"href":"https:\/\/blog.causeur.fr\/antidote\/wp-json\/wp\/v2\/comments?post=3213"}],"version-history":[{"count":0,"href":"https:\/\/blog.causeur.fr\/antidote\/wp-json\/wp\/v2\/posts\/3213\/revisions"}],"wp:attachment":[{"href":"https:\/\/blog.causeur.fr\/antidote\/wp-json\/wp\/v2\/media?parent=3213"}],"wp:term":[{"taxonomy":"category","embeddable":true,"href":"https:\/\/blog.causeur.fr\/antidote\/wp-json\/wp\/v2\/categories?post=3213"},{"taxonomy":"post_tag","embeddable":true,"href":"https:\/\/blog.causeur.fr\/antidote\/wp-json\/wp\/v2\/tags?post=3213"}],"curies":[{"name":"wp","href":"https:\/\/api.w.org\/{rel}","templated":true}]}}