{"id":3216,"date":"2016-10-20T14:59:07","date_gmt":"2016-10-20T12:59:07","guid":{"rendered":"http:\/\/blog.causeur.fr\/antidote\/?p=3216"},"modified":"2021-04-26T16:10:11","modified_gmt":"2021-04-26T14:10:11","slug":"fillon-y-croit-encore","status":"publish","type":"post","link":"https:\/\/blog.causeur.fr\/antidote\/fillon-y-croit-encore-3216","title":{"rendered":"Fillon y croit encore !"},"content":{"rendered":"<h3>Elys\u00e9e ou centre de d\u00e9-radicalisation lib\u00e9rale\u00a0?<\/h3>\n<p>&nbsp;<\/p>\n<p><a href=\"http:\/\/blog.causeur.fr\/antidote\/files\/2016\/10\/fillodole2.jpg\"><img loading=\"lazy\" decoding=\"async\" class=\"alignleft size-medium wp-image-3217\" src=\"http:\/\/blog.causeur.fr\/antidote\/files\/2016\/10\/fillodole2-168x300.jpg\" alt=\"\" width=\"168\" height=\"300\" srcset=\"https:\/\/blog.causeur.fr\/antidote\/wp-content\/uploads\/sites\/9\/2016\/10\/fillodole2-168x300.jpg 168w, https:\/\/blog.causeur.fr\/antidote\/wp-content\/uploads\/sites\/9\/2016\/10\/fillodole2.jpg 540w\" sizes=\"auto, (max-width: 168px) 100vw, 168px\" \/><\/a><\/p>\n<p>Dole est devenue une habitude pour Fran\u00e7ois Fillon. Le 18 mars,<a href=\"http:\/\/www.causeur.fr\/francois-fillon-primaire-republicains-sarkozy-juppe-37346.html\"> il \u00e9tait d\u00e9j\u00e0 de passage dans la cit\u00e9 natale de Louis Pasteur.<\/a> Mercredi soir, il avait d\u00e9cid\u00e9 d\u2019y revenir pour y organiser son dernier meeting dans la nouvelle r\u00e9gion Bourgogne-Franche-Comt\u00e9. Il est vrai que le Jura y est particuli\u00e8rement fertile en \u00e9lus fillonistes, parmi lesquels le d\u00e9put\u00e9-maire Jean-Marie Sermier, le s\u00e9nateur Gilbert Barbier ou le conseiller r\u00e9gional Jean-Philippe Lef\u00e8vre, r\u00e9f\u00e9rent de l\u2019ex-premier ministre en terre jurassienne.<\/p>\n<p>&nbsp;<\/p>\n<p>Fillon croit encore cr\u00e9er la surprise. Il d\u00e9daigne les sondages qu\u2019il ne trouve gu\u00e8re fiables pour un corps \u00e9lectoral encore inconnu\u00a0; et il en veut aux m\u00e9dias qui ne se concentrent que sur le duo Jupp\u00e9-Sarkozy.<!--more-->En revanche, il succombe aussi \u00e0 cette nouvelle mode consistant \u00e0 quitter le pupitre et \u00e0 faire les cent pas sur l\u2019estrade pendant qu\u2019il s\u2019adresse au public.<\/p>\n<p>Apr\u00e8s Jean-Marie Le Pen il y a une vingtaine d\u2019ann\u00e9es, S\u00e9gol\u00e8ne Royal au temps de sa splendeur, puis plus r\u00e9cemment Bruno Le Maire et \u2013 quelle d\u00e9ception pour cet orateur de talent\u00a0! \u2013 Jean-Luc M\u00e9lenchon, Fran\u00e7ois Fillon nous la joue \u00ab\u00a0r\u00e9union de parents d\u2019\u00e9l\u00e8ves\u00a0\u00bb. Comme en mars dernier, il annonce vouloir \u00ab\u00a0lib\u00e9rer, d\u00e9livrer\u00a0\u00bb. Et il cite cette fameuse phrase de Georges Pompidou, adress\u00e9e nagu\u00e8re \u00e0 Jacques Chirac arrivant dans son bureau avec un parapheur de d\u00e9crets\u00a0: \u00ab\u00a0arr\u00eatez d\u2019emmerder les Fran\u00e7ais\u00a0!\u00a0\u00bb. Dans sa grande litanie sur les normes envahissantes, il en vient \u00e0 expliquer que ces derni\u00e8res ennuient les d\u00e9cideurs du b\u00e2timent, mais aussi les travailleurs sociaux en charge des handicap\u00e9s. On s\u2019interroge alors\u00a0: les normes impos\u00e9es aux constructeurs sur l\u2019accessibilit\u00e9 des handicap\u00e9s sont-elles consid\u00e9r\u00e9es aussi comme envahissantes par l\u2019ex-premier ministre\u00a0? \u00ab\u00a0Radical\u00a0\u00bb, c\u2019est le mot qui revient sans cesse dans la bouche du candidat. Il le mart\u00e8le jusqu\u2019\u00e0 l\u2019envi, \u00e0 tel point qu\u2019on plaisante avec son voisin, faisant preuve d\u2019un mauvais go\u00fbt \u00e9vident\u00a0: \u00ab\u00a0si \u00e7a continue, on va \u00eatre oblig\u00e9 de l\u2019envoyer en centre de d\u00e9-radicalisation\u00a0!\u00a0\u00bb. Fillon veut \u00eatre \u00ab\u00a0radical\u00a0\u00bb en tout\u00a0: choc fiscal, \u00e9ducation, autorit\u00e9, chasse aux emplois publics, promotion de l\u2019\u00e9nergie nucl\u00e9aire, l\u00e9gislation sur la l\u00e9gitime-d\u00e9fense des policiers, quotas d\u2019immigration soumis au parlement chaque ann\u00e9e, alliance avec la Russie contre le totalitarisme islamiste. Toutes ces propositions \u00e9taient d\u00e9j\u00e0 dans son intervention du 18 mars dernier. La nouveaut\u00e9 dans son discours, c\u2019est qu\u2019il se souvient maintenant qu\u2019il a \u00e9t\u00e9 \u00e0 \u00ab\u00a0l\u2019Ecole S\u00e9guin\u00a0\u00bb et qu\u2019il le rappelle deux ou trois fois lors de son intervention. Et le voil\u00e0 qu\u2019il se d\u00e9clare souverainiste. A la bonne heure, pourrions- nous nous extasier\u00a0! L\u2019ex-Premier-ministre ne va pas jusqu\u2019\u00e0 remettre en cause les transferts de souverainet\u00e9 en mati\u00e8res mon\u00e9taire et budg\u00e9taire. Mais, il pointe en revanche un th\u00e8me peu abord\u00e9\u00a0: le contr\u00f4le des Etats-Unis sur tout mouvement international effectu\u00e9 en dollar. Il illustre son propos avec les amendes inflig\u00e9es \u00e0 la BNP ou \u00e0 la Deustche Bank. Il n\u2019y a pas de co\u00efncidence\u00a0: l\u2019autre personnalit\u00e9 \u00e0 avoir d\u00e9nonc\u00e9 ces atteintes aux souverainet\u00e9s nationales par l\u2019Oncle Sam est issu de la m\u00eame \u00ab\u00a0Ecole S\u00e9guin\u00a0\u00bb, Henri Guaino. Cela fait bien longtemps que ces deux-l\u00e0 n\u2019\u00e9taient plus tomb\u00e9s d\u2019accord.<\/p>\n<p>&nbsp;<\/p>\n<p>Le meeting se termine. Fran\u00e7ois Fillon ne reste pas aupr\u00e8s du public qui se rue pour siroter un verre de cr\u00e9mant du Jura. Direction Lyon. La campagne continue et Fran\u00e7ois Fillon ne doit pas perdre de temps s\u2019il veut d\u00e9rober \u00e0 Nicolas Sarkozy le deuxi\u00e8me strapontin pour le second tour de la primaire. L\u2019ancien \u00ab\u00a0collaborateur\u00a0\u00bb de l\u2019ex-Pr\u00e9sident veut se convaincre que s\u2019il y parvenait, il pourrait bien cr\u00e9er une de ces surprises que la Ve R\u00e9publique peut parfois r\u00e9server.<\/p>\n<p>&nbsp;<\/p>\n","protected":false},"excerpt":{"rendered":"<p>Elys\u00e9e ou centre de d\u00e9-radicalisation lib\u00e9rale\u00a0? &nbsp; Dole est devenue une habitude pour Fran\u00e7ois Fillon. Le 18 mars, il \u00e9tait d\u00e9j\u00e0 de passage dans la cit\u00e9 natale de Louis Pasteur. Mercredi soir, il avait d\u00e9cid\u00e9 d\u2019y revenir pour y organiser son dernier meeting dans la nouvelle r\u00e9gion Bourgogne-Franche-Comt\u00e9. Il est vrai que le Jura y [&hellip;]<\/p>\n","protected":false},"author":10,"featured_media":0,"comment_status":"open","ping_status":"open","sticky":false,"template":"","format":"standard","meta":{"footnotes":""},"categories":[4],"tags":[],"class_list":{"0":"post-3216","1":"post","2":"type-post","3":"status-publish","4":"format-standard","6":"category-oxygene"},"_links":{"self":[{"href":"https:\/\/blog.causeur.fr\/antidote\/wp-json\/wp\/v2\/posts\/3216","targetHints":{"allow":["GET"]}}],"collection":[{"href":"https:\/\/blog.causeur.fr\/antidote\/wp-json\/wp\/v2\/posts"}],"about":[{"href":"https:\/\/blog.causeur.fr\/antidote\/wp-json\/wp\/v2\/types\/post"}],"author":[{"embeddable":true,"href":"https:\/\/blog.causeur.fr\/antidote\/wp-json\/wp\/v2\/users\/10"}],"replies":[{"embeddable":true,"href":"https:\/\/blog.causeur.fr\/antidote\/wp-json\/wp\/v2\/comments?post=3216"}],"version-history":[{"count":0,"href":"https:\/\/blog.causeur.fr\/antidote\/wp-json\/wp\/v2\/posts\/3216\/revisions"}],"wp:attachment":[{"href":"https:\/\/blog.causeur.fr\/antidote\/wp-json\/wp\/v2\/media?parent=3216"}],"wp:term":[{"taxonomy":"category","embeddable":true,"href":"https:\/\/blog.causeur.fr\/antidote\/wp-json\/wp\/v2\/categories?post=3216"},{"taxonomy":"post_tag","embeddable":true,"href":"https:\/\/blog.causeur.fr\/antidote\/wp-json\/wp\/v2\/tags?post=3216"}],"curies":[{"name":"wp","href":"https:\/\/api.w.org\/{rel}","templated":true}]}}