{"id":3230,"date":"2016-11-14T15:50:29","date_gmt":"2016-11-14T13:50:29","guid":{"rendered":"http:\/\/blog.causeur.fr\/antidote\/?p=3230"},"modified":"2021-04-26T16:10:11","modified_gmt":"2021-04-26T14:10:11","slug":"si-guaino-et-dupont-aignan-devaient-travailler-ensemble-cela-aurait-de-lallure","status":"publish","type":"post","link":"https:\/\/blog.causeur.fr\/antidote\/si-guaino-et-dupont-aignan-devaient-travailler-ensemble-cela-aurait-de-lallure-3230","title":{"rendered":"\u00ab\u00a0Si Guaino et Dupont-Aignan devaient travailler ensemble, cela aurait de l&rsquo;allure !\u00a0\u00bb"},"content":{"rendered":"<h3>Entretien avec Jean-Philippe Mall\u00e9, d\u00e9put\u00e9 PS de 2012 \u00e0 2014<\/h3>\n<p>&nbsp;<\/p>\n<p><strong><a href=\"http:\/\/blog.causeur.fr\/antidote\/files\/2016\/11\/Mall\u00e9.jpg\"><img loading=\"lazy\" decoding=\"async\" class=\"alignleft size-full wp-image-3231\" src=\"http:\/\/blog.causeur.fr\/antidote\/files\/2016\/11\/Mall\u00e9.jpg\" alt=\"\" width=\"150\" height=\"193\" \/><\/a>Suppl\u00e9ant de Beno\u00eet Hamon en juin 2012 et \u00e0 ce titre d\u00e9put\u00e9 entre cette date et septembre 2014, vous avez claqu\u00e9 la porte du PS l\u2019an dernier. Dans un entretien accord\u00e9 \u00e0 Marianne, vous expliquez ne plus croire au clivage droite-gauche. Quel est selon vous le(s) clivage(s) qui devrai(en)t structurer la vie politique\u00a0aujourd\u2019hui ?<\/strong><\/p>\n<p><strong><em>Jean-Philippe Mall\u00e9\u00a0:<\/em><\/strong> Je n\u2019ai pas claqu\u00e9 la porte du PS\u00a0: j\u2019en suis parti, il y a plus d\u2019un an, sans faire de bruit et j\u2019ai rejoint R\u00e9publique moderne, l\u2019association pr\u00e9sid\u00e9e par Jean-Pierre CHEVENEMENT, que j\u2019anime dans les Yvelines.<\/p>\n<p>J\u2019ai bien conscience que les notions de droite et de gauche, h\u00e9rit\u00e9es de notre histoire, sont ancr\u00e9es dans notre vie politique\u00a0; elles organisent cette derni\u00e8re de fa\u00e7on binaire car elles sont fonctionnelles et pratiques\u00a0: l\u2019ordre et l\u2019autorit\u00e9 seraient \u00e0 droite quand le mouvement et la justice sociale seraient \u00e0 gauche.<\/p>\n<p>Une objection, cependant, \u00e0 ce bel ordonnancement\u00a0: l\u2019examen de la vie politique en France de ces trente derni\u00e8res ann\u00e9es, avec sa succession de gouvernements de droite et de gauche brouille les lignes. L\u2019\u00e9preuve du feu, en politique, c\u2019est l\u2019exercice du pouvoir qui agit comme un r\u00e9v\u00e9lateur\u00a0: on ne peut, en effet, se contenter des bonnes intentions affich\u00e9es et en rester \u00e0 de pures sp\u00e9culations intellectuelles. <!--more-->Je ne connais donc qu\u2019une gauche, celle qui a gouvern\u00e9 sous les magist\u00e8res de Francois MITTERRAND, Lionel JOSPIN et Francois HOLLANDE. Or, les faits sont l\u00e0\u00a0: la gauche, aux c\u00f4t\u00e9s de la droite, a pris toute sa part au mouvement de d\u00e9r\u00e9gulation de notre \u00e9conomie et de soumission \u00e0 la doxa lib\u00e9rale de la commission europ\u00e9enne.<\/p>\n<div id=\"ligne\"><\/div>\n<p>Il est vrai qu\u2019une large partie de la gauche d\u00e9teste aujourd\u2019hui l\u2019Etat-Nation qu\u2019est la France. Un exemple, parmi tant d\u2019autres\u00a0: Emmanuelle COSSE \u00e9cologiste, \u00a0actuelle ministre du logement et de l\u2019habitat durable, avait publiquement d\u00e9clar\u00e9\u00a0: \u00ab\u00a0il faut dissoudre l\u2019Etat-Nation\u00a0\u00bb\u2026 avant de rejoindre, sans barguigner, le gouvernement de la France. Ces propos irresponsables de la part d\u2019une dirigeante \u00e9minente de la gauche, ne portent pas seulement atteintes \u00e0 l\u2019identit\u00e9 de notre pays\u00a0: ils contreviennent aux int\u00e9r\u00eats concrets des Fran\u00e7ais qui savent, eux, que c\u2019est l\u2019Etat qui a cr\u00e9\u00e9 la France, ses services publics, sa protection sociale, sa conception de la la\u00efcit\u00e9 etc.<\/p>\n<p>Toute une partie de la gauche, avec beaucoup de l\u00e9g\u00e8ret\u00e9, a abandonn\u00e9 \u00e0 d\u2019autres le paradigme national\u00a0; elle s\u2019est engouffr\u00e9e dans cette pens\u00e9e binaire, r\u00e9pandue \u00e0 dessein, qui nous intime l\u2019ordre de choisir entre une Europe pr\u00e9sent\u00e9e comme moderne et g\u00e9n\u00e9reuse et une France \u00e9triqu\u00e9e voire \u00ab\u00a0moisie\u00a0\u00bb. Elle a, ce faisant, abandonn\u00e9 \u00e0 leur sort les classes populaires et les classes moyennes qui l\u2019ont bien compris et qui ont aussi compris que la question sociale ne rencontrerait aucune solution hors du contrat social constitutif de la R\u00e9publique, laquelle est port\u00e9e par la Nation. Se d\u00e9cr\u00e9ter le camp du Bien et de la Morale est tr\u00e8s nettement insuffisant et n\u2019y suffira pas.<\/p>\n<p>Pour r\u00e9pondre directement \u00e0 votre question, je crois donc urgent de travailler \u00e0 un projet politique pour la France \u00e0 partir des concepts solides que sont la Nation, l\u2019Etat et la R\u00e9publique, tous trois intimement li\u00e9s. Le v\u00e9ritable enjeu des temps qui viennent est celui-l\u00e0\u00a0: la France et les Fran\u00e7ais \u00a0parviendront-ils \u00e0 reprendre en mains leur destin\u00a0? Nous devons donc promouvoir la construction d\u2019une Europe qui laisse respirer les Nations, leurs personnalit\u00e9s, leurs identit\u00e9s.<\/p>\n<p>Vous l\u2019aurez donc compris, la souverainet\u00e9 nationale, qui emporte des cons\u00e9quences sur tous les plans, d\u00e9mocratique, \u00e9conomique, social et politique, est l\u2019axe autour duquel, \u00e0 mon sens, doit s\u2019organiser la vie politique de notre pays.<\/p>\n<p>&nbsp;<\/p>\n<p>&nbsp;<\/p>\n<p>&nbsp;<\/p>\n<p><strong>Il y eut des rapprochements souterrains entre Jean-Pierre Chev\u00e8nement et Philippe S\u00e9guin post-Maastricht, la main tendue par Charles Pasqua en 1999, la candidature de Chev\u00e8nement en 2002, la reconstitution de R\u00e9publique Moderne \u00e0 des fins de rapprochement avec Nicolas Dupont-Aignan l\u2019an dernier. Pourquoi toutes ces tentatives ont-elles \u00e9chou\u00e9\u00a0?<\/strong><\/p>\n<p>Je regrette que ces rapprochements, qui n\u2019ont pas toujours \u00e9t\u00e9 souterrains, ne se soient pas concr\u00e9tis\u00e9s. L\u2019an dernier, par exemple, Jean-Pierre CHEVENEMENT s\u2019\u00e9tait rendu \u00e0 Yerres \u00e0 l\u2019universit\u00e9 d\u2019\u00e9t\u00e9 de la formation dirig\u00e9e par Nicolas DUPONT-AIGNAN\u00a0; tentative avort\u00e9e pour quelque raison obscure\u00a0et d\u00e9ception pour de nombreux patriotes car ce qui rapproche ces deux responsables politiques est tellement sup\u00e9rieur \u00e0 ce qui les s\u00e9pare\u00a0! Un d\u00e9but d\u2019explication\u00a0peut-\u00eatre\u00a0: tout homme ou toute femme est le produit de son histoire et cela est particuli\u00e8rement vrai pour les hommes et les femmes politiques. Il n\u2019est pas ais\u00e9, certainement, de transgresser de vieux clivages et de s\u2019en affranchir\u00a0: Charles de Gaulle pouvait se le permettre, pour la France.<\/p>\n<p>&nbsp;<\/p>\n<p><strong>Vous expliquez que la candidature d\u2019Arnaud Montebourg, bien que ce dernier porte des id\u00e9es tr\u00e8s proches des v\u00f4tres, ne conduit qu\u2019\u00e0 la survie du PS puisqu\u2019il se soumet \u00e0 la primaire. Ne peut-on pas vous objecter que s\u2019il parvenait \u00e0 remporter cette comp\u00e9tition \u2013 et ses chances sont r\u00e9elles, il pourrait au contraire renverser la table et opposer une v\u00e9ritable alternative r\u00e9publicaine et souverainiste \u00e0 Alain Jupp\u00e9 ou Nicolas Sarkozy\u00a0? Solf\u00e9rino est-il encore si fort qu\u2019il pourrait imposer \u00e0 Montebourg de renoncer \u00e0 son projet politique\u00a0?<\/strong><\/p>\n<p>J\u2019appr\u00e9cie le tropisme souverainiste d\u2019Arnaud MONTEBOURG, en particulier son patriotisme \u00e9conomique. Sur plusieurs points, il a plus affaire avec des gaullistes \u00a0qu\u2019avec les lib\u00e9raux du PS. Mais, en restant au sein du PS, il se lie les mains et se condamne par avance \u00e0 ne pas appliquer demain ce qu\u2019il propose aujourd\u2019hui\u00a0car je le disais plus haut\u00a0: les formations de gauche, dans leur majorit\u00e9, ne sont pas dans ce registre\u00a0; quels appuis aurait-il s\u2019il l\u2019emportait aux primaires de la \u00ab\u00a0belle alliance populaire\u00a0\u00bb (sic)\u00a0? Mais cela vaut \u00e9galement pour Jean-Luc MELENCHON qui a de belles intonations\u00a0avec \u00ab\u00a0La France insoumise, le peuple souverain\u00a0\u00bb\u00a0: il a compris ce qu\u2019attend le peuple de France. Malheureusement, en d\u00e9pit de ses louables efforts pour s\u2019en d\u00e9gager, il est dans un environnement politique marqu\u00e9 par le gauchisme et donc tr\u00e8s loin de la Nation et de sa souverainet\u00e9.<\/p>\n<p>&nbsp;<\/p>\n<p><strong>Vous dites souhaiter accorder votre suffrage \u00e0 Henri Guaino ou Nicolas Dupont-Aignan en avril prochain. Cet engagement pourrait-il aller plus loin que votre seul devoir de citoyen\u00a0? Lequel des deux aurait votre pr\u00e9f\u00e9rence\u00a0? <\/strong><\/p>\n<p>J\u2019ai cit\u00e9 ces deux personnalit\u00e9s car l\u00e0 encore, ce qui les rapproche est infiniment sup\u00e9rieur \u00e0 ce qui les s\u00e9pare. Elles devraient travailler ensemble\u00a0: cela aurait de l\u2019allure\u00a0! Car l\u2019heure est grave pour notre pays et chacun doit prendre conscience de ses responsabilit\u00e9s. De la m\u00eame fa\u00e7on, quand je lis les analyses historiques et politiques de Jean-Pierre CHEVENEMENT, un gaulliste impeccable, je ne parviens pas, m\u00eame au prix d\u2019un gros effort, \u00e0 me persuader qu\u2019il faut voter socialiste aux prochaines \u00e9lections\u2026<\/p>\n","protected":false},"excerpt":{"rendered":"<p>Entretien avec Jean-Philippe Mall\u00e9, d\u00e9put\u00e9 PS de 2012 \u00e0 2014 &nbsp; Suppl\u00e9ant de Beno\u00eet Hamon en juin 2012 et \u00e0 ce titre d\u00e9put\u00e9 entre cette date et septembre 2014, vous avez claqu\u00e9 la porte du PS l\u2019an dernier. Dans un entretien accord\u00e9 \u00e0 Marianne, vous expliquez ne plus croire au clivage droite-gauche. Quel est selon [&hellip;]<\/p>\n","protected":false},"author":10,"featured_media":0,"comment_status":"open","ping_status":"open","sticky":false,"template":"","format":"standard","meta":{"footnotes":""},"categories":[6],"tags":[],"class_list":{"0":"post-3230","1":"post","2":"type-post","3":"status-publish","4":"format-standard","6":"category-les-entretiens-dantidote"},"_links":{"self":[{"href":"https:\/\/blog.causeur.fr\/antidote\/wp-json\/wp\/v2\/posts\/3230","targetHints":{"allow":["GET"]}}],"collection":[{"href":"https:\/\/blog.causeur.fr\/antidote\/wp-json\/wp\/v2\/posts"}],"about":[{"href":"https:\/\/blog.causeur.fr\/antidote\/wp-json\/wp\/v2\/types\/post"}],"author":[{"embeddable":true,"href":"https:\/\/blog.causeur.fr\/antidote\/wp-json\/wp\/v2\/users\/10"}],"replies":[{"embeddable":true,"href":"https:\/\/blog.causeur.fr\/antidote\/wp-json\/wp\/v2\/comments?post=3230"}],"version-history":[{"count":0,"href":"https:\/\/blog.causeur.fr\/antidote\/wp-json\/wp\/v2\/posts\/3230\/revisions"}],"wp:attachment":[{"href":"https:\/\/blog.causeur.fr\/antidote\/wp-json\/wp\/v2\/media?parent=3230"}],"wp:term":[{"taxonomy":"category","embeddable":true,"href":"https:\/\/blog.causeur.fr\/antidote\/wp-json\/wp\/v2\/categories?post=3230"},{"taxonomy":"post_tag","embeddable":true,"href":"https:\/\/blog.causeur.fr\/antidote\/wp-json\/wp\/v2\/tags?post=3230"}],"curies":[{"name":"wp","href":"https:\/\/api.w.org\/{rel}","templated":true}]}}