{"id":3243,"date":"2016-12-07T23:59:27","date_gmt":"2016-12-07T21:59:27","guid":{"rendered":"http:\/\/blog.causeur.fr\/antidote\/?p=3243"},"modified":"2021-04-26T16:10:11","modified_gmt":"2021-04-26T14:10:11","slug":"valls-refait-du-sarkozy","status":"publish","type":"post","link":"https:\/\/blog.causeur.fr\/antidote\/valls-refait-du-sarkozy-3243","title":{"rendered":"Valls (re)fait du Sarkozy!"},"content":{"rendered":"<h3>Reportage \u00e0 Audincourt<\/h3>\n<p><a href=\"http:\/\/blog.causeur.fr\/antidote\/files\/2016\/12\/Valls-Audincourt.jpg\"><img loading=\"lazy\" decoding=\"async\" class=\"alignleft size-medium wp-image-3244\" src=\"http:\/\/blog.causeur.fr\/antidote\/files\/2016\/12\/Valls-Audincourt-300x168.jpg\" alt=\"\" width=\"300\" height=\"168\" srcset=\"https:\/\/blog.causeur.fr\/antidote\/wp-content\/uploads\/sites\/9\/2016\/12\/Valls-Audincourt-300x168.jpg 300w, https:\/\/blog.causeur.fr\/antidote\/wp-content\/uploads\/sites\/9\/2016\/12\/Valls-Audincourt-500x281.jpg 500w, https:\/\/blog.causeur.fr\/antidote\/wp-content\/uploads\/sites\/9\/2016\/12\/Valls-Audincourt.jpg 960w\" sizes=\"auto, (max-width: 300px) 100vw, 300px\" \/><\/a><\/p>\n<p>En retard sur son agenda, Manuel Valls avait pos\u00e9 un lapin \u00e0 tous les journalistes qui l\u2019attendaient \u00e0 l\u2019entr\u00e9e du superbe march\u00e9 de No\u00ebl de Montb\u00e9liard. Une demi-heure plus tard, une salle peupl\u00e9e de quatre cents personnes environ attendait l\u2019ex-Premier ministre \u00e0 Audincourt, au c\u0153ur de l\u2019ancienne circonscription du commissaire europ\u00e9en Pierre Moscovici. De l\u2019ex-d\u00e9put\u00e9 local et de la Commission europ\u00e9enne, il fut d\u2019ailleurs question dans le discours de Manuel Valls. Le premier eut droit \u00e0 des marques d\u2019amiti\u00e9, la seconde \u00e0 une s\u00e9v\u00e8re mise en accusation pour ses responsabilit\u00e9s dans la d\u00e9sindustrialisation.<!--more--><\/p>\n<p>R\u00e9industrialiser, ce leitmotiv, mais aussi ce verbe que le s\u00e9nateur-maire Martial Bourquin, ancien du PCF exclu par Georges Marchais dans les ann\u00e9es 1980, ne parvenait pas \u00e0 conjuguer \u00e0 la premi\u00e8re personne du pluriel, mettant les rieurs de son c\u00f4t\u00e9. Apr\u00e8s lui, c\u2019est Fr\u00e9d\u00e9ric Barbier qui intervenait \u00e0 la tribune, lui qui fut le suppl\u00e9ant de \u00ab\u00a0Mosco\u00a0\u00bb, puis le d\u00e9put\u00e9 PS \u00e9lu en f\u00e9vrier 2015 \u00e0 la faveur d\u2019une \u00e9lection partielle face \u00e0 Sophie Montel, la patronne du FN franc-comtois. C\u2019est justement l\u2019histoire de ce scrutin qui revenait aux d\u00e9buts des discours du d\u00e9put\u00e9 et de Manuel Valls. Tous les deux repeignaient la r\u00e9alit\u00e9 \u00e0 leur fa\u00e7on, expliquant que tous les observateurs de France et de Navarre avaient annonc\u00e9 cette \u00e9lection d\u2019ores et d\u00e9j\u00e0 perdue pour le PS, alors qu\u2019il n\u2019en \u00e9tait rien. <\/p>\n<div id=\"ligne\"><\/div>\n<p> Mais il fallait bien, pour ce premier meeting, raconter une histoire. Le storytelling de Valls passait par Audincourt car il fallait absolument raconter que sa venue sur ces terres en f\u00e9vrier 2015, avait permis de terrasser la b\u00eate immonde \u00ab\u00a0pr\u00eate \u00e0 bondir\u00a0\u00bb.<\/p>\n<p>Certes, il n\u2019est pas forc\u00e9ment recommand\u00e9 de d\u00e9buter une campagne par un (petit) mensonge mais Manuel Valls peut sans doute se le permettre\u00a0; peu de nos confr\u00e8res iront v\u00e9rifier. L\u2019ancien Premier ministre de Fran\u00e7ois Hollande, auquel il a t\u00e9moign\u00e9 son affection en d\u00e9but de discours, sans qu\u2019aucun rire ne vienne ponctuer cette d\u00e9monstration (ce qui prouve que nous avions affaire \u00e0 un public poli!) sait tenir une r\u00e9union publique. Son projet n\u2019est pas pr\u00eat et cela se voit. Il faut dire que, contrairement \u00e0 ses concurrents Hamon et Montebourg, Valls n\u2019a gu\u00e8re eu le temps de s\u2019y pencher. Il n\u2019\u00e9tait pas assur\u00e9 qu\u2019il puisse \u00eatre candidat il y a encore une dizaine de jours. Alors, il fait ce qu\u2019il sait faire le mieux\u00a0: du Valls, c\u2019est-\u00e0-dire un peu de Sarkozy. Il sait d\u00e9signer les adversaires, la droite antisociale de Fillon d\u2019un c\u00f4t\u00e9, le FN irresponsable et fauteur de ruine pour les petites gens de l\u2019autre.<\/p>\n<p>Et surtout, Valls se met en valeur. Comme Nicolas Sarkozy lors du dernier d\u00e9bat du premier tour de la primaire de droite, il d\u00e9gaine l\u2019argument d\u2019autorit\u00e9\u00a0 il faut un chef exp\u00e9riment\u00e9 dans un monde o\u00f9 r\u00e8gnent Trump, et tous les hommes forts, qu\u2019ils viennent de Russie, de Chine ou d\u2019Indon\u00e9sie. Traduction\u00a0: aucun de ses concurrents ne lui arrive \u00e0 la cheville. Comme Nicolas Sarkozy, il s\u2019emm\u00eale parfois les pinceaux lorsqu\u2019il tente d\u2019expliquer en quoi il est rassembleur tout en \u00e9tant clivant mais en restant rassembleur. Comme Nicolas Sarkozy, il ne souhaite pas qu\u2019on regarde dans le r\u00e9troviseur \u00ab\u00a0mais qu\u2019on regarde vers l\u2019avenir\u00a0\u00bb, afin d\u2019\u00e9viter \u2013mais cela trompe-t-il les sympathisants socialistes pr\u00e9sents\u00a0?- qu\u2019on discute de son bilan \u00e0 Matignon. \u00ab\u00a0Ne pas ressasser le pass\u00e9\u00a0\u00bb est bien commode en ces circonstances.<\/p>\n<p>Il n\u2019est pas dit que Montebourg et Hamon obtemp\u00e8rent. Mais Manuel Valls est aussi, encore une fois \u00e0 l\u2019instar Nicolas Sarkozy, une sacr\u00e9e b\u00eate de campagne, dot\u00e9e d\u2019un sens politique acquis au fil de ses combats aupr\u00e8s de Rocard, Jospin, puis \u00e0 son propre service.<\/p>\n<p>Contrairement \u00e0 Macron, il sait choisir le bon moment pour annoncer une candidature. Il a l\u2019art de savoir donner un coup fatal \u00e0 l\u2019adversaire. C\u2019est un combattant. Il sait aussi utiliser les \u00e9l\u00e9ments de langage \u00e0 la mode. \u00ab\u00a0Protection\u00a0\u00bb, \u00ab\u00a0r\u00e9affirmer la souverainet\u00e9\u00a0\u00bb, \u00ab\u00a0mode de vie menac\u00e9\u00a0\u00bb, \u00ab\u00a0fronti\u00e8res\u00a0\u00bb. Il emprunte \u00e0 Sarkozy encore, mais aussi \u00e0 Fillon, Le Pen et Montebourg. Ce dernier aura la surprise de d\u00e9couvrir que Manuel Valls reprend quasiment \u00e0 son compte ses propositions en mati\u00e8re de march\u00e9s publics r\u00e9serv\u00e9s ou de constitution de champions industriels europ\u00e9ens. Les oreilles de l\u2019ancien d\u00e9put\u00e9 local Moscovici ont d\u00fb siffler. Voil\u00e0 l\u2019emballage du cadeau que Manuel Valls veut offrir aux \u00e9lecteurs de la primaire de gauche. Lorsqu\u2019il est entr\u00e9 dans la salle, c\u2019est <em>The final countdown<\/em>, morceau du groupe de sous-hard-rock <em>Europe <\/em>qui r\u00e9sonnait dans la salle. C\u2019est ce titre qui \u00e9tait aussi le g\u00e9n\u00e9rique des meetings de Jacques Chirac en 1988, pendant sa p\u00e9riode lib\u00e9ralomaniaque.<\/p>\n<p>Europe, lib\u00e9ralisme. La musique ne ment certainement pas. Sous le joli emballage, c\u2019est bien ces deux ingr\u00e9dients que l\u2019on retrouvera <em>in fine<\/em>, si on ouvre le paquet-cadeau.<\/p>\n<p>&nbsp;<\/p>\n","protected":false},"excerpt":{"rendered":"<p>Reportage \u00e0 Audincourt En retard sur son agenda, Manuel Valls avait pos\u00e9 un lapin \u00e0 tous les journalistes qui l\u2019attendaient \u00e0 l\u2019entr\u00e9e du superbe march\u00e9 de No\u00ebl de Montb\u00e9liard. Une demi-heure plus tard, une salle peupl\u00e9e de quatre cents personnes environ attendait l\u2019ex-Premier ministre \u00e0 Audincourt, au c\u0153ur de l\u2019ancienne circonscription du commissaire europ\u00e9en Pierre [&hellip;]<\/p>\n","protected":false},"author":10,"featured_media":0,"comment_status":"open","ping_status":"open","sticky":false,"template":"","format":"standard","meta":{"footnotes":""},"categories":[5],"tags":[],"class_list":{"0":"post-3243","1":"post","2":"type-post","3":"status-publish","4":"format-standard","6":"category-sulfate"},"_links":{"self":[{"href":"https:\/\/blog.causeur.fr\/antidote\/wp-json\/wp\/v2\/posts\/3243","targetHints":{"allow":["GET"]}}],"collection":[{"href":"https:\/\/blog.causeur.fr\/antidote\/wp-json\/wp\/v2\/posts"}],"about":[{"href":"https:\/\/blog.causeur.fr\/antidote\/wp-json\/wp\/v2\/types\/post"}],"author":[{"embeddable":true,"href":"https:\/\/blog.causeur.fr\/antidote\/wp-json\/wp\/v2\/users\/10"}],"replies":[{"embeddable":true,"href":"https:\/\/blog.causeur.fr\/antidote\/wp-json\/wp\/v2\/comments?post=3243"}],"version-history":[{"count":0,"href":"https:\/\/blog.causeur.fr\/antidote\/wp-json\/wp\/v2\/posts\/3243\/revisions"}],"wp:attachment":[{"href":"https:\/\/blog.causeur.fr\/antidote\/wp-json\/wp\/v2\/media?parent=3243"}],"wp:term":[{"taxonomy":"category","embeddable":true,"href":"https:\/\/blog.causeur.fr\/antidote\/wp-json\/wp\/v2\/categories?post=3243"},{"taxonomy":"post_tag","embeddable":true,"href":"https:\/\/blog.causeur.fr\/antidote\/wp-json\/wp\/v2\/tags?post=3243"}],"curies":[{"name":"wp","href":"https:\/\/api.w.org\/{rel}","templated":true}]}}