{"id":327,"date":"2009-07-02T22:18:06","date_gmt":"2009-07-02T21:18:06","guid":{"rendered":"http:\/\/carnet.causeur.fr\/antidote\/?p=327"},"modified":"2021-04-26T16:12:03","modified_gmt":"2021-04-26T14:12:03","slug":"de-quoi-se-plaignent-les-journalistes-du-nouvel-obs","status":"publish","type":"post","link":"https:\/\/blog.causeur.fr\/antidote\/de-quoi-se-plaignent-les-journalistes-du-nouvel-obs-327","title":{"rendered":"De quoi se plaignent les journalistes du Nouvel Obs ?"},"content":{"rendered":"<p>On nous dit que le service politique du Nouvel Observateur gronde. Son nouveau patron, Denis Olivennes se serait vendu \u00e0 l&rsquo;Inf\u00e2me. Chez mes amis de Marianne2, R\u00e9gis Soubrouillard nous explique que <a href=\"http:\/\/www.marianne2.fr\/Le-Nouvel-Obs-veut-devenir-la-Gazette-de-la-Cour_a181400.html\" target=\"_blank\" rel=\"noopener\">le Nouvel Obs veut devenir la gazette de la Cour.<\/a> Je suis vraiment d\u00e9sol\u00e9 mais R\u00e9gis se trompe.<\/p>\n<p>Malgr\u00e9 tous les beaux discours r\u00e9publicains d&rsquo;Henri Guaino, Nicolas Sarkozy a toujours \u00e9t\u00e9 fascin\u00e9 par la \u00ab\u00a0deuxi\u00e8me gauche\u00a0\u00bb. Lorsqu&rsquo;il \u00e9tait le <em>factotum<\/em> d&rsquo;Edouard Balladur, alors que ce dernier, Premier ministre, pr\u00e9parait sa qu\u00eate de la pr\u00e9sidence, l&rsquo;actuel locataire de l&rsquo;Elys\u00e9e entretenait les meilleures relations avec toute l&rsquo;intelligentsia politico-m\u00e9diatique qui se r\u00e9unissait dans la Fondation Saint-Simon. Alain Minc, d\u00e9j\u00e0 \u00e0 l&rsquo;\u0153uvre, se d\u00e9finissait \u00ab\u00a0de gauche et lib\u00e9ral\u00a0\u00bb, et milita ouvertement pour Edouard Balladur, cela rapidement facilit\u00e9 par le fait que Jacques Delors e\u00fbt exprim\u00e9 son peu de go\u00fbt pour les campagnes \u00e9lectorales. Nicolas Sarkozy tira deux conclusions de cette \u00e9poque. D&rsquo;abord, il ne faut absolument pas \u00eatre identifi\u00e9 \u00e0 la \u00ab\u00a0pens\u00e9e unique\u00a0\u00bb et il faut toujours la vilipender, ainsi que l&rsquo;avait fait Jacques Chirac. Enfin, et surtout, ces id\u00e9es l\u00e0 sont \u00e9videmment les bonnes et il faut les mettre en \u0153uvre discr\u00e8tement, c&rsquo;est \u00e0 dire en les travestissant d&rsquo;un discours inverse.<\/p>\n<p>Cette strat\u00e9gie fut admirablement appliqu\u00e9e lors de la campagne pr\u00e9sidentielle de 2007. Profitant de l&rsquo;absence d&rsquo;un candidat gaulliste, il put tenir le discours r\u00e9publicain et patriote qu&rsquo;attendait son \u00e9lectorat, tout en veillant bien \u00e0 ce que le programme de l&rsquo;UMP, en parfaite contradiction avec ses prestations publiques, d\u00e9taille toutes les mesures \u00e0 prendre dans la volont\u00e9 d&rsquo;adaptation \u00e0 la mondialisation, vieille marotte de la droite lib\u00e9rale <span style=\"text-decoration: underline\">et<\/span> de la gauche lib\u00e9rale.<\/p>\n<p>Trait\u00e9 de Lisbonne, Rapport Attali, appel \u00e0 Kouchner et Jouyet, appui de la candidature de DSK au FMI inaugur\u00e8rent ainsi les premiers mois du quinquennat Sarko. Il y eut aussi la remise du rapport Olivennes, -tiens, tiens[1. Denis Olivennes, alors patron de la FNAC, proposa alors l&rsquo;essentiel de ce qui allait devenir la Loi HADOPI. A passage, demander \u00e0 un vendeur de disques de pondre un rapport sur le sujet revenait \u00e0 commander une \u00e9tude sur l&rsquo;alcoolisme au PDG de Pernod-Ricard]&#8230; Seulement voil\u00e0, bien que fascin\u00e9 par l&rsquo;intelligence de ces gens l\u00e0, Nicolas Sarkozy ne pouvait pas s&#8217;emp\u00eacher de se comporter comme un vulgaire Bernard Tapie, <em>horresco referens<\/em> dans ce milieu. C&rsquo;est l\u00e0 qu&rsquo;interviennent deux \u00e9v\u00e8nements majeurs : Carla et la crise.<\/p>\n<p>Gr\u00e2ce au mariage avec Carla Bruni, Nicolas Sarkozy a pu reprendre langue avec la gauche caviar. <a href=\"http:\/\/carnet.causeur.fr\/antidote\/la-strategie-des-deux-georges,00239\" target=\"_blank\" rel=\"noopener\">Apr\u00e8s avoir tent\u00e9 une communication m\u00e9langeant maladroitement George Bush et Georges Marchais<\/a>, il s&rsquo;est rendu compte, qu&rsquo;il s&rsquo;agissait l\u00e0 d&rsquo;une impasse. En d\u00e9couvrant que les r\u00e9f\u00e9rences n\u00e9gatives \u00e0 La Princesse de Cl\u00e8ves avaient produit un engouement pour Madame de La Fayette au point que cette derni\u00e8re grimpa en fl\u00e8che aux classements des ventes, Carla et les communicants de l&rsquo;Elys\u00e9e s&rsquo;activ\u00e8rent et on apprit que le Pr\u00e9sident lisait maintenant Zola dans l&rsquo;avion pr\u00e9sidentiel, m\u00eame si la conversion se r\u00e9v\u00e9lait peu naturelle[3. Au point qu&rsquo;il pronon\u00e7a \u00ab\u00a0Roujon-Macquart\u00a0\u00bb au lieu de Rougon-Macquart devant les journalistes stup\u00e9faits].<\/p>\n<p>Et puis il y eut la crise o\u00f9 Nicolas Sarkozy ex\u00e9cuta une pirouette digne des meilleurs gymnastes : il n&rsquo;eut plus\u00a0 que le mot \u00ab\u00a0r\u00e9gulation\u00a0\u00bb \u00e0 la bouche, mot qui r\u00e9sonne agr\u00e9ablement aux oreilles des sociaux-d\u00e9mocrates de tout poil. Surtout pas de protectionnisme, cela ferait de la peine \u00e0 Pascal Lamy et \u00e0 DSK, mais de la r\u00e9-gu-la-tion ! En fait, on tente \u00e0 peine de r\u00e9guler le syst\u00e8me bancaire et financier et c&rsquo;est quand m\u00eame la moindre des choses quand les Etats sauvent ce dernier de la faillite. En ce qui concerne les \u00e9changes de biens manufactur\u00e9s, en revanche, il n&rsquo;est pas question de r\u00e9guler du tout. Le monde est mondial, ainsi que le chantent depuis longtemps Jacques Attali, Alain Madelin et Daniel Cohn-Bendit.<\/p>\n<p>Denis Olivennes, en d\u00e9finitive, sert les id\u00e9es qu&rsquo;il a toujours d\u00e9fendues. Jean Daniel l&rsquo;a compris, lui le fondateur du journal. Les journalistes du Nouvel Obs, si on leur explique bien, devraient bien finir par le comprendre eux aussi.<\/p>\n<p>En revanche, pourquoi Valeurs actuelles n&rsquo;est pas encore un journal d&rsquo;opposition ? Cela, j&rsquo;ai davantage de mal \u00e0 me l&rsquo;expliquer&#8230;<\/p>\n","protected":false},"excerpt":{"rendered":"<p>Ce n&rsquo;est pas Olivennes qui va \u00e0 Sarkozy. C&rsquo;est Sarkozy qui va \u00e0 Olivennes !<\/p>\n","protected":false},"author":10,"featured_media":0,"comment_status":"open","ping_status":"closed","sticky":false,"template":"","format":"standard","meta":{"footnotes":""},"categories":[5],"tags":[],"class_list":{"0":"post-327","1":"post","2":"type-post","3":"status-publish","4":"format-standard","6":"category-sulfate"},"_links":{"self":[{"href":"https:\/\/blog.causeur.fr\/antidote\/wp-json\/wp\/v2\/posts\/327","targetHints":{"allow":["GET"]}}],"collection":[{"href":"https:\/\/blog.causeur.fr\/antidote\/wp-json\/wp\/v2\/posts"}],"about":[{"href":"https:\/\/blog.causeur.fr\/antidote\/wp-json\/wp\/v2\/types\/post"}],"author":[{"embeddable":true,"href":"https:\/\/blog.causeur.fr\/antidote\/wp-json\/wp\/v2\/users\/10"}],"replies":[{"embeddable":true,"href":"https:\/\/blog.causeur.fr\/antidote\/wp-json\/wp\/v2\/comments?post=327"}],"version-history":[{"count":0,"href":"https:\/\/blog.causeur.fr\/antidote\/wp-json\/wp\/v2\/posts\/327\/revisions"}],"wp:attachment":[{"href":"https:\/\/blog.causeur.fr\/antidote\/wp-json\/wp\/v2\/media?parent=327"}],"wp:term":[{"taxonomy":"category","embeddable":true,"href":"https:\/\/blog.causeur.fr\/antidote\/wp-json\/wp\/v2\/categories?post=327"},{"taxonomy":"post_tag","embeddable":true,"href":"https:\/\/blog.causeur.fr\/antidote\/wp-json\/wp\/v2\/tags?post=327"}],"curies":[{"name":"wp","href":"https:\/\/api.w.org\/{rel}","templated":true}]}}