{"id":3270,"date":"2017-01-26T01:11:58","date_gmt":"2017-01-25T23:11:58","guid":{"rendered":"http:\/\/blog.causeur.fr\/antidote\/?p=3270"},"modified":"2021-04-26T16:10:10","modified_gmt":"2021-04-26T14:10:10","slug":"hamon-valls-match-nul","status":"publish","type":"post","link":"https:\/\/blog.causeur.fr\/antidote\/hamon-valls-match-nul-3270","title":{"rendered":"Hamon-Valls : match nul"},"content":{"rendered":"<h3>Quand les candidats d\u00e9battent avec les journalistes<\/h3>\n<p><a href=\"http:\/\/blog.causeur.fr\/antidote\/files\/2017\/01\/hamonvalls.jpg\"><img loading=\"lazy\" decoding=\"async\" class=\"alignleft size-medium wp-image-3271\" src=\"http:\/\/blog.causeur.fr\/antidote\/files\/2017\/01\/hamonvalls-300x200.jpg\" alt=\"\" width=\"300\" height=\"200\" srcset=\"https:\/\/blog.causeur.fr\/antidote\/wp-content\/uploads\/sites\/9\/2017\/01\/hamonvalls-300x200.jpg 300w, https:\/\/blog.causeur.fr\/antidote\/wp-content\/uploads\/sites\/9\/2017\/01\/hamonvalls-450x300.jpg 450w, https:\/\/blog.causeur.fr\/antidote\/wp-content\/uploads\/sites\/9\/2017\/01\/hamonvalls.jpg 795w\" sizes=\"auto, (max-width: 300px) 100vw, 300px\" \/><\/a>Nous aurions pr\u00e9f\u00e9r\u00e9 continuer la lecture du dernier J\u00e9r\u00f4me Leroy. Mais nous \u00e9tions punis, consign\u00e9s \u00e0 regarder le d\u00e9bat du second tour de la primaire de gauche. Faut-il avoir le sens du devoir pour s\u2019imposer une telle confrontation apr\u00e8s la tragi-com\u00e9die de ce d\u00e9but de semaine et ces soup\u00e7ons de fraude et\/ou d\u2019amateurisme qui entour\u00e9 le premier tour du scrutin.<\/p>\n<h3>Le m\u00e9chant de Rocky 4<\/h3>\n<p>On s\u2019\u00e9tait pr\u00e9par\u00e9 \u00e0 un d\u00e9bat muscl\u00e9. On avait m\u00eame regard\u00e9 la veille une rediffusion de\u00a0<em>Rocky 4<\/em>\u00a0et on se surprenait \u00e0 comparer les regards s\u00e9v\u00e8res de Manuel Valls et Ivan Drago.<!--more--> Il n\u2019en a rien \u00e9t\u00e9. La courtoisie \u00e9tait de mise. Au d\u00e9but, c\u2019est plut\u00f4t Beno\u00eet Hamon qui a continu\u00e9 sur sa lanc\u00e9e. Comme dans les d\u00e9bats du premier tour. On y a discut\u00e9 ses propositions, et en particulier sa proposition-phare, le fameux revenu universel. Manuel Valls n\u2019\u00e9tait pas sur son terrain et cela s\u2019est vu, m\u00eame s\u2019il s\u2019est attach\u00e9 \u00e0 envoyer des clins d\u2019\u0153il \u00e0 l\u2019\u00e9lectorat d\u2019Arnaud Montebourg, allant m\u00eame jusqu\u2019\u00e0 reprendre le slogan de son ex-Ministre de l\u2019\u00e9conomie\u00a0: \u00ab\u00a0Je suis le candidat de la feuille de paie.\u00a0\u00bb M\u00eame si Hamon s\u2019est montr\u00e9 davantage \u00e0 l\u2019aise dans cette premi\u00e8re partie, il est possible que les \u00e9lecteurs de Montebourg aient \u00e9t\u00e9 d\u00e9stabilis\u00e9s par cet \u00e9change o\u00f9 Manuel Valls leur parlait davantage.<\/p>\n<h3>La\u00efque vs \u00e9colo<\/h3>\n<p>C\u2019est ensuite, sur le terrain de la la\u00efcit\u00e9, que l\u2019ancien Premier ministre s\u2019est montr\u00e9 plus \u00e0 l\u2019aise, Beno\u00eet Hamon \u00e9tant plus laborieux. Ce dernier s\u2019est vu reprocher la proximit\u00e9 de l\u2019un de ses porte-paroles avec le CCIF, seul v\u00e9ritable uppercut de cette confrontation. Hamon n\u2019a pas r\u00e9pondu \u00e0 cette interpellation. Sur l\u2019\u00e9cologie, l\u2019ex-ministre de l\u2019Education a sembl\u00e9 aussi \u00e0 son aise, parlant au c\u0153ur de l\u2019\u00e9lectorat de la primaire. Valls a r\u00e9agi sur les terrains r\u00e9galiens. Chacun sa route, chacun son chemin, chantait Tonton David.<\/p>\n<p>On est bien incapable de d\u00e9terminer lequel des deux a donc pris le dessus sur l\u2019autre. Si les m\u00eames \u00e9lecteurs (r\u00e9els ou fant\u00f4mes made in Camba-Borgel) se rendent aux urnes dimanche, Beno\u00eet Hamon devrait l\u2019emporter. Mais il peut y avoir du mouvement. Valls n\u2019a pas encore perdu. Ce qui nous a encore agac\u00e9, c\u2019est la tendance \u00e0 verser dans le journalisme sportif, exactement comme\u00a0<a href=\"http:\/\/www.causeur.fr\/debat-fillon-juppe-primaire-lr-41294.html\">nous l\u2019avions d\u00e9plor\u00e9<\/a>\u00a0pour le match Fillon-Jupp\u00e9. Nous ne pouvons aussi que regretter la nouvelle mode des d\u00e9bats \u00e0 l\u2019am\u00e9ricaine, o\u00f9 les candidats ne d\u00e9battent plus entre eux mais avec les journalistes.<\/p>\n<p>Si on peut comprendre qu\u2019une confrontation entre sept candidats contraignent \u00e0 ce format, un face-\u00e0-face de second tour peut \u2013 et doit \u2013 se faire \u00e0 la fran\u00e7aise, c\u2019est-\u00e0-dire avec les deux imp\u00e9trants assis l\u2019un en face de l\u2019autre et des journalistes intervenant le moins possible. On prie pour que cette nouvelle habitude prise pendant les primaires ne fassent pas \u00e9cole lors du d\u00e9bat d\u2019entre-deux-tours de la vraie \u00e9lection pr\u00e9sidentielle.<\/p>\n","protected":false},"excerpt":{"rendered":"<p>Quand les candidats d\u00e9battent avec les journalistes Nous aurions pr\u00e9f\u00e9r\u00e9 continuer la lecture du dernier J\u00e9r\u00f4me Leroy. Mais nous \u00e9tions punis, consign\u00e9s \u00e0 regarder le d\u00e9bat du second tour de la primaire de gauche. Faut-il avoir le sens du devoir pour s\u2019imposer une telle confrontation apr\u00e8s la tragi-com\u00e9die de ce d\u00e9but de semaine et ces [&hellip;]<\/p>\n","protected":false},"author":10,"featured_media":0,"comment_status":"closed","ping_status":"open","sticky":false,"template":"","format":"standard","meta":{"footnotes":""},"categories":[5],"tags":[],"class_list":{"0":"post-3270","1":"post","2":"type-post","3":"status-publish","4":"format-standard","6":"category-sulfate"},"_links":{"self":[{"href":"https:\/\/blog.causeur.fr\/antidote\/wp-json\/wp\/v2\/posts\/3270","targetHints":{"allow":["GET"]}}],"collection":[{"href":"https:\/\/blog.causeur.fr\/antidote\/wp-json\/wp\/v2\/posts"}],"about":[{"href":"https:\/\/blog.causeur.fr\/antidote\/wp-json\/wp\/v2\/types\/post"}],"author":[{"embeddable":true,"href":"https:\/\/blog.causeur.fr\/antidote\/wp-json\/wp\/v2\/users\/10"}],"replies":[{"embeddable":true,"href":"https:\/\/blog.causeur.fr\/antidote\/wp-json\/wp\/v2\/comments?post=3270"}],"version-history":[{"count":0,"href":"https:\/\/blog.causeur.fr\/antidote\/wp-json\/wp\/v2\/posts\/3270\/revisions"}],"wp:attachment":[{"href":"https:\/\/blog.causeur.fr\/antidote\/wp-json\/wp\/v2\/media?parent=3270"}],"wp:term":[{"taxonomy":"category","embeddable":true,"href":"https:\/\/blog.causeur.fr\/antidote\/wp-json\/wp\/v2\/categories?post=3270"},{"taxonomy":"post_tag","embeddable":true,"href":"https:\/\/blog.causeur.fr\/antidote\/wp-json\/wp\/v2\/tags?post=3270"}],"curies":[{"name":"wp","href":"https:\/\/api.w.org\/{rel}","templated":true}]}}