{"id":3292,"date":"2017-04-19T18:44:39","date_gmt":"2017-04-19T16:44:39","guid":{"rendered":"http:\/\/blog.causeur.fr\/antidote\/?p=3292"},"modified":"2021-04-26T16:10:10","modified_gmt":"2021-04-26T14:10:10","slug":"une-victoire-de-macron-aggraverait-les-fractures-francaises","status":"publish","type":"post","link":"https:\/\/blog.causeur.fr\/antidote\/une-victoire-de-macron-aggraverait-les-fractures-francaises-3292","title":{"rendered":"\u201cUne victoire de Macron aggraverait les fractures fran\u00e7aises\u201d"},"content":{"rendered":"<h3>Entretien avec le journaliste du \u201cFigaro\u201d Guillaume Perrault 2\/2<\/h3>\n<p><img loading=\"lazy\" decoding=\"async\" src=\"http:\/\/www.causeur.fr\/wp-content\/uploads\/2017\/04\/guillaume-perrault-emmanuel-macron-660x400.jpg\" alt=\"guillaume perrault emmanuel macron\" width=\"660\" height=\"400\" \/><\/p>\n<p>Emmanuel Macron. Sipa. Num\u00e9ro de reportage : 00802648_000017.<\/p>\n<blockquote>\n<h4><strong><em>&gt;&gt;\u00a0<\/em>A lire aussi:\u00a0<a href=\"http:\/\/www.causeur.fr\/conservatisme-guillaume-perrault-gaullisme-43819.html\" target=\"_blank\" rel=\"noopener\">\u201cLa France devrait r\u00e9habiliter le conservatisme\u201d \u2013 Entretien avec le journaliste du \u201cFigaro\u201d Guillaume Perrault (1\/2)<\/a><\/strong><\/h4>\n<\/blockquote>\n<p><strong>Fran\u00e7ois Fillon a \u00e9t\u00e9 d\u00e9sign\u00e9 candidat de la droite en novembre 2016 en remportant la primaire. D\u00e9sign\u00e9 pour son conservatisme, il a ensuite chut\u00e9 de mani\u00e8re vertigineuse dans les sondages. \u00a0Son effondrement est-il vraiment d\u00fb aux affaires ou r\u00e9sulte-t-il de ses positions \u00e9conomiques tr\u00e8s lib\u00e9rales, notamment autour de la S\u00e9curit\u00e9 sociale\u00a0?<\/strong><\/p>\n<p><a href=\"https:\/\/www.fillon2017.fr\/projet\/\" target=\"_blank\" rel=\"noopener\">Le programme \u00e9conomique lib\u00e9ral de Fillon<\/a>\u00a0sans contrepoint conservateur ne lui aurait pas permis de triompher \u00e0 la primaire. Il a gagn\u00e9 dans un fauteuil en novembre pour avoir su parler de la France, de notre h\u00e9ritage et de la n\u00e9cessit\u00e9 d\u2019honorer et de transmettre le monde re\u00e7u de nos p\u00e8res. Les \u00e9lecteurs de droite \u00e9taient si sevr\u00e9s de ce discours qu\u2019ils lui ont aussit\u00f4t marqu\u00e9 leur reconnaissance en l\u2019adoubant. Lors de la primaire,\u00a0<a href=\"http:\/\/www.causeur.fr\/fillon-primaire-republicains-juppe-sarkozy-trump-41194.html\" target=\"_blank\" rel=\"noopener\">Fillon a \u00e9t\u00e9 l\u2019instrument d\u2019une aspiration qui le d\u00e9passait<\/a>. Aussit\u00f4t d\u00e9sign\u00e9, les ambigu\u00eft\u00e9s de son projet sont en effet apparues \u00e0 l\u2019occasion de la question ultra-sensible de l\u2019assurance-maladie. Apr\u00e8s ses propos ambigus, habilement exploit\u00e9s par la gauche,\u00a0<a href=\"http:\/\/www.causeur.fr\/presidentielle-campagne-fillon-choix-43739.html\" target=\"_blank\" rel=\"noopener\">Fillon a v\u00e9rifi\u00e9 que la France restait un pays t\u00e9tanis\u00e9 de peur<\/a>\u00a0\u2013 non sans raisons tangibles. Ces derni\u00e8res ann\u00e9es, l\u2019atmosph\u00e8re du monde du travail s\u2019est durcie. D\u00e9fiance et amertume s\u2019expriment jusque parmi les cadres du priv\u00e9. C\u2019est pourquoi une politique lib\u00e9rale trop syst\u00e9matique ne me para\u00eet ni possible ni souhaitable. Il faut s\u2019entendre sur les objectifs et les moyens. Des imp\u00f4ts moins \u00e9crasants, la fin des aberrantes 35 heures, des d\u00e9penses publiques raisonnables, des comptes publics au cordeau, l\u2019arm\u00e9e, la police et les autres fonctionnaires encore attach\u00e9s au service de l\u2019\u00c9tat trait\u00e9s avec \u00e9gards : voil\u00e0 ce que le conservateur d\u00e9sire. Mais il n\u2019entend pas aller plus loin et n\u2019accorde jamais une confiance aveugle \u00e0 la logique d\u2019une id\u00e9e. S\u2019adapter aux \u00e9volutions du march\u00e9 ne justifie pas tout. Comment garantir au salari\u00e9 d\u2019un grand magasin qui ne veut pas travailler le dimanche \u2013 choix respectable \u2013 qu\u2019il n\u2019y sera pas contraint en cas de lib\u00e9ralisation du travail dominical ? Tous les choix dans une entreprise ne peuvent pas \u00eatre livr\u00e9s \u00e0 l\u2019arbitraire d\u2019un rapport de force. Un conservateur ne confond pas, en outre, l\u2019\u00e9loge justifi\u00e9 de l\u2019entrepreneur avec la fascination pour la puissance ou l\u2019admiration servile de la r\u00e9ussite sociale.\u00a0\u00a0\u00a0\u00a0\u00a0\u00a0\u00a0\u00a0\u00a0\u00a0\u00a0\u00a0\u00a0\u00a0\u00a0\u00a0\u00a0\u00a0\u00a0\u00a0\u00a0\u00a0<strong><\/strong><\/p>\n<p><strong>Une \u00e9lection du lib\u00e9ral int\u00e9gral\u00a0<a href=\"http:\/\/www.causeur.fr\/blog\/sujet\/emmanuel-macron\" target=\"_blank\" rel=\"noopener\">Emmanuel Macron<\/a>\u00a0aiderait-elle \u00e0 constituer, en guise d\u2019opposition, un p\u00f4le conservateur assum\u00e9, tel que vous le d\u00e9fendez\u00a0?<\/strong><\/p>\n<p>Une victoire de Macron ne ferait qu\u2019aggraver toutes les fractures qui existent dans le pays. S\u2019inspirer d\u2019exemples \u00e9trangers, pourquoi pas ? Mais aucune greffe ne r\u00e9ussira dans notre pays si elle n\u2019entre pas en r\u00e9sonance avec le g\u00e9nie national. Le conservateur, lui, n\u2019a pas honte de l\u2019exception fran\u00e7aise. Quarante g\u00e9n\u00e9rations la lui ont l\u00e9gu\u00e9e, et un homme de tradition respecte ce qui dure. Il sait que la France ne sera jamais l\u2019Angleterre. De m\u00eame, le conservateur refuse d\u2019envisager les innovations sous le seul rapport de l\u2019int\u00e9r\u00eat du consommateur. Ce lib\u00e9ralisme-l\u00e0, tr\u00e8s peu pour lui\u00a0! Le producteur aussi a des droits, malmen\u00e9s par la tyrannie du co\u00fbt le plus bas. Le conservatisme est ainsi tout d\u00e9sign\u00e9 pour offrir une identit\u00e9 forte \u00e0 la droite qui refuserait de participer \u00e0 la majorit\u00e9 pr\u00e9sidentielle de Macron. Pour commencer, par piti\u00e9, n\u2019employons plus le mot conservateur comme synonyme d\u2019immobiliste\u00a0! C\u2019est un contresens complet. Le conservateur le sait : la vie modifie tout autour de nous. Le temps modifie les hommes comme les nations. Rien ne reste jamais parfaitement en l\u2019\u00e9tat. Le conservateur ne r\u00eave pas d\u2019une fixit\u00e9 parfaite. Il la sait impossible. Son espoir est de compenser l\u2019alt\u00e9ration perp\u00e9tuelle de toute chose en prenant appui sur les coutumes, les m\u0153urs, les rituels, les symboles et les institutions. Autant de remparts contre la l\u00e9g\u00e8ret\u00e9, la pr\u00e9somption et la suffisance. Le conservateur n\u2019est pas un esprit hostile \u00e0 toute \u00e9volution. Il refuse en revanche de vouer un culte au bouleversement permanent. Pourquoi consid\u00e9rer que changer est en soi une vertu et un bien ? L\u2019arrogance du pr\u00e9sent, la volont\u00e9 de faire table rase du pass\u00e9 et le bl\u00e2me attach\u00e9 \u00e0 la nostalgie sont des sentiments qui r\u00e9vulsent le conservateur. Il n\u2019y voit qu\u2019une sotte pr\u00e9tention. Le respect de l\u2019h\u00e9ritage est la condition d\u2019un changement profitable. Les innovations heureuses sont des greffes prudentes qu\u2019on op\u00e8re sur un ch\u00eane v\u00e9n\u00e9rable qui r\u00e9clame des soins respectueux. C\u2019est le B-A-BA du conservatisme. \u00a0<strong><\/strong><\/p>\n<p><strong>Quelles personnalit\u00e9s pourraient l\u2019incarner\u00a0? En voyez-vous dans la droite actuelle\u00a0? Ou doit-on se tourner vers la soci\u00e9t\u00e9 civile, et lancer d\u00e8s maintenant le hashtag\u00a0<a href=\"http:\/\/www.causeur.fr\/blog\/sujet\/natacha-polony\" target=\"_blank\" rel=\"noopener\">#Polony2022<\/a>\u00a0?\u00a0\u00a0\u00a0\u00a0\u00a0\u00a0\u00a0\u00a0\u00a0\u00a0\u00a0\u00a0\u00a0\u00a0\u00a0\u00a0\u00a0\u00a0\u00a0\u00a0\u00a0\u00a0\u00a0\u00a0\u00a0\u00a0\u00a0\u00a0\u00a0\u00a0\u00a0\u00a0\u00a0\u00a0\u00a0\u00a0\u00a0\u00a0\u00a0\u00a0\u00a0\u00a0\u00a0\u00a0\u00a0\u00a0\u00a0\u00a0\u00a0\u00a0\u00a0\u00a0\u00a0\u00a0\u00a0\u00a0\u00a0\u00a0\u00a0\u00a0\u00a0\u00a0\u00a0\u00a0\u00a0\u00a0\u00a0\u00a0\u00a0\u00a0\u00a0\u00a0\u00a0\u00a0\u00a0\u00a0\u00a0\u00a0\u00a0\u00a0\u00a0\u00a0\u00a0\u00a0\u00a0\u00a0\u00a0\u00a0\u00a0\u00a0\u00a0\u00a0\u00a0\u00a0\u00a0\u00a0\u00a0\u00a0<\/strong><\/p>\n<p>D\u00e9posez-le toujours \u00e0 l\u2019INPI, on ne sait jamais. La droite, en tous cas, si elle veut survivre, doit retrouver la dignit\u00e9 d\u2019une famille de pens\u00e9e avec un corpus doctrinal. L\u2019arrachement au pass\u00e9 que nous subissons depuis les ann\u00e9es 1970 fait songer \u00e0 ce qu\u2019ont v\u00e9cu les Fran\u00e7ais pendant la R\u00e9volution, ou au lendemain de la Grande Guerre. Non une simple \u00e9volution, mais une acc\u00e9l\u00e9ration brutale de l\u2019histoire, la fin de tout sentiment de continuit\u00e9, la disparition d\u2019un monde. La vitesse et la violence de la d\u00e9gradation que nous endurons suscitent une intense inqui\u00e9tude dans le pays. Allons-nous perdre le tr\u00e9sor \u2013 historique, culturel, affectif \u2013 transmis par nos a\u00een\u00e9s ? On croyait cet h\u00e9ritage acquis pour toujours et on en jouissait en f\u00eatard, n\u00e9gligemment, sans mesurer son prix ni les efforts qu\u2019il avait co\u00fbt\u00e9s \u00e0 ceux qui nous pr\u00e9c\u00e9d\u00e8rent et avaient fait de nous ce que nous sommes. Voil\u00e0 soudain qu\u2019on le d\u00e9couvre fragile et mortel. Voil\u00e0 pourquoi les conservateurs offrent une r\u00e9ponse aux anxi\u00e9t\u00e9s identitaires et culturelles du pays. Les conservateurs entendent pr\u00e9server et r\u00e9parer ce qui peut l\u2019\u00eatre dans une France chamboul\u00e9e de la cave au grenier par l\u2019application, depuis pr\u00e8s d\u2019un demi-si\u00e8cle, des th\u00e8ses des\u00a0<em>radical sixties<\/em>\u00a0n\u00e9es sur les campus am\u00e9ricains et qui ont ensuite d\u00e9ferl\u00e9 sur tous les pays occidentaux. Une majorit\u00e9 de Fran\u00e7ais de tous milieux sociaux, je le crois profond\u00e9ment, sont pr\u00eats \u00e0 les entendre.<\/p>\n","protected":false},"excerpt":{"rendered":"<p>Entretien avec le journaliste du \u201cFigaro\u201d Guillaume Perrault 2\/2 Emmanuel Macron. Sipa. Num\u00e9ro de reportage : 00802648_000017. &gt;&gt;\u00a0A lire aussi:\u00a0\u201cLa France devrait r\u00e9habiliter le conservatisme\u201d \u2013 Entretien avec le journaliste du \u201cFigaro\u201d Guillaume Perrault (1\/2) Fran\u00e7ois Fillon a \u00e9t\u00e9 d\u00e9sign\u00e9 candidat de la droite en novembre 2016 en remportant la primaire. D\u00e9sign\u00e9 pour son conservatisme, [&hellip;]<\/p>\n","protected":false},"author":10,"featured_media":0,"comment_status":"closed","ping_status":"open","sticky":false,"template":"","format":"standard","meta":{"footnotes":""},"categories":[6],"tags":[],"class_list":{"0":"post-3292","1":"post","2":"type-post","3":"status-publish","4":"format-standard","6":"category-les-entretiens-dantidote"},"_links":{"self":[{"href":"https:\/\/blog.causeur.fr\/antidote\/wp-json\/wp\/v2\/posts\/3292","targetHints":{"allow":["GET"]}}],"collection":[{"href":"https:\/\/blog.causeur.fr\/antidote\/wp-json\/wp\/v2\/posts"}],"about":[{"href":"https:\/\/blog.causeur.fr\/antidote\/wp-json\/wp\/v2\/types\/post"}],"author":[{"embeddable":true,"href":"https:\/\/blog.causeur.fr\/antidote\/wp-json\/wp\/v2\/users\/10"}],"replies":[{"embeddable":true,"href":"https:\/\/blog.causeur.fr\/antidote\/wp-json\/wp\/v2\/comments?post=3292"}],"version-history":[{"count":0,"href":"https:\/\/blog.causeur.fr\/antidote\/wp-json\/wp\/v2\/posts\/3292\/revisions"}],"wp:attachment":[{"href":"https:\/\/blog.causeur.fr\/antidote\/wp-json\/wp\/v2\/media?parent=3292"}],"wp:term":[{"taxonomy":"category","embeddable":true,"href":"https:\/\/blog.causeur.fr\/antidote\/wp-json\/wp\/v2\/categories?post=3292"},{"taxonomy":"post_tag","embeddable":true,"href":"https:\/\/blog.causeur.fr\/antidote\/wp-json\/wp\/v2\/tags?post=3292"}],"curies":[{"name":"wp","href":"https:\/\/api.w.org\/{rel}","templated":true}]}}