{"id":3295,"date":"2017-04-24T07:47:54","date_gmt":"2017-04-24T05:47:54","guid":{"rendered":"http:\/\/blog.causeur.fr\/antidote\/?p=3295"},"modified":"2021-04-26T16:10:10","modified_gmt":"2021-04-26T14:10:10","slug":"macron-le-pen-deux-france-sopposent","status":"publish","type":"post","link":"https:\/\/blog.causeur.fr\/antidote\/macron-le-pen-deux-france-sopposent-3295","title":{"rendered":"Macron \u2013 Le Pen: deux France s\u2019opposent"},"content":{"rendered":"<h3>\u201cOn est gentils\u201d vs. \u201cOn est chez nous\u201d<\/h3>\n<p><a href=\"http:\/\/blog.causeur.fr\/antidote\/?attachment_id=43938\" rel=\"attachment wp-att-43938\"><img loading=\"lazy\" decoding=\"async\" src=\"http:\/\/www.causeur.fr\/wp-content\/uploads\/2017\/04\/marine-le-pen-emmanuel-macron-655x400.jpg\" alt=\"\" width=\"655\" height=\"400\" \/><\/a><\/p>\n<p>Marine Le Pen et Emmanuel Macron sortent de l&rsquo;isoloir, 23 avril 2017. SIPA.<\/p>\n<p><a href=\"http:\/\/www.causeur.fr\/presidentielle-resultats-premier-tour-43931.html\" target=\"_blank\" rel=\"noopener\">En permettant \u00e0 Emmanuel Macron et Marine Le Pen de se qualifier pour le second tour<\/a>, les Fran\u00e7ais ont d\u00e9cid\u00e9 de tourner une page. Ils ont tout d\u2019abord sanctionn\u00e9 les deux grands partis de gouvernement. Beno\u00eet Hamon a perdu trois semaines dans des n\u00e9gociations avec Europe-Ecologie et en a r\u00e9colt\u00e9 le r\u00e9sultat en adoptant le score qui va avec. Aujourd\u2019hui,\u00a0<a href=\"http:\/\/www.lemonde.fr\/election-presidentielle-2017\/article\/2017\/04\/23\/presidentielle-benoit-hamon-decroche-a-la-cinquieme-place_5116056_4854003.html\" target=\"_blank\" rel=\"noopener\">le PS est en \u00e9tat de mort clinique<\/a>. Les R\u00e9publicains ne se portent pas beaucoup mieux\u00a0: ils se retrouvent aujourd\u2019hui sans t\u00eate.<\/p>\n<p>Pendant toute la soir\u00e9e,\u00a0<a href=\"https:\/\/www.lesechos.fr\/elections\/emmanuel-macron\/0212005427732-battus-les-republicains-appellent-a-voter-pour-emmanuel-macron-2081741.php\" target=\"_blank\" rel=\"noopener\">les d\u00e9clarations d\u2019intentions de vote en faveur d\u2019Emmanuel Macron de la part des dignitaires LR se sont succ\u00e9d\u00e9.<\/a><\/p>\n<div>\n<div lang=\"fr\">\n<div>\n<blockquote cite=\"https:\/\/twitter.com\/cestrosi\/status\/856208416930451456\">\n<div>\n<div>\n<p><a title=\"Suivre Christian Estrosi sur Twitter\" href=\"https:\/\/twitter.com\/cestrosi\">\u00a0Suivre<\/a><\/p>\n<\/div>\n<div><a href=\"https:\/\/twitter.com\/cestrosi\"><img decoding=\"async\" src=\"https:\/\/pbs.twimg.com\/profile_images\/844922661482434560\/LmqatSLX_normal.jpg\" alt=\"\" \/>Christian Estrosi\u00a0<\/a><a href=\"https:\/\/twitter.com\/cestrosi\">\u2714@cestrosi<\/a><\/div>\n<\/div>\n<div>\n<p lang=\"fr\" dir=\"ltr\">J\u2019appelle donc tous les citoyens de notre pays \u00e0 voter en faveur d\u2019<a href=\"https:\/\/twitter.com\/EmmanuelMacron\">@EmmanuelMacron<\/a>. Il est d\u00e9sormais le candidat de tous les r\u00e9publicains.<\/p>\n<div><a href=\"https:\/\/twitter.com\/cestrosi\/status\/856208416930451456\">20:09 &#8211; 23 Apr 2017<\/a><\/div>\n<ul>\n<li><a href=\"https:\/\/twitter.com\/intent\/retweet?tweet_id=856208416930451456\">\u00a01\u00a00591\u00a0059 Retweets<\/a><\/li>\n<li><a href=\"https:\/\/twitter.com\/intent\/like?tweet_id=856208416930451456\">\u00a01\u00a00221\u00a0022 j&rsquo;aime<\/a><\/li>\n<\/ul>\n<\/div>\n<\/blockquote>\n<\/div>\n<\/div>\n<\/div>\n<div>\n<div lang=\"fr\">\n<article dir=\"ltr\">\n<div>\n<div>\n<div>\n<p><a href=\"https:\/\/twitter.com\/nk_m\/status\/856238243238596608\"><img decoding=\"async\" src=\"https:\/\/pbs.twimg.com\/amplify_video_thumb\/856236694315651074\/img\/FwMUW0ZZsMYfYiDH.jpg\" alt=\"\" \/><\/a><\/p>\n<\/div>\n<\/div>\n<\/div>\n<\/article>\n<div>\n<blockquote cite=\"https:\/\/twitter.com\/nk_m\/status\/856238243238596608\">\n<div>\n<div>\n<p><a title=\"Suivre N. Kosciusko-Morizet sur Twitter\" href=\"https:\/\/twitter.com\/nk_m\">\u00a0Suivre<\/a><\/p>\n<\/div>\n<div><a href=\"https:\/\/twitter.com\/nk_m\"><img decoding=\"async\" src=\"https:\/\/pbs.twimg.com\/profile_images\/839874789095391236\/Z7TJi4_d_normal.jpg\" alt=\"\" \/>N. Kosciusko-Morizet\u00a0<\/a><a href=\"https:\/\/twitter.com\/nk_m\">\u2714@nk_m<\/a><\/div>\n<\/div>\n<div>\n<p lang=\"fr\" dir=\"ltr\">\u00ab\u00a0J\u2019ai toujours combattu le ni-ni qui renvoyait dos \u00e0 dos le FN et la gauche\u00a0: il y a un adversaire et un ennemi.\u00a0\u00bb\u00a0<a href=\"https:\/\/twitter.com\/hashtag\/Pr%C3%A9sidentielle2017?src=hash\" rel=\"tag\">#Pr\u00e9sidentielle2017<\/a><\/p>\n<div><a href=\"https:\/\/twitter.com\/nk_m\/status\/856238243238596608\">22:07 &#8211; 23 Apr 2017<\/a><\/div>\n<ul>\n<li><a href=\"https:\/\/twitter.com\/intent\/retweet?tweet_id=856238243238596608\">\u00a0104104 Retweets<\/a><\/li>\n<li><a href=\"https:\/\/twitter.com\/intent\/like?tweet_id=856238243238596608\">\u00a0161161 j&rsquo;aime<\/a><\/li>\n<\/ul>\n<\/div>\n<\/blockquote>\n<\/div>\n<\/div>\n<\/div>\n<p>Seul Laurent Wauquiez a souhait\u00e9 passer par-dessus le second tour de la pr\u00e9sidentielle pour ne voir que les \u00e9lections l\u00e9gislatives, unique moyen pour son parti de survivre, voire m\u00eame de prendre une revanche rapide. Dans cette optique, il manque un chef. Je m\u2019\u00e9tais amus\u00e9 il y a quelques jours \u00e0 imaginer\u00a0<a href=\"http:\/\/www.causeur.fr\/presidentielle-sondages-premier-tour-fiction-43514.html\" target=\"_blank\" rel=\"noopener\">le retour de Nicolas Sarkozy<\/a>\u00a0pour cette occasion dans une politique-fiction. Et si j\u2019avais vu juste\u00a0?<\/p>\n<p><a href=\"http:\/\/www.dailymotion.com\/video\/x5jge4o_francois-fillon-il-n-y-a-pas-d-autres-choix-que-de-voter-contre-l-extreme-droite-je-voterai-donc-en_tv\" target=\"_blank\" rel=\"noopener\">Fran\u00e7ois Fillon : \u201cIl n\u2019y a pas d\u2019autres choix\u2026<\/a>\u00a0<em>par\u00a0<a href=\"http:\/\/www.dailymotion.com\/BFMTV\" target=\"_blank\" rel=\"noopener\">BFMTV<\/a><\/em><\/p>\n<p>L\u2019\u00e9chec du PS et de LR d\u00e8s ce premier tour est aussi celui des primaires. Leurs vainqueurs parviennent \u00e0 peine \u00e0 eux deux \u00e0 r\u00e9unir un quart des \u00e9lecteurs. Il y a cinq ans, ce syst\u00e8me nous avait donn\u00e9 un tr\u00e8s mauvais pr\u00e9sident, nous savons maintenant qu\u2019il peut aussi s\u00e9lectionner de tr\u00e8s mauvais candidats. Echaud\u00e9e par l\u2019exp\u00e9rience, cette classe politique abandonnera peut-\u00eatre ce syst\u00e8me aussi d\u00e9l\u00e9t\u00e8re qu\u2019inefficace et reviendra \u00e0 une lecture gaullienne de cette \u00e9lection, celle de la rencontre d\u2019un homme et d\u2019un peuple, au-del\u00e0 des structures partisanes. Jean-Luc M\u00e9lenchon, qui a pratiquement doubl\u00e9 son score de 2012, Emmanuel Macron, qui n\u2019avait m\u00eame pas de parti politique \u00e0 son service, et Marine Le Pen, qui avait \u00e9limin\u00e9 le sigle de son parti de tous ses documents de campagne, l\u2019ont compris.<\/p>\n<h3>\u201cOn est gentils\u201d vs. \u201cOn est chez nous\u201d<\/h3>\n<p>Ce second tour mat\u00e9rialise-t-il la recomposition attendue depuis des ann\u00e9es autour du clivage sur la mondialisation\u00a0? C\u2019est en tout cas ce que souhaitent les deux qualifi\u00e9s du jour. C\u2019est sur cette base qu\u2019ils se sont choisis comme adversaires. Personnellement, je regrette que cette recomposition ne soit pas intervenue plus t\u00f4t avec des personnalit\u00e9s moins caricaturales. Apr\u00e8s Maastricht, par exemple, ou en 2002 au moment o\u00f9\u00a0<a href=\"https:\/\/www.lesechos.fr\/21\/01\/2002\/LesEchos\/18576-171-ECH_chevenement-structure-ses-troupes-pour---turbuler-le-systeme---jospin-chirac.htm\" target=\"_blank\" rel=\"noopener\">une candidature avait tent\u00e9 de faire \u00ab\u00a0turbuler le syst\u00e8me\u00a0\u00bb<\/a>. On a toujours tort d\u2019avoir raison trop t\u00f4t disait Edgar Faure. Cette recomposition se produit dans un contexte o\u00f9 la soci\u00e9t\u00e9 fran\u00e7aise est plus que jamais radicalis\u00e9e. Comme l\u2019a expliqu\u00e9 Henri Guaino pendant des semaines, il n\u2019y a pas de droitisation mais de la radicalisation, dans tous les partis politiques, dans la rue, dans les banlieues\u00a0<a href=\"http:\/\/www.20minutes.fr\/marseille\/2051263-20170417-violences-bastia-deroule-faits-commence-etre-plus-clair-quelques-zones-ombre-subsistent\" target=\"_blank\" rel=\"noopener\">et m\u00eame dans les stades<\/a>.<\/p>\n<p>M\u00eame la candidature d\u2019Emmanuel Macron comporte une forme de radicalisation: j\u2019avan\u00e7ais, il y a quelques jours,\u00a0qu\u2019il incarnait\u00a0<a href=\"http:\/\/www.causeur.fr\/macron-en-marche-besancon-fillon-43727.html\" target=\"_blank\" rel=\"noopener\">un \u00ab\u00a0bisounoursisme radicalis\u00e9\u00a0\u00bb<\/a>.\u00a0\u00a0Car si les smartphones des \u00ab\u00a0helpers\u00a0\u00bb d\u2019En Marche\u00a0! le lui avaient ordonn\u00e9, l\u2019assistance aurait bien scand\u00e9 \u00ab\u00a0on est gentils\u00a0!\u00a0\u00bb. \u00ab\u00a0On est gentils\u00a0\u00bb versus \u00ab\u00a0on est chez nous\u00a0\u00bb, tel est donc le combat radicalis\u00e9 auquel nous allons assister maintenant. Ceux qui pensent que l\u2019affaire est d\u00e9j\u00e0 pli\u00e9e devraient \u00eatre prudents. Le scientifique Serge Galam qui avait vu venir les victoires du Brexit et de Trump les a mis en garde r\u00e9cemment. Florian Philippot draguait, hier soir, les \u00e9lecteurs de M\u00e9lenchon sur\u00a0<em>France 2<\/em>, pendant que Marion Mar\u00e9chal-Le Pen faisait de m\u00eame avec ceux de Fran\u00e7ois Fillon sur\u00a0<em>TF1<\/em>. Le r\u00eave de Marine Le Pen, reconstituer derri\u00e8re la France du Non au TCE n\u2019est pas inaccessible.\u00a0<a href=\"http:\/\/www.rtl.fr\/actu\/politique\/resultats-election-presidentielle-2017-nicolas-dupont-aignan-ne-se-prononce-pas-7788256861\" target=\"_blank\" rel=\"noopener\">Nicolas Dupont-Aignan lui annoncera peut-\u00eatre dans quelques jours son soutien<\/a>, et Jean-Luc M\u00e9lenchon refuse, pour l\u2019heure, de donner une consigne de vote. Quant aux \u00e9lecteurs des R\u00e9publicains, comment pourraient-ils suivre aveugl\u00e9ment les consignes de leur candidat pour le second tour alors qu\u2019on les a convi\u00e9s \u00e0 choisir leur candidat pour le premier\u00a0? N\u2019assistera-t-on pas \u00e0 l\u2019occasion \u00e0 une nouvelle manifestation de la d\u00e9connexion des leaders de la droite avec leur \u00e9lectorat, radicalis\u00e9 lui aussi\u00a0? Marine Le Pen en est fort consciente, elle qui a fustig\u00e9 le candidat de \u00ab\u00a0l\u2019Argent-roi\u00a0\u00bb. Cette bataille n\u2019est pas jou\u00e9e et pourrait r\u00e9server des surprises\u00a0: la campagne la plus incroyable de la Ve R\u00e9publique n\u2019a pas encore livr\u00e9 toutes ses v\u00e9rit\u00e9s<\/p>\n<p>&nbsp;<\/p>\n<p>&nbsp;<\/p>\n<p>&nbsp;<\/p>\n","protected":false},"excerpt":{"rendered":"<p>\u201cOn est gentils\u201d vs. \u201cOn est chez nous\u201d Marine Le Pen et Emmanuel Macron sortent de l&rsquo;isoloir, 23 avril 2017. SIPA. En permettant \u00e0 Emmanuel Macron et Marine Le Pen de se qualifier pour le second tour, les Fran\u00e7ais ont d\u00e9cid\u00e9 de tourner une page. Ils ont tout d\u2019abord sanctionn\u00e9 les deux grands partis de [&hellip;]<\/p>\n","protected":false},"author":10,"featured_media":0,"comment_status":"closed","ping_status":"open","sticky":false,"template":"","format":"standard","meta":{"footnotes":""},"categories":[5],"tags":[],"class_list":{"0":"post-3295","1":"post","2":"type-post","3":"status-publish","4":"format-standard","6":"category-sulfate"},"_links":{"self":[{"href":"https:\/\/blog.causeur.fr\/antidote\/wp-json\/wp\/v2\/posts\/3295","targetHints":{"allow":["GET"]}}],"collection":[{"href":"https:\/\/blog.causeur.fr\/antidote\/wp-json\/wp\/v2\/posts"}],"about":[{"href":"https:\/\/blog.causeur.fr\/antidote\/wp-json\/wp\/v2\/types\/post"}],"author":[{"embeddable":true,"href":"https:\/\/blog.causeur.fr\/antidote\/wp-json\/wp\/v2\/users\/10"}],"replies":[{"embeddable":true,"href":"https:\/\/blog.causeur.fr\/antidote\/wp-json\/wp\/v2\/comments?post=3295"}],"version-history":[{"count":0,"href":"https:\/\/blog.causeur.fr\/antidote\/wp-json\/wp\/v2\/posts\/3295\/revisions"}],"wp:attachment":[{"href":"https:\/\/blog.causeur.fr\/antidote\/wp-json\/wp\/v2\/media?parent=3295"}],"wp:term":[{"taxonomy":"category","embeddable":true,"href":"https:\/\/blog.causeur.fr\/antidote\/wp-json\/wp\/v2\/categories?post=3295"},{"taxonomy":"post_tag","embeddable":true,"href":"https:\/\/blog.causeur.fr\/antidote\/wp-json\/wp\/v2\/tags?post=3295"}],"curies":[{"name":"wp","href":"https:\/\/api.w.org\/{rel}","templated":true}]}}