{"id":33,"date":"2008-09-27T17:17:14","date_gmt":"2008-09-27T16:17:14","guid":{"rendered":"http:\/\/carnet.causeur.fr\/antidote\/?p=33"},"modified":"2021-04-26T16:12:18","modified_gmt":"2021-04-26T14:12:18","slug":"ecouter-catherine-nay-cest-bon-pour-lego","status":"publish","type":"post","link":"https:\/\/blog.causeur.fr\/antidote\/ecouter-catherine-nay-cest-bon-pour-lego-33","title":{"rendered":"Ecouter Catherine Nay, c&#039;est bon pour l&#039;ego"},"content":{"rendered":"<p>Hier soir, en remarquant que Michel Denisot avait encore convi\u00e9 Madame Catherine Nay \u00e0 analyser la semaine politique dans le Grand Journal, je me faisais la r\u00e9flexion suivante : Y a t-il encore un int\u00e9r\u00eat \u00e0 \u00e9couter cette dame ? Celle qui fustige \u00ab\u00a0le manque de culture \u00e9conomique des Fran\u00e7ais\u00a0\u00bb \u00e0 longueur d&rsquo;\u00e9ditoriaux alors que la sienne ne d\u00e9passe pas celle d&rsquo;un \u00e9l\u00e8ve de seconde au mois d&rsquo;octobre (c&rsquo;est \u00e0 dire apr\u00e8s trois ou quatre lectures de la revue Alternatives \u00e9conomiques) a t&rsquo;elle encore l\u00e9gitimit\u00e9 \u00e0 p\u00e9rorer sur les plateaux de t\u00e9l\u00e9vision ?<\/p>\n<p>Rappelons le CV de cette personne. Elle fut emba\u00fbch\u00e9e il y a bien longtemps par Fran\u00e7oise Giroud et JJSS \u00e0 l&rsquo;Express pour suivre (sic) les parlementaires gaullistes. Les jolies filles, para\u00eet-il, amadouaient ais\u00e9ment ces derniers. Catherine Nay s&rsquo;acquitta fort bien de la t\u00e2che, jusqu&rsquo;\u00e0 partager la vie d&rsquo;un ancien ministre, lequel baignait dans le gaullisme immobilier (davantage immobilier que gaulliste, soyons justes), et fut, entre autres, l&rsquo;inventeur du concept de prisons priv\u00e9es et m\u00e9c\u00e8ne de Rachida Dati. Tour \u00e0 tour grande thurif\u00e9raire de Jacques Chirac, d&rsquo;Edouard Balladur et de Nicolas Sarkozy, biographe officielle de ce dernier, elle traite les Fran\u00e7ais d&rsquo;enfants g\u00e2t\u00e9s le samedi matin sur Europe 1 parce qu&rsquo;il leur arrive parfois de demander timidement de continuer de b\u00e9n\u00e9ficier d&rsquo;un syst\u00e8me de s\u00e9curit\u00e9 sociale ou de l&rsquo;existence d&rsquo;inspecteurs du travail. Je n&rsquo;appr\u00e9cie gu\u00e8re Alain Duhamel mais force est de constater que lui, au moins, poss\u00e8de une certaine culture historique et \u00e9conomique.<\/p>\n<p>Que l&rsquo;on ne s&rsquo;\u00e9tonne pas du d\u00e9veloppement des blogs. Ecouter Catherine Nay, forc\u00e9ment, cela renforce l&rsquo;ego. On se sent bigrement intelligent apr\u00e8s l&rsquo;avoir \u00e9cout\u00e9. Ou, en tout cas, beaucoup moins con qu&rsquo;elle.<\/p>\n<p>PS : Au moment o\u00f9 j&rsquo;\u00e9cris ses lignes, j&rsquo;apprends qu&rsquo;Alain Minc est encore invit\u00e9 d&rsquo;une \u00e9mission ce soir apr\u00e8s avoir \u00e9t\u00e9 aussi chez Denisot cette semaine. Alain Minc a tous les dipl\u00f4mes de la Terre mais s&rsquo;est toujours tromp\u00e9 sur tout. Il a m\u00eame \u00e9crit La mondialisation heureuse. Rien que pour \u00e7a, on devrait r\u00e9tablir le pilori. J&rsquo;esp\u00e8re au moins que Zemmour, rare chroniqueur intelligent de notre \u00e9poque, lui fera -le plus m\u00e9chamment possible- remarquer.<\/p>\n","protected":false},"excerpt":{"rendered":"<p>Hier soir, en remarquant que Michel Denisot avait encore convi\u00e9 Madame Catherine Nay \u00e0 analyser la semaine politique dans le Grand Journal, je me faisais la r\u00e9flexion suivante : Y a t-il encore un int\u00e9r\u00eat \u00e0 \u00e9couter cette dame ? Celle qui fustige \u00ab\u00a0le manque de culture \u00e9conomique des Fran\u00e7ais\u00a0\u00bb \u00e0 longueur d&rsquo;\u00e9ditoriaux alors que [&hellip;]<\/p>\n","protected":false},"author":10,"featured_media":0,"comment_status":"open","ping_status":"closed","sticky":false,"template":"","format":"standard","meta":{"footnotes":""},"categories":[4],"tags":[],"class_list":{"0":"post-33","1":"post","2":"type-post","3":"status-publish","4":"format-standard","6":"category-oxygene"},"_links":{"self":[{"href":"https:\/\/blog.causeur.fr\/antidote\/wp-json\/wp\/v2\/posts\/33","targetHints":{"allow":["GET"]}}],"collection":[{"href":"https:\/\/blog.causeur.fr\/antidote\/wp-json\/wp\/v2\/posts"}],"about":[{"href":"https:\/\/blog.causeur.fr\/antidote\/wp-json\/wp\/v2\/types\/post"}],"author":[{"embeddable":true,"href":"https:\/\/blog.causeur.fr\/antidote\/wp-json\/wp\/v2\/users\/10"}],"replies":[{"embeddable":true,"href":"https:\/\/blog.causeur.fr\/antidote\/wp-json\/wp\/v2\/comments?post=33"}],"version-history":[{"count":0,"href":"https:\/\/blog.causeur.fr\/antidote\/wp-json\/wp\/v2\/posts\/33\/revisions"}],"wp:attachment":[{"href":"https:\/\/blog.causeur.fr\/antidote\/wp-json\/wp\/v2\/media?parent=33"}],"wp:term":[{"taxonomy":"category","embeddable":true,"href":"https:\/\/blog.causeur.fr\/antidote\/wp-json\/wp\/v2\/categories?post=33"},{"taxonomy":"post_tag","embeddable":true,"href":"https:\/\/blog.causeur.fr\/antidote\/wp-json\/wp\/v2\/tags?post=33"}],"curies":[{"name":"wp","href":"https:\/\/api.w.org\/{rel}","templated":true}]}}