{"id":3336,"date":"2017-09-21T14:19:45","date_gmt":"2017-09-21T12:19:45","guid":{"rendered":"http:\/\/blog.causeur.fr\/antidote\/?p=3336"},"modified":"2021-04-26T16:09:59","modified_gmt":"2021-04-26T14:09:59","slug":"le-pen-philippot-ils-se-sont-tant-aimes","status":"publish","type":"post","link":"https:\/\/blog.causeur.fr\/antidote\/le-pen-philippot-ils-se-sont-tant-aimes-3336","title":{"rendered":"Le Pen-Philippot: ils se sont tant aim\u00e9s\u2026"},"content":{"rendered":"<div class=\"td-pb-row\">\n<div class=\"td-pb-span12\">\n<div class=\"td-post-header\">\n<header class=\"td-post-title\">\n<div class=\"td-featured-image-rec\">\n<div class=\"td-post-featured-image\">\n<figure><a class=\"td-modal-image\" href=\"https:\/\/www.causeur.fr\/wp-content\/uploads\/2017\/09\/le-pen-marine-florian-philippot.png\"><img loading=\"lazy\" decoding=\"async\" class=\"entry-thumb\" title=\"le-pen-marine-florian-philippot\" src=\"https:\/\/www.causeur.fr\/wp-content\/uploads\/2017\/09\/le-pen-marine-florian-philippot.png\" alt=\"\" width=\"640\" height=\"389\" \/><\/a><figcaption class=\"wp-caption-text\"><em>Article publi\u00e9 jeudi 21 septembre \u00e0 6h00<\/em><\/figcaption><\/figure>\n<\/div>\n<\/div>\n<\/header>\n<\/div>\n<\/div>\n<\/div>\n<div class=\"td-pb-row\">\n<div class=\"td-pb-span8 td-main-content\">\n<div class=\"td-ss-main-content\">\n<div class=\"td-post-content\">\n<p>Hier soir,\u00a0<a href=\"http:\/\/www.cnews.fr\/politique\/video\/florian-philippot-invite-de-laurence-ferrari-179555\" target=\"_blank\" rel=\"noopener\">face \u00e0 Laurence Ferrari<\/a>, Florian Philippot a utilis\u00e9 l\u2019imparfait quant \u00e0 sa participation au FN.<\/p>\n<p>Certes, il n\u2019a pas l\u2019intention de prendre l\u2019initiative de ce d\u00e9part, pr\u00e9cisant qu\u2019il \u00ab\u00a0faudra [le] d\u00e9mettre\u00a0\u00bb. Mais quand on l\u2019\u00e9coutait parler au pass\u00e9 de son militantisme pour le Front et \u00e9voquer le constat \u00ab\u00a0terrifiant\u00a0\u00bb de changement de ligne, on comprenait qu\u2019il avait int\u00e9gr\u00e9 la rupture. D\u00e8s juin, en fait, Florian Philippot \u00e9tait dans le viseur. N<a href=\"https:\/\/www.causeur.fr\/fn-marine-lepen-philippot-montel-145260\" target=\"_blank\" rel=\"noopener\">ous \u00e9tions all\u00e9s voir Sophie Montel<\/a>, toute fra\u00eechement d\u00e9barqu\u00e9e de sa pr\u00e9sidence de groupe au Conseil r\u00e9gional de Bourgogne-Franche-Comt\u00e9 et nous avions compris \u2013 et \u00e9crit \u2013 que c\u2019\u00e9tait bien le strat\u00e8ge qui \u00e9tait vis\u00e9 \u00e0 travers son plus proche lieutenant. Pour avoir commis ce papier, nous avons d\u2019abord \u00e9t\u00e9 accus\u00e9s d\u2019\u00eatre manipul\u00e9s par Montel, puis plus r\u00e9cemment de l\u2019avoir manipul\u00e9e, participant \u00e0 un plan machiav\u00e9lique aboutissant \u00e0 la crise du FN. On ne rit pas.<\/p>\n<h3>Accord perdu<\/h3>\n<p>Il y a quelques jours, notre camarade Daoud Boughezala annon\u00e7ait\u00a0<a href=\"https:\/\/www.causeur.fr\/fn-philippot-florian-marine-montel-146555\" target=\"_blank\" rel=\"noopener\">sur Causeur.fr<\/a>\u00a0que la deuxi\u00e8me phase de la purge \u00e9tait dans les tuyaux, c\u2019\u00e9tait le tour de Philippot. Nicolas Bay est venu installer le successeur de Montel \u00e0 Dijon et d\u2019autres proches du duo social-souverainiste ont \u00e9t\u00e9 destitu\u00e9s de leur poste de secr\u00e9taire d\u00e9partemental\u00a0: Robert Sennerich, conjoint de Sophie Montel, dans le Doubs, et Lilian Noirot en Sa\u00f4ne et Loire. Surtout, Marine Le Pen elle-m\u00eame est mont\u00e9e au front, entamant un dialogue avec Florian Philippot par m\u00e9dias audiovisuels interpos\u00e9s. Il devait choisir entre son poste de vice-pr\u00e9sident du FN et la pr\u00e9sidence de son association \u00ab\u00a0Les Patriotes\u00a0\u00bb\u00a0; il devait se soumettre ou se d\u00e9mettre. A chaque fois, l\u2019ex-strat\u00e8ge du FN a r\u00e9pondu qu\u2019il ne ferait pas lui-m\u00eame ce choix, arguant que cette demande \u00e9tait ill\u00e9gitime. Hier soir, il a sembl\u00e9 indiquer qu\u2019il prenait acte du projet de Marine Le Pen de le d\u00e9mettre de ses fonctions ex\u00e9cutives dans le parti. Plus tard, dans la soir\u00e9e, Marine Le Pen retirait sa d\u00e9l\u00e9gation \u00e0 la communication et \u00e0 la strat\u00e9gie \u00e0 Florian Philippot, qui demeure vice-pr\u00e9sident, mais \u00e0 rien du tout. Encore une minute monsieur le bourreau\u00a0!<\/p>\n<div class=\"SandboxRoot env-bp-350\">\n<div id=\"twitter-widget-0\" class=\"EmbeddedTweet EmbeddedTweet--edge js-clickToOpenTarget tweet-InformationCircle-widgetParent js-enableExperiments\" lang=\"fr\">\n<div class=\"EmbeddedTweet-tweet\">\n<blockquote class=\"Tweet h-entry js-tweetIdInfo subject expanded \n<p>                    is-deciderHtmlWhitespace\" cite=\"https:\/\/twitter.com\/MLP_officiel\/status\/910582930019356673\"><\/p>\n<div class=\"Tweet-header u-cf\">\n<div class=\"Tweet-brand u-floatRight\">\n<div class=\"Icon Icon--twitter \" title=\"\"><\/div>\n<p><span class=\"u-hiddenInNarrowEnv\"><a class=\"FollowButton FollowButton--edge follow-button profile\" title=\"Suivre Marine Le Pen sur Twitter\" href=\"https:\/\/twitter.com\/MLP_officiel\">\u00a0Suivre<\/a><\/span><\/div>\n<div class=\"TweetAuthor \"><a class=\"TweetAuthor-link Identity u-linkBlend\" href=\"https:\/\/twitter.com\/MLP_officiel\"><span class=\"TweetAuthor-avatar Identity-avatar\"><img decoding=\"async\" class=\"Avatar Avatar--edge\" src=\"https:\/\/pbs.twimg.com\/profile_images\/861995025714032640\/DyD5ZMFo_normal.jpg\" alt=\"\" \/><\/span><span class=\"TweetAuthor-name Identity-name customisable-highlight\" title=\"Marine Le Pen\">Marine Le Pen<\/span>\u00a0<\/a><\/p>\n<div class=\"Icon Icon--verified \" title=\"Compte certifi\u00e9\"><\/div>\n<p><a class=\"TweetAuthor-link Identity u-linkBlend\" href=\"https:\/\/twitter.com\/MLP_officiel\"><span class=\"TweetAuthor-verifiedBadge\"><b class=\"u-hiddenVisually\">\u2714<\/b><\/span><span class=\"TweetAuthor-screenName Identity-screenName\" dir=\"ltr\" title=\"@MLP_officiel\">@MLP_officiel<\/span><\/a><\/div>\n<\/div>\n<div class=\"Tweet-body e-entry-content\">\n<p class=\"Tweet-text e-entry-title\" dir=\"ltr\" lang=\"fr\">J&rsquo;ai pris la d\u00e9cision de retirer \u00e0\u00a0<a class=\"PrettyLink profile customisable h-card\" href=\"https:\/\/twitter.com\/f_philippot\"><span class=\"PrettyLink-prefix\">@<\/span><span class=\"PrettyLink-value\">f_philippot<\/span><\/a>\u00a0sa d\u00e9l\u00e9gation \u00e0 la strat\u00e9gie et \u00e0 la communication.<\/p>\n<p><img decoding=\"async\" class=\"Emoji Emoji--forText\" title=\"Lower left fountain pen\" src=\"https:\/\/abs.twimg.com\/emoji\/v2\/72x72\/1f58b.png\" alt=\"?\" \/>\u00a0Communiqu\u00e9 :\u00a0<a class=\"link customisable\" title=\"https:\/\/www.facebook.com\/MarineLePen\/photos\/a.178248365524829.50011.123316887684644\/1902000719816243\/?type=3&amp;permPage=1\" href=\"https:\/\/t.co\/EMILPP279p\" target=\"_blank\" rel=\"nofollow noopener\"><span class=\"u-hiddenVisually\">https:\/\/www.<\/span>facebook.com\/MarineLePen\/ph<span class=\"u-hiddenVisually\">otos\/a.178248365524829.50011.123316887684644\/1902000719816243\/?type=3&amp;permPage=1\u00a0<\/span>\u2026<\/a><\/p>\n<div class=\"Tweet-metadata dateline\"><a class=\"u-linkBlend u-url customisable-highlight long-permalink\" href=\"https:\/\/twitter.com\/MLP_officiel\/status\/910582930019356673\">21:14 &#8211; 20 sept. 2017<\/a><\/div>\n<\/div>\n<\/blockquote>\n<\/div>\n<div class=\"tweet-InformationCircle--bottom tweet-InformationCircle\"><\/div>\n<\/div>\n<div class=\"resize-sensor\"><\/div>\n<\/div>\n<p>Ils se sont tant aim\u00e9s, ces deux-l\u00e0. Marine Le Pen, avant m\u00eame de prendre les commandes du FN, souhaitait en faire un parti souverainiste, affranchi du clivage droite-gauche. Ses id\u00e9es, elle les avait couch\u00e9es sur le papier dans un livre paru en 2006\u00a0<em>A contreflots<\/em>. Bien avant qu\u2019elle ne connaisse l\u2019existence de Florian Philippot. Tous ceux qui ont expliqu\u00e9 depuis des ann\u00e9es que Marine Le Pen \u00e9tait sous influence \u2013 voire gouroutis\u00e9e \u2013 par le jeune \u00e9narque confondaient cause et cons\u00e9quence. Marine n\u2019est pas devenue souverainiste \u00e0 cause de Florian\u00a0; Marine a engag\u00e9 Florian parce qu\u2019elle se pensait souverainiste. Elle avait besoin de lui \u00e0 double titre\u00a0: d\u2019abord pour l\u2019aider \u00e0 concevoir le logiciel politique qui correspondait \u00e0 ses id\u00e9es\u00a0; ensuite pour symboliser le visage de la d\u00e9diabolisation, en \u00eatre sa vitrine avenante. Ils se sont donc tant aim\u00e9s, au point qu\u2019elle lui pardonnait tout et qu\u2019elle n\u2019a jamais su vraiment fixer de limites au pouvoir que Philippot prenait, par sa boulimie de travail surtout, mais aussi parfois par une intol\u00e9rance aux autres tendances du FN.<\/p>\n<h3>Y a-t-il un chef au Front national?<\/h3>\n<p>Ainsi Marine Le Pen a-t-elle laiss\u00e9 s\u2019installer ce qu\u2019elle a nomm\u00e9 plus tard \u00ab\u00a0les chicayas\u00a0\u00bb entre deux fortes personnalit\u00e9s qui auraient pu s\u2019additionner si elle avait \u00e9t\u00e9 un chef, un vrai. Au lieu de cela, elle a fini par d\u00e9go\u00fbter sa ni\u00e8ce, partie se faire voir dans le secteur priv\u00e9. Personne ne pourra dire que c\u2019est Marion qui a tu\u00e9 Philippot. Au lieu de cela, Marine Le Pen s\u2019est donc r\u00e9solue \u00e0 l\u00e2cher celui qu\u2019elle aimait tant, mais plus grave encore, celui avec lequel elle \u00e9tait d\u2019accord sur tout. Car ce qui est le plus incompr\u00e9hensible dans ce divorce, c\u2019est que Marine Le Pen continue de professer le ni-droite ni-gauche et de fustiger cette \u00ab\u00a0chim\u00e8re d\u2019union des droites\u00a0\u00bb sur les ondes. Et pourtant, elle \u00e9limine celui qui a travaill\u00e9 avec elle depuis 2009 sur la premi\u00e8re strat\u00e9gie pour donner raison \u00e0 ceux qui d\u00e9fendent la seconde. Allez comprendre\u00a0! Mais peut-\u00eatre que tout cela ne r\u00e9pond \u00e0 aucune logique. Que c\u2019est tout simplement le fruit de la fragilit\u00e9 humaine.<\/p>\n<p>Marine Le Pen, sous ses abords de guerri\u00e8re sans foi ni loi, ne serait-elle pas plus fragile qu\u2019elle n\u2019en a l\u2019air\u00a0? On a souvent constat\u00e9 qu\u2019elle n\u2019\u00e9tait pas capable de r\u00e9unir Marion Mar\u00e9chal et Florian Philippot dans une m\u00eame pi\u00e8ce, taper du poing sur la table et leur intimer l\u2019ordre de se parler, organiser avec eux leur compl\u00e9mentarit\u00e9. On l\u2019a observ\u00e9 plus r\u00e9cemment laisser couper la t\u00eate de Sophie Montel \u00e0 distance de trois-cent-cinquante kilom\u00e8tres, pour des motifs d\u2019une futilit\u00e9 ridicule, confondant autoritarisme et autorit\u00e9. Et on la voit aujourd\u2019hui, brinquebal\u00e9e entre son secr\u00e9taire g\u00e9n\u00e9ral Nicolas Bay et Louis Aliot \u2013 dont notre consoeur Pauline de Saint-R\u00e9my nous disait hier matin sur\u00a0<em>RTL<\/em>\u00a0qu\u2019il suscitait pourtant chez elle de la sid\u00e9ration quand il \u00e9voque le FN en \u00ab\u00a0droite populaire\u00a0\u00bb. Certains pourraient r\u00e9torquer que le d\u00e9part de Marion Mar\u00e9chal et de Florian Philippot laissent la place nette \u00e0 la pr\u00e9sidente du FN, et que ce n\u2019est apr\u00e8s tout pas une mauvaise affaire. Plus de \u00ab\u00a0chicayas\u00a0\u00bb, et pas de concurrence politique.<\/p>\n<p>Ce calcul serait pourtant loin d\u2019\u00eatre payant. D\u2019abord parce que son parti s\u2019appauvrit intellectuellement et politiquement\u00a0; ensuite parce que des bisbilles pourraient bien appara\u00eetre prochainement entre Bay et Aliot et qu\u2019on n\u2019est pas certain qu\u2019elles soient mieux g\u00e9r\u00e9es\u00a0; enfin parce que cela d\u00e9montre \u00e0 ciel ouvert que Marine Le Pen n\u2019a rien d\u2019un chef, ce qui est g\u00eanant quand on pr\u00e9tend \u00e0 la magistrature supr\u00eame.<\/p>\n<p>Marine Le Pen souffre encore de l\u2019image qu\u2019elle a donn\u00e9e lors du face-\u00e0-face du second tour de l\u2019\u00e9lection pr\u00e9sidentielle. Elle \u00e9tait apparue comme agressive et incomp\u00e9tente. Mais au moins lui restait-il l\u2019image d\u2019un chef de guerre d\u00e9termin\u00e9. Ceux qui contemplent le spectacle donn\u00e9 par le FN ces jours-ci apprennent que cette image-l\u00e0 aussi s\u2019av\u00e8re tr\u00e8s surfaite.<\/p>\n<\/div>\n<\/div>\n<\/div>\n<\/div>\n","protected":false},"excerpt":{"rendered":"<p>Article publi\u00e9 jeudi 21 septembre \u00e0 6h00 Hier soir,\u00a0face \u00e0 Laurence Ferrari, Florian Philippot a utilis\u00e9 l\u2019imparfait quant \u00e0 sa participation au FN. Certes, il n\u2019a pas l\u2019intention de prendre l\u2019initiative de ce d\u00e9part, pr\u00e9cisant qu\u2019il \u00ab\u00a0faudra [le] d\u00e9mettre\u00a0\u00bb. Mais quand on l\u2019\u00e9coutait parler au pass\u00e9 de son militantisme pour le Front et \u00e9voquer le [&hellip;]<\/p>\n","protected":false},"author":10,"featured_media":0,"comment_status":"closed","ping_status":"open","sticky":false,"template":"","format":"standard","meta":{"footnotes":""},"categories":[5],"tags":[],"class_list":{"0":"post-3336","1":"post","2":"type-post","3":"status-publish","4":"format-standard","6":"category-sulfate"},"_links":{"self":[{"href":"https:\/\/blog.causeur.fr\/antidote\/wp-json\/wp\/v2\/posts\/3336","targetHints":{"allow":["GET"]}}],"collection":[{"href":"https:\/\/blog.causeur.fr\/antidote\/wp-json\/wp\/v2\/posts"}],"about":[{"href":"https:\/\/blog.causeur.fr\/antidote\/wp-json\/wp\/v2\/types\/post"}],"author":[{"embeddable":true,"href":"https:\/\/blog.causeur.fr\/antidote\/wp-json\/wp\/v2\/users\/10"}],"replies":[{"embeddable":true,"href":"https:\/\/blog.causeur.fr\/antidote\/wp-json\/wp\/v2\/comments?post=3336"}],"version-history":[{"count":0,"href":"https:\/\/blog.causeur.fr\/antidote\/wp-json\/wp\/v2\/posts\/3336\/revisions"}],"wp:attachment":[{"href":"https:\/\/blog.causeur.fr\/antidote\/wp-json\/wp\/v2\/media?parent=3336"}],"wp:term":[{"taxonomy":"category","embeddable":true,"href":"https:\/\/blog.causeur.fr\/antidote\/wp-json\/wp\/v2\/categories?post=3336"},{"taxonomy":"post_tag","embeddable":true,"href":"https:\/\/blog.causeur.fr\/antidote\/wp-json\/wp\/v2\/tags?post=3336"}],"curies":[{"name":"wp","href":"https:\/\/api.w.org\/{rel}","templated":true}]}}