{"id":3342,"date":"2017-10-20T08:06:44","date_gmt":"2017-10-20T06:06:44","guid":{"rendered":"http:\/\/blog.causeur.fr\/antidote\/?p=3342"},"modified":"2021-04-26T16:09:58","modified_gmt":"2021-04-26T14:09:58","slug":"wanted-marine-le-pen-a-disparu","status":"publish","type":"post","link":"https:\/\/blog.causeur.fr\/antidote\/wanted-marine-le-pen-a-disparu-3342","title":{"rendered":"Wanted, Marine Le Pen a disparu"},"content":{"rendered":"<div class=\"td-pb-row\">\n<div class=\"td-pb-span12\">\n<div class=\"td-post-header\">\n<header class=\"td-post-title\">\n<div class=\"td-featured-image-rec\">\n<div class=\"td-post-featured-image\">\n<figure><a class=\"td-modal-image\" href=\"https:\/\/www.causeur.fr\/wp-content\/uploads\/2017\/10\/marine-le-pen-emission-politique.png\"><img loading=\"lazy\" decoding=\"async\" class=\"entry-thumb\" title=\"marine-le-pen-emission-politique\" src=\"https:\/\/www.causeur.fr\/wp-content\/uploads\/2017\/10\/marine-le-pen-emission-politique.png\" alt=\"\" width=\"640\" height=\"387\" \/><\/a><figcaption class=\"wp-caption-text\"><\/figcaption><\/figure>\n<\/div>\n<\/div>\n<\/header>\n<\/div>\n<\/div>\n<\/div>\n<div class=\"td-pb-row\">\n<div class=\"td-pb-span8 td-main-content\">\n<div class=\"td-ss-main-content\">\n<div class=\"clearfix\"><strong>Invit\u00e9e de L\u2019Emission politique, Marine Le Pen n\u2019a pas sembl\u00e9 plus assur\u00e9e hier soir que lors de son d\u00e9bat rat\u00e9 de la pr\u00e9sidentielle<\/strong><\/div>\n<div class=\"td-post-content\">\n<hr \/>\n<p>Marine Le Pen \u00e9tait l\u2019invit\u00e9e de L\u2019Emission politique, hier soir. Elle \u00e9tait attendue puisque c\u2019\u00e9tait sa premi\u00e8re grande \u00e9mission depuis\u00a0<a href=\"https:\/\/www.causeur.fr\/debat-macron-le-pen-presidentielle-144132\" target=\"_blank\" rel=\"noopener\">le fameux d\u00e9bat du second tour de l\u2019\u00e9lection pr\u00e9sidentielle<\/a>. Mais plus encore, la premi\u00e8re apr\u00e8s le d\u00e9part de son strat\u00e8ge Florian Philippot. C\u2019est d\u2019abord sur l\u2019euro, point d\u2019achoppement avec ce dernier, qu\u2019elle a \u00e9t\u00e9 interrog\u00e9e par Fran\u00e7ois Lenglet. C\u2019est peu dire qu\u2019elle n\u2019a pas \u00e9t\u00e9 plus convaincante que face \u00e0 Emmanuel Macron.<\/p>\n<h3>L\u2019euro, monnaie g\u00eanante et tr\u00e9buchante<\/h3>\n<p>Cette fois, ce n\u2019est pas la distinction entre monnaie unique et monnaie commune, insuffisamment ma\u00eetris\u00e9e, qui l\u2019a fait tr\u00e9bucher, mais le nouveau calendrier du FN, faisant de la souverainet\u00e9 mon\u00e9taire un aboutissement et non plus un pr\u00e9alable, laissant m\u00eame entendre qu\u2019une sortie de l\u2019euro n\u2019\u00e9tait plus obligatoire si on arrivait \u00e0 r\u00e9former la gestion de la monnaie. Marine Le Pen favorable \u00e0 la perspective de \u00ab\u00a0l\u2019euro sympa\u00a0\u00bb, c\u2019\u00e9tait effectivement nouveau, mais on n\u2019y croyait gu\u00e8re, pas davantage qu\u2019elle-m\u00eame \u00e0 ce moment-l\u00e0, d\u2019ailleurs. Marine Le Pen sait tr\u00e8s bien, pour l\u2019avoir dit elle-m\u00eame pendant deux campagnes pr\u00e9sidentielles, que la monnaie est d\u2019abord un outil politique et que sa gestion constitue une arme pour faire plier ceux qui refusent de rentrer dans le rang. Qu\u2019on en parle aux Grecs qui ont \u00e9t\u00e9 menac\u00e9s par Mario Draghi de voir leurs banques priv\u00e9es de liquidit\u00e9s au plus fort de la crise de 2015.<\/p>\n<div class=\"SandboxRoot env-bp-350\">\n<div id=\"twitter-widget-0\" class=\"EmbeddedTweet EmbeddedTweet--edge js-clickToOpenTarget tweet-InformationCircle-widgetParent\" lang=\"fr\">\n<div class=\"EmbeddedTweet-tweet\">\n<blockquote class=\"Tweet h-entry js-tweetIdInfo subject expanded is-deciderHtmlWhitespace\" cite=\"https:\/\/twitter.com\/Alexsulzer\/status\/921095358079537152\">\n<div class=\"Tweet-header u-cf\">\n<div class=\"Tweet-brand u-floatRight\">\n<div class=\"Icon Icon--twitter \" title=\"Voir sur Twitter\"><\/div>\n<p><span class=\"u-hiddenInNarrowEnv\"><a class=\"FollowButton FollowButton--edge follow-button profile\" title=\"Suivre Alex Sulzer sur Twitter\" href=\"https:\/\/twitter.com\/Alexsulzer\">\u00a0Suivre<\/a><\/span><\/p>\n<\/div>\n<div class=\"TweetAuthor \">\n<p><a class=\"TweetAuthor-link Identity u-linkBlend\" href=\"https:\/\/twitter.com\/Alexsulzer\"><span class=\"TweetAuthor-avatar Identity-avatar\"><img decoding=\"async\" class=\"Avatar Avatar--edge\" src=\"https:\/\/pbs.twimg.com\/profile_images\/890682956871864321\/Zw9nHW9D_normal.jpg\" alt=\"\" \/><\/span><span class=\"TweetAuthor-name Identity-name customisable-highlight\" title=\"Alex Sulzer\">Alex Sulzer<\/span>\u00a0<\/a><\/p>\n<div class=\"Icon Icon--verified \" title=\"Compte certifi\u00e9\"><\/div>\n<p><a class=\"TweetAuthor-link Identity u-linkBlend\" href=\"https:\/\/twitter.com\/Alexsulzer\"><span class=\"TweetAuthor-verifiedBadge\"><b class=\"u-hiddenVisually\">\u2714<\/b><\/span><span class=\"TweetAuthor-screenName Identity-screenName\" dir=\"ltr\" title=\"@Alexsulzer\">@Alexsulzer<\/span><\/a><\/p>\n<\/div>\n<\/div>\n<div class=\"Tweet-body e-entry-content\">\n<div class=\"u-hiddenVisually js-inViewportScribingTarget\"><\/div>\n<p class=\"Tweet-text e-entry-title\" dir=\"ltr\" lang=\"fr\">\u00c0 terme, la France doit-elle sortir de l&rsquo;euro? \u00ab\u00a0Nous allons voir\u00a0\u00bb, r\u00e9pond Marine Le Pen.\u00a0<a class=\"PrettyLink hashtag customisable\" href=\"https:\/\/twitter.com\/hashtag\/%C3%A0peupr%C3%A8s?src=hash\" rel=\"tag\"><span class=\"PrettyLink-prefix\">#<\/span><span class=\"PrettyLink-value\">\u00e0peupr\u00e8s<\/span><\/a>\u00a0<a class=\"PrettyLink hashtag customisable\" href=\"https:\/\/twitter.com\/hashtag\/Lemissionpolitique?src=hash\" rel=\"tag\"><span class=\"PrettyLink-prefix\">#<\/span><span class=\"PrettyLink-value\">Lemissionpolitique<\/span><\/a><a class=\"u-linkBlend u-url customisable-highlight long-permalink\" href=\"https:\/\/twitter.com\/Alexsulzer\/status\/921095358079537152\">21:27 &#8211; 19 oct. 2017<\/a><\/p>\n<\/div>\n<\/blockquote>\n<\/div>\n<\/div>\n<\/div>\n<p>La pr\u00e9sidente du FN a malgr\u00e9 tout l\u00e2ch\u00e9 les v\u00e9ritables raisons de sa volte-face\u00a0: les sondages et le marketing \u00e9lectoral, qu\u2019elle a pourtant fustig\u00e9s en fin d\u2019\u00e9mission, comme pour mieux se convaincre qu\u2019elle n\u2019y avait pas c\u00e9d\u00e9 elle-m\u00eame.<\/p>\n<h3>Tout est \u00e0 refaire<\/h3>\n<p>C\u2019est ensuite Laurence Parisot qui est venu lui porter la contradiction sur le sujet du f\u00e9minisme. C\u2019est \u00e0 ce moment-l\u00e0 que Marine Le Pen a \u00e9t\u00e9 la plus \u00e0 l\u2019aise. Divine surprise pour la pr\u00e9sidente du FN que cette invit\u00e9e myst\u00e8re\u00a0: une ancienne pr\u00e9sidente du Medef. Elle a ainsi pu d\u00e9velopper la d\u00e9fense des petits et des sans-grades, au f\u00e9minin. Un peu d\u2019oxyg\u00e8ne dans l\u2019\u00e9mission avant d\u2019\u00eatre confront\u00e9e \u00e0 G\u00e9rald Darmanin qui lui a donn\u00e9 davantage de fil \u00e0 retordre sur les questions fiscales.<\/p>\n<p>Marine Le Pen ne semble pas avoir retrouv\u00e9 la confiance et la s\u00fbret\u00e9 qui \u00e9taient sa marque de fabrique il y a encore quelques mois. Le d\u00e9bat face \u00e0 Emmanuel Macron p\u00e8se toujours et elle en est convenue elle-m\u00eame, hier soir. Sa cr\u00e9dibilit\u00e9 en a souffert, en souffre toujours. Elle en para\u00eet d\u2019autant plus consciente que ce d\u00e9bat a \u00e9t\u00e9 le point de d\u00e9part du processus qui l\u2019a amen\u00e9e \u00e0 se s\u00e9parer de celui qui fut son strat\u00e8ge depuis 2009, pour se retrouver aujourd\u2019hui isol\u00e9e id\u00e9ologiquement dans le parti qu\u2019elle pr\u00e9side, et qui l\u2019am\u00e8ne \u00e0 dire et faire le contraire de ce qu\u2019elle disait et faisait jusqu\u2019au 3 mai dernier, sur les questions \u00e9conomiques.<\/p>\n<h3>Concurrents, un mot qui commence bien mal<\/h3>\n<p>Il ne sera pas facile de remonter la pente dans ces conditions, d\u2019autant que Laurent Wauquiez vient aujourd\u2019hui lui faire de la concurrence sur les questions identitaires, et que\u00a0<a href=\"https:\/\/www.causeur.fr\/philippot-entretien-fn-le-pen-146956\" target=\"_blank\" rel=\"noopener\">Florian Philippot d\u00e9veloppe sa petite entreprise<\/a>, qu\u2019on aurait tort de m\u00e9sestimer. Invit\u00e9 la veille chez Zemmour et Naulleau, il a fait preuve d\u2019une efficacit\u00e9 d\u2019autant plus grande qu\u2019il est, au contraire de son ex-candidate, en total accord avec lui-m\u00eame. S\u2019il continue d\u2019\u00eatre consid\u00e9r\u00e9 comme un bon client dans les m\u00e9dias audiovisuels, son nouveau parti pourrait se d\u00e9velopper plus vite qu\u2019on ne l\u2019aurait cru. D\u2019autant plus que la prochaine \u00e9ch\u00e9ance \u00e9lectorale est europ\u00e9enne\u2026\u00a0<a href=\"https:\/\/www.causeur.fr\/le-pen-philippot-fn-divorce-146777\" target=\"_blank\" rel=\"noopener\">Les divorces<\/a>\u00a0sont surprenants. C\u2019est parfois celui dont on croit qu\u2019il va souffrir le plus qui, contre toute attente, se lib\u00e8re, laissant l\u2019autre bien plus malheureux que pr\u00e9vu.<\/p>\n<\/div>\n<\/div>\n<\/div>\n<\/div>\n","protected":false},"excerpt":{"rendered":"<p>Invit\u00e9e de L\u2019Emission politique, Marine Le Pen n\u2019a pas sembl\u00e9 plus assur\u00e9e hier soir que lors de son d\u00e9bat rat\u00e9 de la pr\u00e9sidentielle Marine Le Pen \u00e9tait l\u2019invit\u00e9e de L\u2019Emission politique, hier soir. Elle \u00e9tait attendue puisque c\u2019\u00e9tait sa premi\u00e8re grande \u00e9mission depuis\u00a0le fameux d\u00e9bat du second tour de l\u2019\u00e9lection pr\u00e9sidentielle. Mais plus encore, la [&hellip;]<\/p>\n","protected":false},"author":10,"featured_media":0,"comment_status":"closed","ping_status":"open","sticky":false,"template":"","format":"standard","meta":{"footnotes":""},"categories":[5],"tags":[],"class_list":{"0":"post-3342","1":"post","2":"type-post","3":"status-publish","4":"format-standard","6":"category-sulfate"},"_links":{"self":[{"href":"https:\/\/blog.causeur.fr\/antidote\/wp-json\/wp\/v2\/posts\/3342","targetHints":{"allow":["GET"]}}],"collection":[{"href":"https:\/\/blog.causeur.fr\/antidote\/wp-json\/wp\/v2\/posts"}],"about":[{"href":"https:\/\/blog.causeur.fr\/antidote\/wp-json\/wp\/v2\/types\/post"}],"author":[{"embeddable":true,"href":"https:\/\/blog.causeur.fr\/antidote\/wp-json\/wp\/v2\/users\/10"}],"replies":[{"embeddable":true,"href":"https:\/\/blog.causeur.fr\/antidote\/wp-json\/wp\/v2\/comments?post=3342"}],"version-history":[{"count":0,"href":"https:\/\/blog.causeur.fr\/antidote\/wp-json\/wp\/v2\/posts\/3342\/revisions"}],"wp:attachment":[{"href":"https:\/\/blog.causeur.fr\/antidote\/wp-json\/wp\/v2\/media?parent=3342"}],"wp:term":[{"taxonomy":"category","embeddable":true,"href":"https:\/\/blog.causeur.fr\/antidote\/wp-json\/wp\/v2\/categories?post=3342"},{"taxonomy":"post_tag","embeddable":true,"href":"https:\/\/blog.causeur.fr\/antidote\/wp-json\/wp\/v2\/tags?post=3342"}],"curies":[{"name":"wp","href":"https:\/\/api.w.org\/{rel}","templated":true}]}}