{"id":3345,"date":"2017-11-06T09:49:14","date_gmt":"2017-11-06T07:49:14","guid":{"rendered":"https:\/\/blog.causeur.fr\/antidote\/?p=3345"},"modified":"2021-04-26T16:09:58","modified_gmt":"2021-04-26T14:09:58","slug":"obono-defend-bouteldja-melenchon-se-reconnait-bien-las","status":"publish","type":"post","link":"https:\/\/blog.causeur.fr\/antidote\/obono-defend-bouteldja-melenchon-se-reconnait-bien-las-3345","title":{"rendered":"Obono d\u00e9fend Bouteldja, M\u00e9lenchon se reconna\u00eet bien las"},"content":{"rendered":"<div class=\"td-pb-row\">\n<div class=\"td-pb-span12\">\n<div class=\"td-post-header\">\n<header class=\"td-post-title\">\n<div class=\"td-featured-image-rec\">\n<div class=\"td-post-featured-image\">\n<figure><a class=\"td-modal-image\" href=\"https:\/\/www.causeur.fr\/wp-content\/uploads\/2017\/11\/daniele-obono-melenchon-assemblee-depute.png\"><img loading=\"lazy\" decoding=\"async\" class=\"entry-thumb\" title=\"daniele-obono-melenchon-assemblee-depute\" src=\"https:\/\/www.causeur.fr\/wp-content\/uploads\/2017\/11\/daniele-obono-melenchon-assemblee-depute.png\" alt=\"\" width=\"640\" height=\"388\" \/><\/a><figcaption class=\"wp-caption-text\"><\/figcaption><\/figure>\n<\/div>\n<\/div>\n<\/header>\n<\/div>\n<\/div>\n<\/div>\n<div class=\"td-pb-row\">\n<div class=\"td-pb-span8 td-main-content\">\n<div class=\"td-ss-main-content\">\n<div class=\"td-post-content\">\n<h3><strong>Jean-Luc M\u00e9lenchon est d\u00e9bord\u00e9 au sein de son propre parti par \u00ab\u00a0celles et ceux\u00a0\u00bb qu\u2019il a fait \u00e9lire. La d\u00e9put\u00e9 de la France insoumise, Dani\u00e8le Obono, a une nouvelle fois fait parler d\u2019elle hier en d\u00e9fendant Houria Bouteldja.<\/strong><\/h3>\n<hr \/>\n<p>Dani\u00e8le Obono ne facilite d\u00e9cid\u00e9ment pas la t\u00e2che \u00e0 Jean-Luc M\u00e9lenchon. Mais est-ce vraiment son intention\u00a0? Ce dimanche, si elle a d\u00e9finitivement largu\u00e9 les amarres\u00a0<a href=\"http:\/\/www.bfmtv.com\/politique\/pour-la-deputee-insoumise-daniele-obono-dieudonne-est-un-ennemi-raciste-et-antisemite-1296231.html\" target=\"_blank\" rel=\"noopener\">avec Dieudonn\u00e9<\/a>, elle a pris la d\u00e9fense\u00a0<a href=\"http:\/\/www.europe1.fr\/politique\/la-deputee-daniele-obono-lfi-defend-sa-camarade-houria-bouteldja-3484031\" target=\"_blank\" rel=\"noopener\">de sa \u00ab\u00a0<em>camarade\u00a0\u00bb de lutte anti-raciste<\/em>, Houria Bouteldja<\/a>, porte-parole des Indig\u00e8nes de la R\u00e9publique (PIR).<\/p>\n<p>Alors que la France insoumise est expos\u00e9e \u00e0 la critique de complaisance avec le PIR depuis des semaines, que la d\u00e9put\u00e9e de\u00a0Paris est accus\u00e9e d\u2019\u00eatre elle-m\u00eame complaisante avec le combat de l\u2019auteur de\u00a0<em>Les Blancs, les Juifs, et nous<\/em>, elle vient apporter une preuve mat\u00e9rielle \u00e0 son dossier d\u2019accusation. Qu\u2019il nous soit permis de plaindre un instant le politiste Thomas Gu\u00e9nol\u00e9, qui avait nagu\u00e8re fustig\u00e9 avec force et pr\u00e9cision le discours de Houria Bouteldja, et avait pris il y a quelques jours la d\u00e9fense de Dani\u00e8le Obono. Il doit \u00e9prouver aujourd\u2019hui quelque sentiment de trahison. Mais qu\u2019en est-il de Jean-Luc M\u00e9lenchon\u00a0?<\/p>\n<h3>Obono, Autain &amp; co. : anarchy in the FI<\/h3>\n<p>Depuis l\u2019\u00e9lection pr\u00e9sidentielle, il a perdu de la superbe qui lui avait permis une campagne impressionnante de p\u00e9dagogie et d\u2019entra\u00eenement. On \u00e9tait admiratif devant le tribun. On se m\u00e9fiait tout de m\u00eame de l\u2019influence du mouvement \u00ab\u00a0Ensemble\u00a0\u00bb et on l\u2019avait m\u00eame mis en garde sur\u00a0<a href=\"https:\/\/www.causeur.fr\/clementine-autain-tariq-ramadan-ensemble-35770\" target=\"_blank\" rel=\"noopener\"><em>Causeur.fr<\/em><\/a>. On lui faisait aussi remarquer que c\u2019est parce qu\u2019il avait compl\u00e8tement \u00e9pous\u00e9 la logique pr\u00e9sidentielle de la Ve R\u00e9publique (\u00ab\u00a0Qui m\u2019aime me suive\u00a0\u00bb), sans s\u2019embarrasser de savoir s\u2019il aurait le soutien du PCF ou de la myriade de partis de gauche radicale, qu\u2019il avait r\u00e9ussi l\u2019exploit de tripler le score que lui promettaient les sondages au d\u00e9but de la campagne. Et on l\u2019exhortait \u00e0 arr\u00eater de causer VIe R\u00e9publique, alors que la Ve lui allait comme un gant.<\/p>\n<p>Mais voil\u00e0, l\u2019\u00e9lection pr\u00e9sidentielle est termin\u00e9e et avec elle, la logique pr\u00e9sidentielle qui l\u2019accompagne. Le c\u00f4t\u00e9 foutraque de la France insoumise a repris le dessus. La gauche radicale a parfois des airs du centrisme et de son image bayrouiste des grenouilles qu\u2019il faudrait transporter dans une brouette. Maintenant que Jean-Luc M\u00e9lenchon ne peut plus dire \u00ab\u00a0c\u2019est moi le candidat\u00a0\u00bb et qu\u2019il a permis de faire \u00e9lire Dani\u00e8le Obono et Cl\u00e9mentine Autain dans la foul\u00e9e de son excellent r\u00e9sultat, tout le monde pense avoir une part de son score \u00e0 l\u2019\u00e9lection pr\u00e9sidentielle alors que c\u2019est lui et personne d\u2019autre qui a fait pr\u00e8s de 20%. L\u2019ex-candidat ne peut pas faire r\u00e9gner l\u2019ordre, prisonnier de ses d\u00e9clarations enflamm\u00e9es pour la VIe R\u00e9publique.<\/p>\n<h3>Marine M\u00e9lenchon<\/h3>\n<p>Lorsque Dani\u00e8le Obono a commenc\u00e9 \u00e0 faire parler d\u2019elle, Jean-Luc M\u00e9lenchon l\u2019a soutenue publiquement\u00a0; cela avait quelque part un certain panache\u00a0; on ne l\u00e2che pas ainsi ses ouailles. On peut d\u2019ailleurs soup\u00e7onner qu\u2019il avait relanc\u00e9 la pol\u00e9mique sur le caract\u00e8re religieux du drapeau europ\u00e9en afin de faire oublier les d\u00e9clarations de sa prot\u00e9g\u00e9e et d\u00e9montrer qu\u2019il n\u2019avait aucune le\u00e7on \u00e0 recevoir de quiconque en mati\u00e8re de la\u00efcit\u00e9. Alors qu\u2019il aurait \u00e9t\u00e9 bien plus juste et efficace d\u2019attaquer ce drapeau sur son versant politique, il a vis\u00e9 \u00e0 c\u00f4t\u00e9 de la cible en l\u2019associant \u00e0 la Vierge. Et on l\u2019a retrouv\u00e9, en d\u00e9but de semaine, t\u00e9moignant une certaine lassitude,\u00a0<a href=\"http:\/\/www.rtl.fr\/actu\/politique\/reformes-melenchon-concede-que-macron-a-gagne-une-premiere-manche-7790728911\" target=\"_blank\" rel=\"noopener\">reconnaissant que Macron avait gagn\u00e9<\/a>, ce qui ne lui ressemble gu\u00e8re\u2026<\/p>\n<p>Cette lassitude n\u2019est-elle pas plut\u00f4t le fait de sa situation politique personnelle\u00a0? N\u2019a-t-il pas int\u00e9gr\u00e9 lui-m\u00eame toutes les critiques qu\u2019on se permet aujourd\u2019hui de lui adresser\u00a0? Ne ressent-il pas actuellement un certain inconfort dans cette France insoumise qui tire \u00e0 hue et \u00e0 dia\u00a0? On a de plus en plus l\u2019impression que Jean-Luc M\u00e9lenchon se retrouve dans une situation sym\u00e9trique \u00e0 celle de sa meilleure ennemie Marine Le Pen. Chef d\u2019un collectif auquel il se sent de moins en moins en capacit\u00e9 d\u2019imposer ses vues et ses convictions. Sauf que M\u00e9lenchon a bien plus de caract\u00e8re que la pr\u00e9sidente du FN et qu\u2019on ne le voit pas vraiment en rentier de situation.<\/p>\n<h3>Back in the NPA<\/h3>\n<p>A la t\u00eate du Front de gauche, il avait r\u00e9ussi en 2012 un score qu\u2019on n\u2019attendait pas (11,1%). D\u00e9j\u00e0 peu \u00e0 l\u2019aise entre 2012 et 2015, il avait fini par envoyer balader ce Front et par cr\u00e9er son mouvement d\u2019aujourd\u2019hui. La lassitude de Jean-Luc M\u00e9lenchon va-t-elle se muer en d\u00e9prime ou en col\u00e8re\u00a0? Ceux qui le mettent autant en difficult\u00e9 devraient comprendre que sans lui, ils ne p\u00e8seraient pas dans les urnes. Avec le programme du NPA, la France insoumise obtiendra le score du NPA. D\u00e9courager M\u00e9lenchon, c\u2019est scier la branche sur laquelle on est assis. A bon entendeur\u00a0!<\/p>\n<\/div>\n<\/div>\n<\/div>\n<\/div>\n","protected":false},"excerpt":{"rendered":"<p>Jean-Luc M\u00e9lenchon est d\u00e9bord\u00e9 au sein de son propre parti par \u00ab\u00a0celles et ceux\u00a0\u00bb qu\u2019il a fait \u00e9lire. La d\u00e9put\u00e9 de la France insoumise, Dani\u00e8le Obono, a une nouvelle fois fait parler d\u2019elle hier en d\u00e9fendant Houria Bouteldja. Dani\u00e8le Obono ne facilite d\u00e9cid\u00e9ment pas la t\u00e2che \u00e0 Jean-Luc M\u00e9lenchon. Mais est-ce vraiment son intention\u00a0? Ce [&hellip;]<\/p>\n","protected":false},"author":10,"featured_media":0,"comment_status":"closed","ping_status":"open","sticky":false,"template":"","format":"standard","meta":{"footnotes":""},"categories":[5],"tags":[],"class_list":{"0":"post-3345","1":"post","2":"type-post","3":"status-publish","4":"format-standard","6":"category-sulfate"},"_links":{"self":[{"href":"https:\/\/blog.causeur.fr\/antidote\/wp-json\/wp\/v2\/posts\/3345","targetHints":{"allow":["GET"]}}],"collection":[{"href":"https:\/\/blog.causeur.fr\/antidote\/wp-json\/wp\/v2\/posts"}],"about":[{"href":"https:\/\/blog.causeur.fr\/antidote\/wp-json\/wp\/v2\/types\/post"}],"author":[{"embeddable":true,"href":"https:\/\/blog.causeur.fr\/antidote\/wp-json\/wp\/v2\/users\/10"}],"replies":[{"embeddable":true,"href":"https:\/\/blog.causeur.fr\/antidote\/wp-json\/wp\/v2\/comments?post=3345"}],"version-history":[{"count":0,"href":"https:\/\/blog.causeur.fr\/antidote\/wp-json\/wp\/v2\/posts\/3345\/revisions"}],"wp:attachment":[{"href":"https:\/\/blog.causeur.fr\/antidote\/wp-json\/wp\/v2\/media?parent=3345"}],"wp:term":[{"taxonomy":"category","embeddable":true,"href":"https:\/\/blog.causeur.fr\/antidote\/wp-json\/wp\/v2\/categories?post=3345"},{"taxonomy":"post_tag","embeddable":true,"href":"https:\/\/blog.causeur.fr\/antidote\/wp-json\/wp\/v2\/tags?post=3345"}],"curies":[{"name":"wp","href":"https:\/\/api.w.org\/{rel}","templated":true}]}}