{"id":3348,"date":"2017-11-24T12:08:09","date_gmt":"2017-11-24T10:08:09","guid":{"rendered":"https:\/\/blog.causeur.fr\/antidote\/?p=3348"},"modified":"2021-04-26T16:09:58","modified_gmt":"2021-04-26T14:09:58","slug":"journees-du-matrimoine-ne-riez-pas-la-matrouille-veille","status":"publish","type":"post","link":"https:\/\/blog.causeur.fr\/antidote\/journees-du-matrimoine-ne-riez-pas-la-matrouille-veille-3348","title":{"rendered":"Journ\u00e9es du \u00ab matrimoine \u00bb: ne riez pas, la \u00ab matrouille \u00bb veille !"},"content":{"rendered":"<div class=\"td-pb-row\">\n<div class=\"td-pb-span12\">\n<div class=\"td-post-header\">\n<header class=\"td-post-title\">\n<div class=\"td-featured-image-rec\">\n<div class=\"td-post-featured-image\">\n<figure>\n<h3 class=\"td-post-sub-title\">Un \u00e9colo, \u00e7a d\u00e9code \u00e9norm\u00e9ment<\/h3>\n<\/figure>\n<figure><a class=\"td-modal-image\" href=\"https:\/\/www.causeur.fr\/wp-content\/uploads\/2017\/11\/matrimoine-paris-caroline-haas-feminisme.jpg\"><img loading=\"lazy\" decoding=\"async\" class=\"entry-thumb\" title=\"matrimoine-paris-caroline-haas-feminisme\" src=\"https:\/\/www.causeur.fr\/wp-content\/uploads\/2017\/11\/matrimoine-paris-caroline-haas-feminisme.jpg\" alt=\"caroline haas matrimoine feminisme\" width=\"640\" height=\"388\" \/><\/a><figcaption class=\"wp-caption-text\"><\/figcaption><\/figure>\n<\/div>\n<\/div>\n<\/header>\n<\/div>\n<\/div>\n<\/div>\n<div class=\"td-pb-row\">\n<div class=\"td-pb-span8 td-main-content\">\n<div class=\"td-ss-main-content\">\n<div id=\"content-hidden\">\n<div class=\"td-post-content\">\n<p>Qui a dit que le n\u00e9o-f\u00e9minisme ne pouvait pas faire marrer\u00a0? Ces derni\u00e8res semaines laissaient croire le contraire, comme l\u2019illustrait la \u00ab\u00a0une\u00a0\u00bb du\u00a0<a href=\"https:\/\/www.causeur.fr\/harcelement-feministe-campion-pina-schiappa-147642\" target=\"_blank\" rel=\"noopener\"><em>Causeur<\/em>\u00a0de novembre<\/a>\u00a0et le dossier qui y \u00e9tait consacr\u00e9. Mais hier, les n\u00e9o-f\u00e9ministes nous ont r\u00e9serv\u00e9 une bonne tranche de rigolade. Tout est parti d\u2019une s\u00e9ance du Conseil de Paris, \u00e9picentre du Juste, du Bien et du Progr\u00e8s, comme chacun sait. Attention\u00a0! Je vous vois d\u00e9j\u00e0 accuser Anne Hidalgo, vils personnages que vous \u00eates\u2026 Perdu\u00a0! En l\u2019absence d\u2019Anne Hidalgo, c\u2019est le groupe \u00e9colo, par l\u2019interm\u00e9diaire de la conseill\u00e8re de Paris Jo\u00eblle Morel, qui a os\u00e9 avancer une proposition r\u00e9volutionnaire\u00a0: rebaptiser les Journ\u00e9es du Patrimoine\u00a0<em>Journ\u00e9es du Matrimoine et du Patrimoine<\/em>.<\/p>\n<h3>Allons enfants de la\u00a0<em>Matrie<\/em>\u2026<\/h3>\n<p>Alors que j\u2019\u00e9cris ces lignes, mon traitement de texte, en retard d\u2019une guerre n\u00e9o-f\u00e9ministe, souligne \u00ab\u00a0<em>matrimoine\u00a0\u00bb<\/em>\u00a0en bleu. Il n\u2019est pas le seul \u00e0 s\u2019\u00e9tonner. Car cette fois, les r\u00e9acs ne sont pas les seuls \u00e0 rigoler. M\u00eame certaines n\u00e9o-f\u00e9ministes de mes amies (eh oui\u2026) se demandent si les \u00e9colos parisiens n\u2019ont pas fondu un plomb et ne d\u00e9cr\u00e9dibilisent pas un chou\u00efa la cause. \u00c9videmment, les plaisanteries fusent. Qu\u2019on se permette de vous en livrer quelques-unes\u00a0: l\u2019un se demande si le groupe vert parisien respecte bien la\u00a0<em>marit\u00e9<\/em>, une autre imagine une nouvelle Marseillaise (<em>Parseillaise<\/em>\u00a0?) \u00ab\u00a0Allons enfants de la\u00a0<em>Matrie<\/em>\u00a0et de la Patrie\u00a0\u00bb. On devise sur le nouveau gardien de ch\u00e8vres, le\u00a0<em>m\u00e2tre<\/em>. On se demande si une\u00a0<em>martie<\/em>\u00a0de tennis s\u2019ach\u00e8vera d\u00e9sormais par ces mots de l\u2019arbitre de chaise\u00a0: \u00ab\u00a0Jeu, set et\u00a0<em>patch<\/em>\u00a0\u00bb. Pour ma part, j\u2019ai v\u00e9rifi\u00e9 la composition du groupe \u00e9cologiste de Paris et je n\u2019ai malheureusement trouv\u00e9 aucune \u00e9lue pr\u00e9nomm\u00e9e Patricia, \u00e0 qui j\u2019aurais alors conseill\u00e9 de se faire re-baptiser\u00a0<em>Matricia<\/em>. Evidemment, nos \u00e9lu.e.s (pas envie de me faire rattraper par la\u00a0<em>matrouille<\/em>\u00a0!) \u00e9cologistes n\u2019ont gu\u00e8re appr\u00e9ci\u00e9 les sarcasmes et l\u2019ont fait savoir sur leur compte Twitter.<\/p>\n<div class=\"SandboxRoot env-bp-350\">\n<div id=\"twitter-widget-0\" class=\"EmbeddedTweet EmbeddedTweet--edge js-clickToOpenTarget tweet-InformationCircle-widgetParent\" lang=\"fr\">\n<div class=\"EmbeddedTweet-tweet\">\n<blockquote class=\"Tweet h-entry js-tweetIdInfo subject expanded is-deciderHtmlWhitespace\" cite=\"https:\/\/twitter.com\/louvrepourtous\/status\/933749028390690817\">\n<div class=\"Tweet-header u-cf\">\n<div class=\"Tweet-brand u-floatRight\"><\/div>\n<div class=\"TweetAuthor js-inViewportScribingTarget js-aBScribingTarget\">\n<p><a class=\"TweetAuthor-link Identity u-linkBlend\" href=\"https:\/\/twitter.com\/louvrepourtous\"><span class=\"TweetAuthor-avatar Identity-avatar\"><img decoding=\"async\" class=\"Avatar Avatar--edge\" src=\"https:\/\/pbs.twimg.com\/profile_images\/746083492530950144\/XAiMOPHW_normal.jpg\" alt=\"\" \/><\/span><span class=\"TweetAuthor-decoratedName\"><span class=\"TweetAuthor-name TweetAuthor-name--flex Identity-name customisable-highlight\" title=\"Louvre pour tou\u00b7te\u00b7s\">Louvre pour tou\u00b7te\u00b7s<\/span><\/span><\/a><\/p>\n<div class=\"Icon Icon--verified \" title=\"Compte certifi\u00e9\"><\/div>\n<p><a class=\"TweetAuthor-link Identity u-linkBlend\" href=\"https:\/\/twitter.com\/louvrepourtous\"><span class=\"TweetAuthor-decoratedName\"><span class=\"TweetAuthor-verifiedBadge TweetAuthor-verifiedBadge--flex\"><b class=\"u-hiddenVisually\">\u2714<\/b><\/span><\/span><span class=\"TweetAuthor-screenName Identity-screenName\" dir=\"ltr\" title=\"@louvrepourtous\">@louvrepourtous<\/span><\/a><\/p>\n<\/div>\n<\/div>\n<div class=\"Tweet-body e-entry-content\">\n<div class=\"u-hiddenVisually js-inViewportScribingTarget\"><\/div>\n<p class=\"Tweet-text e-entry-title\" dir=\"ltr\" lang=\"fr\"><a class=\"PrettyLink hashtag customisable\" href=\"https:\/\/twitter.com\/hashtag\/Matrimoine?src=hash\" rel=\"tag\"><span class=\"PrettyLink-prefix\">#<\/span><span class=\"PrettyLink-value\">Matrimoine<\/span><\/a>\u00a0Soutien \u00e0\u00a0<a class=\"PrettyLink profile customisable h-card\" href=\"https:\/\/twitter.com\/ecoloParis\"><span class=\"PrettyLink-prefix\">@<\/span><span class=\"PrettyLink-value\">ecoloParis<\/span><\/a>\u00a0victime de moqueries sarcasmes &amp; injures pour une proposition qui n&rsquo;enl\u00e8ve rien aux uns mais en redonne aux unes Marre de toutes ces personnes pour qui la tol\u00e9rance s&rsquo;arr\u00eate \u00e0 leurs seules id\u00e9es\u00a0<a class=\"link customisable\" title=\"http:\/\/lelab.europe1.fr\/le-groupe-eelv-au-conseil-de-paris-veut-rebaptiser-la-journee-du-patrimoine-en-journee-du-matrimoine-et-du-patrimoine-3500813\" href=\"https:\/\/t.co\/bveEmNZzXV\" target=\"_blank\" rel=\"nofollow noopener\"><span class=\"u-hiddenVisually\">http:\/\/<\/span>lelab.europe1.fr\/le-groupe-eelv<span class=\"u-hiddenVisually\">-au-conseil-de-paris-veut-rebaptiser-la-journee-du-patrimoine-en-journee-du-matrimoine-et-du-patrimoine-3500813\u00a0<\/span>\u2026<\/a><\/p>\n<div class=\"Tweet-metadata dateline\"><a class=\"u-linkBlend u-url customisable-highlight long-permalink\" href=\"https:\/\/twitter.com\/louvrepourtous\/status\/933749028390690817\">18:28 &#8211; 23 nov. 2017<\/a><\/div>\n<div class=\"Tweet-card\">\n<div class=\"PrerenderedCard is-loaded is-constrainedByMaxWidth\">\n<div class=\"TwitterCardsGrid TwitterCard\">\n<div class=\"TwitterCardsGrid-col--12 TwitterCardsGrid-col--spacerBottom CardContent\">\n<div class=\"SummaryCard-image TwitterCardsGrid-col--12\">\n<div class=\"tcu-imageContainer tcu-imageAspect--2to1\">\n<div class=\"tcu-imageWrapper tcu-image-933749028390690817 js-cspForcedStyle\"><img decoding=\"async\" class=\"u-block\" src=\"https:\/\/pbs.twimg.com\/card_img\/933616927624388608\/Bb0y2rYD?format=jpg&amp;name=600x314\" alt=\"\" \/><\/div>\n<\/div>\n<\/div>\n<div class=\"SummaryCard-contentContainer TwitterCardsGrid-col--12\">\n<div class=\"SummaryCard-content TwitterCardsGrid-ltr\">\n<h2 class=\"TwitterCard-title js-cardClick tcu-textEllipse--multiline\">Le groupe EELV au conseil de Paris veut rebaptiser la Journ\u00e9e du Patrimoine en \u00ab\u00a0Journ\u00e9e du Matrim&#8230;<\/h2>\n<p class=\"tcu-resetMargin u-block TwitterCardsGrid-col--spacerTop tcu-textEllipse--multiline\" dir=\"ltr\">Le groupe EELV au Conseil de Paris veut parler d\u00e9sormais des \u00ab\u00a0Journ\u00e9es du Matrimoine et du Patrimoine\u00a0\u00bb.<\/p>\n<p><span class=\"u-block TwitterCardsGrid-col--spacerTop SummaryCard-destination\" dir=\"ltr\">lelab.europe1.fr<\/span><\/p>\n<\/div>\n<\/div>\n<\/div>\n<\/div>\n<\/div>\n<\/div>\n<div class=\"u-hiddenVisually js-aBScribingTarget\"><\/div>\n<\/div>\n<\/blockquote>\n<\/div>\n<\/div>\n<\/div>\n<h3>Caroline de Haas ose tout<\/h3>\n<p>Car ils prennent l\u2019affaire au s\u00e9rieux. Et cette id\u00e9e n\u2019est pas sortie de leur chapeau lors d\u2019une s\u00e9ance de remue-m\u00e9ninges avant d\u2019entrer en salle du conseil. Des Journ\u00e9es du\u00a0<em>Matrimoine<\/em>, c\u2019est-\u00e0-dire en bande \u00e0 part, sans l\u2019encombrant Patrimoine, il y en a d\u00e9j\u00e0 eues. J\u2019en ai trouv\u00e9es \u00e0 Paris, \u00e0 Lyon, \u00e0 Toulouse. Et qui trouve-t-on derri\u00e8re l\u2019organisation de ces journ\u00e9es consacr\u00e9es \u00e0 ces artistes d\u00e9daign\u00e9es par quelques si\u00e8cles de patriarcat tout puissant\u00a0? Je vous le donne en mille\u00a0! Nos copines d\u2019<a href=\"https:\/\/www.causeur.fr\/osez-le-feminisme-30332\" target=\"_blank\" rel=\"noopener\">Osez le f\u00e9minisme<\/a>, fid\u00e8les compagnes de route de Causeur, association fond\u00e9e par l\u2019in\u00e9narrable Caroline De Haas,\u00a0<a href=\"http:\/\/lelab.europe1.fr\/harcelement-de-rue-a-la-chapelle-caroline-de-haas-propose-delargir-les-trottoirs-3337751\" target=\"_blank\" rel=\"noopener\">notre charg\u00e9e de mission pr\u00e9f\u00e9r\u00e9e \u00e0 l\u2019agrandissement des trottoirs de La Chapelle<\/a>. Cette fois, De Haas n\u2019est pas venue \u00e0 la rescousse de ses amis verts, avec qui elle doit entretenir des rapports tourment\u00e9s depuis son formidable succ\u00e8s en tant que directrice de campagne de C\u00e9cile Duflot. Dire qu\u2019elle nous a manqu\u00e9 serait exag\u00e9r\u00e9.<\/p>\n<h3>Hidalgo c\u00e8dera ? Les maris sont ouverts<\/h3>\n<p>On ne sait si, \u00e0 son retour,\u00a0et alors que l\u2019\u00e9criture inclusive a subi de\u00a0<a href=\"https:\/\/www.causeur.fr\/ecriture-inclusive-edouard-philippe-ministres-147875\" target=\"_blank\" rel=\"noopener\">s\u00e9rieux revers cette semaine<\/a>,\u00a0Anne Hidalgo se d\u00e9cidera \u00e0\u00a0 \u00e0 mettre en \u0153uvre la proposition de ses alli\u00e9s \u00e9colos. Mais on peut parier (marier\u00a0?) que la pers\u00e9v\u00e9rance sera de mise. Pourquoi ne pas r\u00e9cidiver au Conseil R\u00e9gional et interpeller Val\u00e9rie\u00a0<em>M\u00e9cresse<\/em>,\u00a0<em>mr\u00e9sidente<\/em>\u00a0de la R\u00e9gion\u00a0?<\/p>\n<\/div>\n<\/div>\n<\/div>\n<\/div>\n<\/div>\n","protected":false},"excerpt":{"rendered":"<p>Un \u00e9colo, \u00e7a d\u00e9code \u00e9norm\u00e9ment Qui a dit que le n\u00e9o-f\u00e9minisme ne pouvait pas faire marrer\u00a0? Ces derni\u00e8res semaines laissaient croire le contraire, comme l\u2019illustrait la \u00ab\u00a0une\u00a0\u00bb du\u00a0Causeur\u00a0de novembre\u00a0et le dossier qui y \u00e9tait consacr\u00e9. Mais hier, les n\u00e9o-f\u00e9ministes nous ont r\u00e9serv\u00e9 une bonne tranche de rigolade. Tout est parti d\u2019une s\u00e9ance du Conseil de [&hellip;]<\/p>\n","protected":false},"author":10,"featured_media":0,"comment_status":"closed","ping_status":"open","sticky":false,"template":"","format":"standard","meta":{"footnotes":""},"categories":[4],"tags":[],"class_list":{"0":"post-3348","1":"post","2":"type-post","3":"status-publish","4":"format-standard","6":"category-oxygene"},"_links":{"self":[{"href":"https:\/\/blog.causeur.fr\/antidote\/wp-json\/wp\/v2\/posts\/3348","targetHints":{"allow":["GET"]}}],"collection":[{"href":"https:\/\/blog.causeur.fr\/antidote\/wp-json\/wp\/v2\/posts"}],"about":[{"href":"https:\/\/blog.causeur.fr\/antidote\/wp-json\/wp\/v2\/types\/post"}],"author":[{"embeddable":true,"href":"https:\/\/blog.causeur.fr\/antidote\/wp-json\/wp\/v2\/users\/10"}],"replies":[{"embeddable":true,"href":"https:\/\/blog.causeur.fr\/antidote\/wp-json\/wp\/v2\/comments?post=3348"}],"version-history":[{"count":0,"href":"https:\/\/blog.causeur.fr\/antidote\/wp-json\/wp\/v2\/posts\/3348\/revisions"}],"wp:attachment":[{"href":"https:\/\/blog.causeur.fr\/antidote\/wp-json\/wp\/v2\/media?parent=3348"}],"wp:term":[{"taxonomy":"category","embeddable":true,"href":"https:\/\/blog.causeur.fr\/antidote\/wp-json\/wp\/v2\/categories?post=3348"},{"taxonomy":"post_tag","embeddable":true,"href":"https:\/\/blog.causeur.fr\/antidote\/wp-json\/wp\/v2\/tags?post=3348"}],"curies":[{"name":"wp","href":"https:\/\/api.w.org\/{rel}","templated":true}]}}