{"id":3351,"date":"2017-12-11T13:07:07","date_gmt":"2017-12-11T11:07:07","guid":{"rendered":"https:\/\/blog.causeur.fr\/antidote\/?p=3351"},"modified":"2021-04-26T16:09:58","modified_gmt":"2021-04-26T14:09:58","slug":"wauquiez-le-premier-jour-du-reste-de-la-droite","status":"publish","type":"post","link":"https:\/\/blog.causeur.fr\/antidote\/wauquiez-le-premier-jour-du-reste-de-la-droite-3351","title":{"rendered":"Wauquiez, le premier jour du reste de la droite"},"content":{"rendered":"<div class=\"td-pb-row\">\n<div class=\"td-pb-span12\">\n<div class=\"td-post-header\">\n<header class=\"td-post-title\">\n<div class=\"td-featured-image-rec\">\n<div class=\"td-post-featured-image\">\n<figure><a class=\"td-modal-image\" href=\"https:\/\/www.causeur.fr\/wp-content\/uploads\/2017\/12\/laurent-wauquiez-lr-droite-republicains.png\"><img loading=\"lazy\" decoding=\"async\" class=\"entry-thumb\" title=\"laurent-wauquiez-lr-droite-republicains\" src=\"https:\/\/www.causeur.fr\/wp-content\/uploads\/2017\/12\/laurent-wauquiez-lr-droite-republicains.png\" alt=\"\" width=\"640\" height=\"388\" \/><\/a><figcaption class=\"wp-caption-text\"><\/figcaption><\/figure>\n<\/div>\n<\/div>\n<\/header>\n<\/div>\n<\/div>\n<\/div>\n<div class=\"td-pb-row\">\n<div class=\"td-pb-span8 td-main-content\">\n<div class=\"td-ss-main-content\">\n<div class=\"clearfix\">\u00a0Les militants LR ont donc rendu leur verdict ce dimanche dans la discr\u00e9tion qu\u2019ils souhaitaient. La Faucheuse leur avait facilit\u00e9 la t\u00e2che cette semaine en arrachant\u00a0<a href=\"https:\/\/www.causeur.fr\/jean-d-ormesson-deces-mort-2-148137\" target=\"_blank\" rel=\"noopener\">Jean d\u2019Ormesson<\/a>\u00a0et\u00a0<a href=\"https:\/\/www.causeur.fr\/johnny-je-noublierai-pas-ton-nom-148163\" target=\"_blank\" rel=\"noopener\">Johnny Hallyday<\/a>\u00a0au monde des vivants. Car de d\u00e9bats, ces militants ne voulaient pas. Et bien des observateurs ont cru \u00e0 une faible participation \u2013 certains craignaient moins de 50 000 votants ce matin, se basant sur l\u2019absence de confrontation entre les candidats. Il fallait discuter avec certains d\u2019entre eux pour comprendre que le probl\u00e8me \u00e9tait ailleurs\u00a0: le syst\u00e8me des primaires les a \u00e9chaud\u00e9s pour longtemps contre la d\u00e9mocratie \u00e0 ciel ouvert.<\/div>\n<div id=\"content-hidden\">\n<div class=\"td-post-content\">\n<h3>Wauquiez, sans d\u00e9bat<\/h3>\n<p>Ce que les militants craignaient par-dessus tout, c\u2019\u00e9tait des d\u00e9bats t\u00e9l\u00e9vis\u00e9s avec les m\u00e9dias honnis, et les \u00e9lecteurs de gauche pour t\u00e9moins voire acteurs. Ils voulaient d\u00e9cider entre eux dans un confort douillet et rassurant. Et se choisir un chef, un vrai. Assez des guerres de chefs, assez de linge sale lav\u00e9 en public. Nous avions regrett\u00e9 ici que cette attitude conduise \u00e0 ne pas traiter les v\u00e9ritables enjeux, de ne pas aborder les sujets qui f\u00e2chent, le rapport \u00e0 Macron, celui \u00e0 la construction europ\u00e9enne, la conciliation du lib\u00e9ralisme \u00e9conomique avec le conservatisme soci\u00e9tal. Nous avions aussi vis\u00e9 l\u2019attitude du favori, Laurent Wauquiez, qui cherchait avant tout, sous la pression, notamment celle d\u2019un ancien pr\u00e9sident de la R\u00e9publique, \u00e0 donner des gages de rassemblement, quitte \u00e0 ne pas choisir.<\/p>\n<blockquote class=\"td_quote_box td_box_center\"><p><strong>A lire aussi:\u00a0<a href=\"https:\/\/www.causeur.fr\/laurent-wauquiez-lr-republicains-droite-148185\" target=\"_blank\" rel=\"noopener\">Laurent Wauquiez: \u00ab\u00a0Quand la droite s\u2019assume, elle rayonne\u00a0\u00bb<\/a><\/strong><\/p><\/blockquote>\n<p>La formation du bin\u00f4me avec\u00a0<a href=\"https:\/\/www.causeur.fr\/virginie-calmels-regionales-juppe-36385\" target=\"_blank\" rel=\"noopener\">Virginie Calmels<\/a>, ancienne patronne d\u2019Endemol France, jupp\u00e9iste patent\u00e9e et qui, dit-on, se serait bien vue ministre de Macron, constituait une ambigu\u00eft\u00e9 dommageable. La volont\u00e9 de\u00a0<em>\u00ab\u00a0r\u00e9concilier les enfants de S\u00e9guin et les h\u00e9ritiers de Jean Monnet\u00a0\u00bb<\/em>\u00a0en fut une autre, jusqu\u2019\u00e0 la caricature. Cela dit, nous devons \u00e0 la v\u00e9rit\u00e9 que tous n\u2019\u00e9taient pas sur la ligne du chef. Ainsi, le 25 novembre dernier, votre serviteur a \u00e9t\u00e9 invit\u00e9 \u00e0 parler devant les jeunes wauqui\u00e9ristes du Doubs avec un cahier des charges tr\u00e8s simple\u00a0: leur parler franchement, ce qui est en effet le genre de la maison. Leur int\u00e9r\u00eat pour le propos, leur soif de d\u00e9bat id\u00e9ologique, leur capacit\u00e9 \u00e0 frotter leur cervelle contre celle d\u2019un autre avaient quelque chose de rafra\u00eechissant et rendait plut\u00f4t optimiste.<\/p>\n<h3>Droite d\u2019inventaire<\/h3>\n<p>Tutoyant quasiment la barre des trois-quarts des suffrages exprim\u00e9s des 100 000 militants actifs des R\u00e9publicains, Laurent Wauquiez peut s\u2019estimer\u00a0<a href=\"http:\/\/www.lefigaro.fr\/politique\/2017\/12\/10\/01002-20171210ARTFIG00207-laurent-wauquiez-gagne-haut-la-main-l-election-a-la-presidence-des-republicains.php\" target=\"_blank\" rel=\"noopener\">bien \u00e9lu<\/a>\u00a0d\u2019un parti n\u00e9anmoins en crise. Loin derri\u00e8re,\u00a0<a href=\"https:\/\/www.causeur.fr\/florence-portelli-les-republicains-wauquiez-146314\" target=\"_blank\" rel=\"noopener\">Florence Portelli<\/a>\u00a0(16%) a montr\u00e9 un v\u00e9ritable caract\u00e8re, d\u00e9bordant parfois le favori sur la n\u00e9cessit\u00e9 de ne faire aucun quartier pour les constructifs et autres macron-compatibles. Il est regrettable que, sentant la d\u00e9faite arriver, elle ait, dans les derniers jours, us\u00e9 de la vieille ficelle du f\u00e9minisme victimaire.<\/p>\n<p>Quant \u00e0 Ma\u00ebl de Calan, il n\u2019atteint pas le seuil psychologique des 10% des suffrages. Qu\u2019Alain Jupp\u00e9 lui ait apport\u00e9 finalement son soutien dans les derniers jours ne lui a pas servi \u00e0 grand-chose. Que pesait cette manifestation tardive face aux d\u00e9clarations pr\u00eat\u00e9es au maire de Bordeaux sur le rapprochement avec Emmanuel Macron en vue des \u00e9lections europ\u00e9ennes de 2019\u00a0? Alors qu\u2019Edouard Philippe est \u00e0 Matignon, et que la plupart des bataillons jupp\u00e9istes sont d\u00e9j\u00e0 au pouvoir, le score de Ma\u00ebl de Calan donne seulement une information sur la quantit\u00e9 r\u00e9siduelle des partisans de Jupp\u00e9 au sein de LR, pr\u00eate \u00e0 partir dans les prochaines semaines rejoindre leurs amis. La clart\u00e9 du d\u00e9bat politique y gagnera assur\u00e9ment, ainsi que le confort intellectuel des uns et des autres.<\/p>\n<blockquote class=\"td_quote_box td_box_center\"><p><strong>A lire aussi:\u00a0<a href=\"https:\/\/www.causeur.fr\/laurent-wauquiez-lr-republicains-election-148223\" target=\"_blank\" rel=\"noopener\">Laurent Wauquiez: \u00ab\u00a0L\u2019immigration doit \u00eatre r\u00e9duite \u00e0 son strict minimum\u00a0\u00bb<\/a><\/strong><\/p><\/blockquote>\n<p>Reste \u00e0 examiner les actes de Laurent Wauquiez. Poursuivra-t-il, au risque de lasser, la strat\u00e9gie consistant \u00e0 transgresser un jour, choquant le journaliste parisien, pour noyer le poisson le lendemain dans une formule rassembleuse absconse\u00a0? Continuera-t-il \u00e0 expliquer que \u00ab\u00a0se dire de droite, c\u2019est d\u00e9j\u00e0 pas mal\u00a0\u00bb\u00a0? Ou, maintenant qu\u2019il a acquis la l\u00e9gitimit\u00e9 militante, entamera-t-il un v\u00e9ritable travail id\u00e9ologique au sein de son parti, au risque de faire fuir certains grands \u00e9lus aux oreilles et narines sensibles\u00a0? Qui nommera-t-il au poste important de secr\u00e9taire g\u00e9n\u00e9ral\u00a0? Qui h\u00e9ritera des postes strat\u00e9giques des \u00e9tudes et de la formation\u00a0? Les r\u00e9ponses \u00e0 ces questions nous diront tr\u00e8s rapidement des indices quant aux v\u00e9ritables intentions de l\u2019homme \u00e0 la parka rouge.<\/p>\n<\/div>\n<\/div>\n<\/div>\n<\/div>\n<\/div>\n","protected":false},"excerpt":{"rendered":"<p>\u00a0Les militants LR ont donc rendu leur verdict ce dimanche dans la discr\u00e9tion qu\u2019ils souhaitaient. La Faucheuse leur avait facilit\u00e9 la t\u00e2che cette semaine en arrachant\u00a0Jean d\u2019Ormesson\u00a0et\u00a0Johnny Hallyday\u00a0au monde des vivants. Car de d\u00e9bats, ces militants ne voulaient pas. Et bien des observateurs ont cru \u00e0 une faible participation \u2013 certains craignaient moins de 50 [&hellip;]<\/p>\n","protected":false},"author":10,"featured_media":0,"comment_status":"closed","ping_status":"open","sticky":false,"template":"","format":"standard","meta":{"footnotes":""},"categories":[1],"tags":[],"class_list":{"0":"post-3351","1":"post","2":"type-post","3":"status-publish","4":"format-standard","6":"category-non-classe"},"_links":{"self":[{"href":"https:\/\/blog.causeur.fr\/antidote\/wp-json\/wp\/v2\/posts\/3351","targetHints":{"allow":["GET"]}}],"collection":[{"href":"https:\/\/blog.causeur.fr\/antidote\/wp-json\/wp\/v2\/posts"}],"about":[{"href":"https:\/\/blog.causeur.fr\/antidote\/wp-json\/wp\/v2\/types\/post"}],"author":[{"embeddable":true,"href":"https:\/\/blog.causeur.fr\/antidote\/wp-json\/wp\/v2\/users\/10"}],"replies":[{"embeddable":true,"href":"https:\/\/blog.causeur.fr\/antidote\/wp-json\/wp\/v2\/comments?post=3351"}],"version-history":[{"count":0,"href":"https:\/\/blog.causeur.fr\/antidote\/wp-json\/wp\/v2\/posts\/3351\/revisions"}],"wp:attachment":[{"href":"https:\/\/blog.causeur.fr\/antidote\/wp-json\/wp\/v2\/media?parent=3351"}],"wp:term":[{"taxonomy":"category","embeddable":true,"href":"https:\/\/blog.causeur.fr\/antidote\/wp-json\/wp\/v2\/categories?post=3351"},{"taxonomy":"post_tag","embeddable":true,"href":"https:\/\/blog.causeur.fr\/antidote\/wp-json\/wp\/v2\/tags?post=3351"}],"curies":[{"name":"wp","href":"https:\/\/api.w.org\/{rel}","templated":true}]}}