{"id":3354,"date":"2017-12-27T19:12:47","date_gmt":"2017-12-27T17:12:47","guid":{"rendered":"https:\/\/blog.causeur.fr\/antidote\/?p=3354"},"modified":"2021-04-26T16:09:58","modified_gmt":"2021-04-26T14:09:58","slug":"une-autre-histoire-de-la-presidentielle-2017-13","status":"publish","type":"post","link":"https:\/\/blog.causeur.fr\/antidote\/une-autre-histoire-de-la-presidentielle-2017-13-3354","title":{"rendered":"Une autre histoire de la pr\u00e9sidentielle 2017 (1\/3)"},"content":{"rendered":"<h3 class=\"entry-title\">F\u00e9vrier 2017, Fran\u00e7ois Bayrou se d\u00e9clare candidat \u00e0 l\u2019Elys\u00e9e<\/h3>\n<div class=\"td-pb-row\">\n<div class=\"td-pb-span12\">\n<div class=\"td-post-header\">\n<header class=\"td-post-title\">\n<div class=\"td-featured-image-rec\">\n<div class=\"td-post-featured-image\">\n<figure><a class=\"td-modal-image\" href=\"https:\/\/www.causeur.fr\/wp-content\/uploads\/2017\/12\/francois-bayrou-presidentielle-retro-macron.jpg\"><img loading=\"lazy\" decoding=\"async\" class=\"entry-thumb\" title=\"francois-bayrou-presidentielle-retro-macron\" src=\"https:\/\/www.causeur.fr\/wp-content\/uploads\/2017\/12\/francois-bayrou-presidentielle-retro-macron-1200x726.jpg\" alt=\"\" width=\"640\" height=\"387\" \/><\/a><figcaption class=\"wp-caption-text\"><\/figcaption><\/figure>\n<\/div>\n<\/div>\n<\/header>\n<\/div>\n<\/div>\n<\/div>\n<div class=\"td-pb-row\">\n<div class=\"td-pb-span8 td-main-content\">\n<div class=\"td-ss-main-content\">\n<div class=\"clearfix\">\u00a0Mercredi 22 f\u00e9vrier 2017<\/div>\n<div id=\"content-hidden\">\n<div class=\"td-post-content\">\n<p>Les chevau-l\u00e9gers du macronisme faisaient feu de tout bois. L\u2019annonce de la candidature de\u00a0<a href=\"https:\/\/www.causeur.fr\/francois-bayrou\" target=\"_blank\" rel=\"noopener\">Fran\u00e7ois Bayrou<\/a>\u00a0tombait bien mal. Le maire de Pau l\u2019avait faite dans l\u2019apr\u00e8s-midi au cours d\u2019une conf\u00e9rence de presse.\u00a0<em>\u00ab\u00a0La France doit refuser l\u2019aventure. Marine Le Pen repr\u00e9sente l\u2019aventure anti-europ\u00e9enne, l\u2019aventure de l\u2019isolement et du repli. Fran\u00e7ois Fillon repr\u00e9sente d\u00e9sormais l\u2019aventure de l\u2019immobilisme car il n\u2019est d\u00e9sormais plus en position \u2013 m\u00eame s\u2019il \u00e9tait \u00e9lu \u2013 de mettre en \u0153uvre son programme. Emmanuel Macron, c\u2019est l\u2019aventure du d\u00e9racinement, le porte-drapeau d\u2019une \u00e9lite hors-sol, le triomphe du consum\u00e9risme. La tentation de le soutenir m\u2019a effleur\u00e9. J\u2019y ai compl\u00e8tement renonc\u00e9 apr\u00e8s qu\u2019il a lanc\u00e9 \u00e0 la tribune qu\u2019il n\u2019y avait\u00a0<a href=\"https:\/\/www.causeur.fr\/macron-identite-culture-france-francais-143730\" target=\"_blank\" rel=\"noopener\">pas de culture fran\u00e7aise<\/a>. J\u2019ai donc d\u00e9cid\u00e9 de pr\u00e9senter ma candidature \u00e0 l\u2019\u00e9lection pr\u00e9sidentielle\u00a0\u00bb<\/em>.<\/p>\n<p>Au QG d\u2019<a href=\"https:\/\/www.causeur.fr\/emmanuel-macron\" target=\"_blank\" rel=\"noopener\">Emmanuel Macron<\/a>, apr\u00e8s une dizaine de minutes d\u2019h\u00e9sitation, entre le silence m\u00e9prisant et l\u2019offensive arm\u00e9e, le chef lui-m\u00eame avait opt\u00e9 pour la seconde option. A grands renforts de tweets, \u00ab\u00a0l\u2019irresponsabilit\u00e9\u00a0\u00bb, et \u00ab\u00a0l\u2019\u00e9gocentrisme\u00a0\u00bb, cens\u00e9 prendre un double-sens avec Fran\u00e7ois Bayrou, \u00e9taient fustig\u00e9s, par les porte-parole officiels comme officieux. Dans\u00a0<em>l\u2019open-space<\/em>\u00a0du\u00a0<em>Figaro<\/em>, la journaliste Eug\u00e9nie Basti\u00e9 se souvint de l\u2019appel t\u00e9l\u00e9phonique qu\u2019elle avait re\u00e7u de lui d\u00e9but f\u00e9vrier, juste apr\u00e8s une chronique matinale\u00a0:\u00a0<em>\u00ab\u00a0vous avez raison, Charles P\u00e9guy aurait vomi le progressisme d\u2019En Marche\u00a0\u00bb<\/em>. Depuis ce jour, elle \u00e9tait convaincue de cette candidature. Comment pouvait-il en \u00eatre autrement\u00a0? Pourquoi prenait-il la peine de l\u2019appeler pour la f\u00e9liciter si c\u2019\u00e9tait pour se rallier la queue basse \u00e0 Macron deux semaines plus tard\u00a0?<\/p>\n<div>\n<div>\n<div class=\"ak_placement_55225\">\n<div id=\"ak-6f078417-4a20-4ccc-a211-3b88e425fa39\">\n<div class=\"ak-content-desktop\">\n<div class=\"ak-container\">\n<div class=\"ak-cell ak-image ak-static\">\n<div class=\"ak-progress-bar\">\n<div><\/div>\n<\/div>\n<\/div>\n<\/div>\n<\/div>\n<\/div>\n<\/div>\n<\/div>\n<\/div>\n<h3>Jeudi 2 mars 2017<\/h3>\n<p>Assis dans une banquette du caf\u00e9 Bonaparte \u00e0 Saint-Germain-des-Pr\u00e9s, Bruno Le Maire se demandait si c\u2019\u00e9tait la pratique de la course automobile qui avait dot\u00e9 Fran\u00e7ois Fillon de cette mentalit\u00e9 de t\u00eate br\u00fbl\u00e9e.\u00a0<em>\u00ab\u00a0Imagine-t-on Fran\u00e7ois Fillon mis en examen\u00a0\u00bb<\/em>\u00a0? C\u2019\u00e9tait d\u00e9sormais le cas. Comment pouvait-il se renier \u00e0 ce point\u00a0? Justifier cette volte-face par l\u2019id\u00e9e d\u2019un complot politico-judiciaro-m\u00e9diatique ourdi dans\u00a0<a href=\"https:\/\/www.causeur.fr\/retro-2017-affaire-fillon-cabinet-noir-148523\" target=\"_blank\" rel=\"noopener\">un \u00ab\u00a0cabinet noir\u00a0\u00bb<\/a>\u00a0sis rue du Faubourg-Saint-Honor\u00e9 avait quelque chose de path\u00e9tique. Confier l\u2019orchestration de cette musique \u00e0 Sens commun, dans un grand raout au Trocad\u00e9ro, avait quelque chose de suicidaire. Trop c\u2019\u00e9tait trop. Il ne pouvait participer \u00e0 une telle aventure. Il fallait que Fillon renonce \u00e0 cette candidature, qu\u2019il laisse Jupp\u00e9 y aller \u00e0 sa place.<\/p>\n<p>La d\u00e9cision de Le Maire \u00e9tait prise. Il ne soutiendrait pas Fillon. Si LR d\u00e9signait un autre candidat, il jouerait le jeu. Dans le cas contraire, ce serait sans lui. Et il rebondirait ensuite chez Macron. Ou chez Bayrou. Mais il rebondirait bien quelque part. Du haut de ses 2% \u00e0 la primaire de la droite, Le Maire se voyait d\u00e9j\u00e0 ministre \u00e0 un poste r\u00e9galien. Sauf si Fillon finissait par l\u2019emporter. Dans ce cas-l\u00e0, pour lui, ce serait les mines de sel. Ou au mieux, beaucoup de temps pour venir d\u00e9guster un th\u00e9 au Bonaparte.<\/p>\n<h3>Lundi 6 mars 2017<\/h3>\n<p>Alain Jupp\u00e9 en avait termin\u00e9 avec sa conf\u00e9rence de presse. Il avait d\u00e9nonc\u00e9 la radicalisation du noyau dur des militants LR, cette droite qui s\u2019\u00e9tait mass\u00e9e place du Trocad\u00e9ro la veille. Encore sonn\u00e9 par sa d\u00e9faite \u00e0 la primaire, act\u00e9e d\u00e8s le premier tour, le 20 novembre, il avait d\u00e9finitivement perdu l\u2019espoir de devenir pr\u00e9sident. Et il avait choisi d\u2019en rendre responsables les militants de son parti. Alors qu\u2019il savait tr\u00e8s bien que sa propre histoire lui interdisait de prendre la succession de Fillon. Comment pouvait-il, lui condamn\u00e9 dans la plus grande affaire d\u2019emplois fictifs de la Ve R\u00e9publique, prendre la succession d\u2019un candidat soup\u00e7onn\u00e9 dans une affaire du m\u00eame genre\u00a0? Une minute apr\u00e8s l\u2019annonce de sa candidature, ce rappel fleurirait par centaines de tweets et de posts Facebook. On en rirait. On d\u00e9plorerait \u00e0 juste titre l\u2019absurdit\u00e9 de la situation.<\/p>\n<p>Jupp\u00e9 voyait aussi avec int\u00e9r\u00eat la mont\u00e9e dans les sondages de son ancien alli\u00e9 Bayrou. En moins de deux semaines, il avait d\u00e9j\u00e0 atteint un score \u00e0 deux chiffres. Il avait pris deux points \u00e0 Macron, et deux autres \u00e0 Fillon. Il restait sept semaines. Avec la candidature du maire de Pau, le prix du ticket pour le second tour serait moins cher que pr\u00e9vu. 19\u00a0? 18\u00a0? 17%, m\u00eame\u00a0? Jamais une \u00e9lection pr\u00e9sidentielle n\u2019avait \u00e9t\u00e9 plus ouverte et plus incertaine. Bayrou \u00e9lu, Jupp\u00e9 se voyait d\u00e9j\u00e0 de retour \u00e0 Matignon, vingt ans apr\u00e8s. Quelle revanche ce serait.\u00a0<em>\u00ab\u00a0Wait and see\u00a0\u00bb,<\/em>\u00a0comme disent les Anglais. Rester \u00e0 Bordeaux. Attendre le 23 avril. Patiemment.<\/p>\n<\/div>\n<\/div>\n<\/div>\n<\/div>\n<\/div>\n","protected":false},"excerpt":{"rendered":"<p>F\u00e9vrier 2017, Fran\u00e7ois Bayrou se d\u00e9clare candidat \u00e0 l\u2019Elys\u00e9e \u00a0Mercredi 22 f\u00e9vrier 2017 Les chevau-l\u00e9gers du macronisme faisaient feu de tout bois. L\u2019annonce de la candidature de\u00a0Fran\u00e7ois Bayrou\u00a0tombait bien mal. Le maire de Pau l\u2019avait faite dans l\u2019apr\u00e8s-midi au cours d\u2019une conf\u00e9rence de presse.\u00a0\u00ab\u00a0La France doit refuser l\u2019aventure. Marine Le Pen repr\u00e9sente l\u2019aventure anti-europ\u00e9enne, l\u2019aventure [&hellip;]<\/p>\n","protected":false},"author":10,"featured_media":0,"comment_status":"closed","ping_status":"open","sticky":false,"template":"","format":"standard","meta":{"footnotes":""},"categories":[4],"tags":[],"class_list":{"0":"post-3354","1":"post","2":"type-post","3":"status-publish","4":"format-standard","6":"category-oxygene"},"_links":{"self":[{"href":"https:\/\/blog.causeur.fr\/antidote\/wp-json\/wp\/v2\/posts\/3354","targetHints":{"allow":["GET"]}}],"collection":[{"href":"https:\/\/blog.causeur.fr\/antidote\/wp-json\/wp\/v2\/posts"}],"about":[{"href":"https:\/\/blog.causeur.fr\/antidote\/wp-json\/wp\/v2\/types\/post"}],"author":[{"embeddable":true,"href":"https:\/\/blog.causeur.fr\/antidote\/wp-json\/wp\/v2\/users\/10"}],"replies":[{"embeddable":true,"href":"https:\/\/blog.causeur.fr\/antidote\/wp-json\/wp\/v2\/comments?post=3354"}],"version-history":[{"count":0,"href":"https:\/\/blog.causeur.fr\/antidote\/wp-json\/wp\/v2\/posts\/3354\/revisions"}],"wp:attachment":[{"href":"https:\/\/blog.causeur.fr\/antidote\/wp-json\/wp\/v2\/media?parent=3354"}],"wp:term":[{"taxonomy":"category","embeddable":true,"href":"https:\/\/blog.causeur.fr\/antidote\/wp-json\/wp\/v2\/categories?post=3354"},{"taxonomy":"post_tag","embeddable":true,"href":"https:\/\/blog.causeur.fr\/antidote\/wp-json\/wp\/v2\/tags?post=3354"}],"curies":[{"name":"wp","href":"https:\/\/api.w.org\/{rel}","templated":true}]}}