{"id":3355,"date":"2017-12-28T12:59:28","date_gmt":"2017-12-28T10:59:28","guid":{"rendered":"https:\/\/blog.causeur.fr\/antidote\/?p=3355"},"modified":"2021-04-26T16:09:58","modified_gmt":"2021-04-26T14:09:58","slug":"une-autre-histoire-de-la-presidentielle-23","status":"publish","type":"post","link":"https:\/\/blog.causeur.fr\/antidote\/une-autre-histoire-de-la-presidentielle-23-3355","title":{"rendered":"Une autre histoire de la pr\u00e9sidentielle (2\/3)"},"content":{"rendered":"<h3 class=\"entry-title\">Mai 2017, Jean-Luc M\u00e9lenchon \u00e9lu pr\u00e9sident de la R\u00e9publique<\/h3>\n<h3><img decoding=\"async\" src=\"https:\/\/www.causeur.fr\/wp-content\/uploads\/2017\/12\/jean-luc-melenchon-presidentielle-republique-1200x728.jpg\" \/><\/h3>\n<h3><\/h3>\n<h3>Mardi 4 avril 2017<\/h3>\n<p>Malgr\u00e9 son exp\u00e9rience, Fran\u00e7ois Bayrou n\u2019avait rien vu venir. Et pourtant, deux mois auparavant, les r\u00e9seaux sociaux s\u2019\u00e9taient timidement fait l\u2019\u00e9cho de ce passage d\u2019un livre de Corinne Lepage paru deux ans avant. Une affaire d\u2019emplois fictifs. Comme Fillon. Et concernant le Parlement europ\u00e9en, en plus. Il \u00e9tait mont\u00e9 trop vite et trop haut dans les sondages. Depuis vendredi dernier, il devan\u00e7ait d\u00e9sormais Fran\u00e7ois Fillon, Jean-Luc M\u00e9lenchon et Emmanuel Macron, et occupait ainsi virtuellement \u2013 avec 18.5 % \u2013 la seconde place pour le second tour, selon le Rolling-IFOP.<\/p>\n<p>Son slogan de campagne,\u00a0<em>\u00ab\u00a0La sagesse\u00a0\u00bb<\/em>, s\u2019\u00e9tait impos\u00e9 et collait \u00e0 merveille avec une opinion en train de se cristalliser. Cette\u00a0<em>\u00ab\u00a0sagesse\u00a0\u00bb<\/em>\u00a0r\u00e9pondait \u00e0 une demande de protection. De mani\u00e8re surprenante, le d\u00e9mocrate-chr\u00e9tien qui avait toujours \u00e9t\u00e9 un repr\u00e9sentant de la politique d\u2019ouverture du pays aux vents du march\u00e9 europ\u00e9en et de la mondialisation, faisait presque jeu \u00e9gal dans la France p\u00e9riph\u00e9rique avec Marine Le Pen. Il devenait le candidat de la France profonde, et un peu celle des oubli\u00e9s. Et cette sagesse renvoyait aussi et surtout \u00e0 l\u2019honn\u00eatet\u00e9, ce qui lui avait apport\u00e9 des bataillons d\u2019\u00e9lecteurs de droite devenus r\u00e9tifs au vote Fillon.<\/p>\n<div>\n<div>\n<div class=\"ak_placement_55225\">\n<div id=\"ak-401b1b33-2ebc-4098-8aaf-cb9b04ed2dcf\">\n<div class=\"ak-content-desktop\">\n<div class=\"ak-container\">\n<div class=\"ak-cell ak-image ak-static\">\n<div class=\"ak-progress-bar\">\n<div>\u00a0Et voil\u00e0 qu\u2019il \u00e9tait rattrap\u00e9, comme le candidat LR et Marine Le Pen par cette histoire d\u2019emplois fictifs. Il \u00e9tait d\u00e9sormais trop tard pour retirer sa candidature mais Fran\u00e7ois Bayrou savait qu\u2019il retomberait aussi vite qu\u2019il \u00e9tait mont\u00e9. Il savait aussi d\u2019o\u00f9 venait le coup et rejoignait d\u00e9sormais Fran\u00e7ois Fillon dans le diagnostic selon lequel un cabinet noir travaillait \u00e0 la perte de ceux qui pouvaient succ\u00e9der \u00e0 Fran\u00e7ois Hollande. A qui profitait le crime\u00a0? A Emmanuel Macron, \u00e0 l\u2019\u00e9vidence.<\/div>\n<\/div>\n<\/div>\n<\/div>\n<\/div>\n<\/div>\n<\/div>\n<\/div>\n<\/div>\n<h3>Lundi 24 avril 2017<\/h3>\n<p>La France des m\u00e9dias avait la gueule de bois. Pendant des semaines, elle avait conjur\u00e9 le mauvais sort, souhaitant ne pas voir en face ce qui la guettait. Le second tour tant redout\u00e9. Entre\u00a0<em>\u00ab\u00a0les deux extr\u00eames\u00a0\u00bb<\/em>. Entre Marine Le Pen et Jean-Luc M\u00e9lenchon. Pendant des semaines, elle y avait pourtant travaill\u00e9 soigneusement, avec l\u2019Emission Politique en t\u00eate de gondole, ses invit\u00e9s-surprises, son surf sur les buzz en tous genres. Elle avait pourtant fustig\u00e9 le d\u00e9gagisme. Elle l\u2019avait fustig\u00e9, mais encourag\u00e9 \u00e0 force de le d\u00e9noncer et d\u2019y participer n\u00e9anmoins. Schizophr\u00e9nie m\u00e9diatique.<\/p>\n<p>Et voil\u00e0 qu\u2019il fallait choisir. Entre la peste et le chol\u00e9ra. Du c\u00f4t\u00e9 des partis politiques, on \u00e9tait aussi devant ce second tour comme des poules devant un couteau. A part Beno\u00eet Hamon, Philippe Poutou (pour M\u00e9lenchon), Nicolas Dupont-Aignan (en faveur de Le Pen), Fran\u00e7ois Asselineau, Nathalie Arthaud et Jean Lassalle (pour le vote blanc), on n\u2019avait encore donn\u00e9 de consigne de vote. Les trois gros candidats \u00e9limin\u00e9s se taisaient. Quelques personnalit\u00e9s proches de ces candidats les avaient en revanche devanc\u00e9s. Laurent Wauquiez avait annonc\u00e9 dans la matinale de\u00a0<em>RTL<\/em>\u00a0qu\u2019il choisissait Marine Le Pen. Christophe Castaner se pronon\u00e7ait pour Jean-Luc M\u00e9lenchon sur\u00a0<em>France Inter<\/em>. Marielle de Sarnez, enfin, se r\u00e9solvait au m\u00eame vote que le porte-parole d\u2019Emmanuel Macron,\u00a0<em>\u00ab\u00a0la mort dans l\u2019\u00e2me\u00a0\u00bb<\/em>, sur l\u2019antenne de\u00a0<em>LCI<\/em>.<\/p>\n<p>Les premiers sondages donnaient Jean-Luc M\u00e9lenchon en t\u00eate avec 54%. C\u2019\u00e9tait peu. Tout d\u00e9pendrait de la capacit\u00e9 de chaque candidat \u00e0 mobiliser, ce qui pouvait d\u00e9jouer les pronostics et les sondages, jusqu\u2019au dernier jour.<\/p>\n<h3>Dimanche 7 mai 2017<\/h3>\n<p>Jean-Luc M\u00e9lenchon apprit vers 18h30 qu\u2019il \u00e9tait sans doute le huiti\u00e8me pr\u00e9sident d\u2019une Ve R\u00e9publique dont il souhaitait la fin. Il avait conscience que la France \u00e9tait en miettes. La campagne pr\u00e9sidentielle la plus d\u00e9plorable de l\u2019histoire de la R\u00e9publique n\u2019y avait pas peu particip\u00e9. Il fallait d\u00e9sormais rassembler. Le chef de la France insoumise avait conscience qu\u2019il avait \u00e9t\u00e9 \u00e9lu par d\u00e9faut, comme tout candidat vainqueur de Marine Le Pen l\u2019aurait \u00e9t\u00e9 \u00e0 sa place. La d\u00e9signation de son Premier ministre ne devait pas attendre. Il l\u2019annoncerait dans les prochains jours, avant m\u00eame d\u2019\u00eatre investi de ses fonctions. Tout le monde attendait Beno\u00eet Hamon mais le nouveau pr\u00e9sident ne souhaitait pas d\u00e9signer une personnalit\u00e9 ayant particip\u00e9 au scrutin. Son choix se porta alors sur Arnaud Montebourg, qui accepta la proposition. Il fallait d\u00e9sormais trouver une majorit\u00e9 aux \u00e9lections l\u00e9gislatives. Jean-Luc M\u00e9lenchon n\u2019en doutait pas\u00a0: la m\u00e9canique des institutions de la Ve lui permettrait de l\u2019obtenir.<\/p>\n","protected":false},"excerpt":{"rendered":"<p>Mai 2017, Jean-Luc M\u00e9lenchon \u00e9lu pr\u00e9sident de la R\u00e9publique Mardi 4 avril 2017 Malgr\u00e9 son exp\u00e9rience, Fran\u00e7ois Bayrou n\u2019avait rien vu venir. Et pourtant, deux mois auparavant, les r\u00e9seaux sociaux s\u2019\u00e9taient timidement fait l\u2019\u00e9cho de ce passage d\u2019un livre de Corinne Lepage paru deux ans avant. Une affaire d\u2019emplois fictifs. Comme Fillon. Et concernant le [&hellip;]<\/p>\n","protected":false},"author":10,"featured_media":0,"comment_status":"closed","ping_status":"open","sticky":false,"template":"","format":"standard","meta":{"footnotes":""},"categories":[4],"tags":[],"class_list":{"0":"post-3355","1":"post","2":"type-post","3":"status-publish","4":"format-standard","6":"category-oxygene"},"_links":{"self":[{"href":"https:\/\/blog.causeur.fr\/antidote\/wp-json\/wp\/v2\/posts\/3355","targetHints":{"allow":["GET"]}}],"collection":[{"href":"https:\/\/blog.causeur.fr\/antidote\/wp-json\/wp\/v2\/posts"}],"about":[{"href":"https:\/\/blog.causeur.fr\/antidote\/wp-json\/wp\/v2\/types\/post"}],"author":[{"embeddable":true,"href":"https:\/\/blog.causeur.fr\/antidote\/wp-json\/wp\/v2\/users\/10"}],"replies":[{"embeddable":true,"href":"https:\/\/blog.causeur.fr\/antidote\/wp-json\/wp\/v2\/comments?post=3355"}],"version-history":[{"count":0,"href":"https:\/\/blog.causeur.fr\/antidote\/wp-json\/wp\/v2\/posts\/3355\/revisions"}],"wp:attachment":[{"href":"https:\/\/blog.causeur.fr\/antidote\/wp-json\/wp\/v2\/media?parent=3355"}],"wp:term":[{"taxonomy":"category","embeddable":true,"href":"https:\/\/blog.causeur.fr\/antidote\/wp-json\/wp\/v2\/categories?post=3355"},{"taxonomy":"post_tag","embeddable":true,"href":"https:\/\/blog.causeur.fr\/antidote\/wp-json\/wp\/v2\/tags?post=3355"}],"curies":[{"name":"wp","href":"https:\/\/api.w.org\/{rel}","templated":true}]}}