{"id":3356,"date":"2017-12-29T12:36:10","date_gmt":"2017-12-29T10:36:10","guid":{"rendered":"https:\/\/blog.causeur.fr\/antidote\/?p=3356"},"modified":"2021-04-26T16:09:58","modified_gmt":"2021-04-26T14:09:58","slug":"une-autre-histoire-de-la-presidentielle-33","status":"publish","type":"post","link":"https:\/\/blog.causeur.fr\/antidote\/une-autre-histoire-de-la-presidentielle-33-3356","title":{"rendered":"Une autre histoire de la pr\u00e9sidentielle (3\/3)"},"content":{"rendered":"<div class=\"td-pb-row\">\n<div class=\"td-pb-span12\">\n<div class=\"td-post-header\">\n<header class=\"td-post-title\">\n<div class=\"td-featured-image-rec\">\n<div class=\"td-post-featured-image\">\n<figure><a class=\"td-modal-image\" href=\"https:\/\/www.causeur.fr\/wp-content\/uploads\/2017\/12\/jean-luc-melenchon-henri-guaino.jpg\"><img loading=\"lazy\" decoding=\"async\" class=\"entry-thumb\" title=\"jean-luc-melenchon-henri-guaino\" src=\"https:\/\/www.causeur.fr\/wp-content\/uploads\/2017\/12\/jean-luc-melenchon-henri-guaino-1200x729.jpg\" alt=\"\" width=\"640\" height=\"389\" \/><\/a><figcaption class=\"wp-caption-text\"><\/figcaption><\/figure>\n<\/div>\n<\/div>\n<\/header>\n<\/div>\n<\/div>\n<\/div>\n<div class=\"td-pb-row\">\n<div class=\"td-pb-span8 td-main-content\">\n<div class=\"td-ss-main-content\">\n<div id=\"content-hidden\">\n<div class=\"td-post-content\">\n<hr \/>\n<h1 class=\"entry-title\">D\u00e9cembre 2017, M\u00e9lenchon nomme Guaino Premier ministre<\/h1>\n<hr \/>\n<blockquote class=\"td_quote_box td_box_center\"><p><strong>A lire aussi:\u00a0<\/strong><strong><a href=\"https:\/\/www.causeur.fr\/francois-bayrou-presidentielle-2017-retro-148653\" target=\"_blank\" rel=\"noopener\">F\u00e9vrier 2017, Fran\u00e7ois Bayrou se d\u00e9clare candidat \u00e0 l\u2019Elys\u00e9e (1\/3)<\/a><\/strong><\/p><\/blockquote>\n<blockquote class=\"td_quote_box td_box_center\"><p><strong>A lire aussi:\u00a0<a href=\"https:\/\/www.causeur.fr\/jean-luc-melenchon-president-republique-148680\" target=\"_blank\" rel=\"noopener\">Mai 2017, Jean-Luc M\u00e9lenchon \u00e9lu pr\u00e9sident de la R\u00e9publique (2\/3)<\/a><\/strong><\/p><\/blockquote>\n<h3>Lundi 19 juin 2017<\/h3>\n<p>Arnaud Montebourg \u00e9tait assis face au pr\u00e9sident. La tension \u00e9tait palpable. Jean-Luc M\u00e9lenchon ne comprenait pas son Premier ministre. La France insoumise, gr\u00e2ce \u00e0 la d\u00e9mobilisation de tous ses adversaires, avait obtenu plus de 300 si\u00e8ges. Cette majorit\u00e9 permettait de mettre en \u0153uvre le projet joliment appel\u00e9 \u00ab\u00a0L\u2019avenir en commun\u00a0\u00bb, et l\u2019h\u00f4te de Matignon faisait la fine bouche.<\/p>\n<p>Montebourg souhaitait que l\u2019id\u00e9e de Constituante pour une VIe R\u00e9publique ne soit pas mise en \u0153uvre, comme pr\u00e9vu, aussit\u00f4t la r\u00e9forme du mode de scrutin vot\u00e9e. Lui qui avait port\u00e9 depuis le d\u00e9but de sa carri\u00e8re l\u2019id\u00e9e d\u2019en finir avec la Ve lui demandait de renoncer \u00e0 ce projet, de le renvoyer aux calendes grecques.\u00a0<em>\u00ab\u00a0Il faut regarder les choses en face, monsieur le pr\u00e9sident. D\u2019abord, m\u00eame si cette r\u00e9forme \u00e9tait \u00e0 votre programme, vous n\u2019avez pas \u00e9t\u00e9 \u00e9lu pour \u00e7a. Si vous avez obtenu 20% au premier tour, c\u2019est parce que vous, et non la France insoumise, avez su montrer que vous aviez les qualit\u00e9s d\u2019un chef. C\u2019est parce que vous avez incarn\u00e9, d\u00e8s l\u2019annonce de votre candidature, ce \u00ab\u00a0qui m\u2019aime me suive\u00a0\u00bb gaullien. Paradoxalement, c\u2019est le futur monarque r\u00e9publicain qui a \u00e9t\u00e9 \u00e9lu, pas celui qui annon\u00e7ait la Constituante. Ensuite, votre majorit\u00e9 est diverse. Entre le duo Obono-Autain, le jacobin Corbi\u00e8re et mes proches qui l\u2019ont rejointe, on dirait des grenouilles dans une brouette.\u00a0 Seule la Ve R\u00e9publique et ses outils permettront de la discipliner pour mettre en \u0153uvre les chantiers prioritaires, la transition \u00e9cologique et le bras de fer europ\u00e9en avec l\u2019Allemagne. Enfin, j\u2019ai bien peur que cette assembl\u00e9e constituante \u00e9lue \u00e0 la proportionnelle fasse n\u2019importe quoi, allant beaucoup plus loin dans le r\u00e9gime d\u2019assembl\u00e9e que nous ne le souhaitons nous-m\u00eame.\u00a0\u00bb<\/em><\/p>\n<p>Le pr\u00e9sident n\u2019\u00e9tait pas d\u00e9cid\u00e9 \u00e0 s\u2019asseoir sur sa VIe R\u00e9publique, et il le signifia \u00e0 Montebourg. Celui-ci ne se d\u00e9monta pas.\u00a0<em>\u00ab\u00a0Alors, je retourne faire du miel en Sa\u00f4ne-et-Loire\u00a0!\u00a0\u00bb<\/em>.<\/p>\n<h3>Jeudi 14 septembre 2017<\/h3>\n<p>Au premier rang de la manifestation, Emmanuel Macron, Laurent Wauquiez, Manuel Valls et Florian Philippot \u2013 fra\u00eechement d\u00e9barqu\u00e9 du FN \u2013 avan\u00e7aient, bras dessus bras dessous. Marine Le Pen avait \u00e9t\u00e9 d\u00e9clar\u00e9e persona non grata, bien qu\u2019oppos\u00e9e aussi \u00e0 la mise en place du Conseil de d\u00e9ontologie des m\u00e9dias. Le nouveau Premier ministre Beno\u00eet Hamon faisait le si\u00e8ge de l\u2019Elys\u00e9e chaque jour depuis une semaine pour implorer le pr\u00e9sident M\u00e9lenchon de renoncer \u00e0 son projet. A l\u2019Assembl\u00e9e, la majorit\u00e9 France insoumise se fissurait. Cl\u00e9mentine Autain avait demand\u00e9 \u00e0 ce qu\u2019on abandonne le projet, suscitant la col\u00e8re du pr\u00e9sident de groupe Alexis Corbi\u00e8re. Fran\u00e7ois Kalfon, le ministre de l\u2019Int\u00e9rieur, avait aussi pr\u00e9venu depuis quelques jours de l\u2019ampleur de la manifestation.<\/p>\n<p>Le pr\u00e9sident de la R\u00e9publique avait toutes les raisons de tenir. Depuis son \u00e9lection, il faisait l\u2019objet d\u2019une opposition m\u00e9diatique massive, qu\u2019il trouvait la plupart du temps caricaturale et malhonn\u00eate. Mais la France des m\u00e9dias r\u00e9sistait et \u00e9tait parvenue \u00e0 mobiliser. Bizarrement, c\u2019est la France p\u00e9riph\u00e9rique, celle qui lui avait \u00e9t\u00e9 la moins favorable lors de l\u2019\u00e9lection pr\u00e9sidentielle, qui se mobilisait le moins contre l\u2019id\u00e9e de ce conseil de d\u00e9ontologie journalistique. La fronde se d\u00e9ployait en revanche dans toute la France des m\u00e9tropoles, ce qui donnait aux manifs l\u2019effet grossissant d\u2019une loupe. Les \u00e9tudes d\u2019opinion confirmaient politiquement le clivage g\u00e9ographique. Le pr\u00e9sident s\u2019\u00e9croulait dans son propre \u00e9lectorat et celui du Parti socialiste. Il remontait en revanche l\u00e9g\u00e8rement dans l\u2019\u00e9lectorat LR et sensiblement dans l\u2019\u00e9lectorat FN. Il avait d\u00e9cid\u00e9 de tenir bon, mais commen\u00e7ait \u00e0 se demander si son \u00e9ph\u00e9m\u00e8re Premier ministre, devenu apiculteur, n\u2019avait pas vu juste en juin dernier. S\u2019il avait du mal \u00e0 imposer une telle r\u00e9forme \u00e0 sa majorit\u00e9, comment la France serait gouvern\u00e9e en VIe R\u00e9publique\u00a0?<\/p>\n<h3>Dimanche 24 d\u00e9cembre 2017<\/h3>\n<p>Enfin, les \u00e9meutes avaient cess\u00e9. En octobre, le pr\u00e9sident M\u00e9lenchon avait d\u00e9cid\u00e9 d\u2019une r\u00e9pression tous azimuts contre la fraude fiscale. En Conseil des ministres, il avait insist\u00e9 pour que cette bataille se fasse non seulement au niveau des cols blancs mais aussi dans les banlieues o\u00f9 nombre de trafiquants en tous genres ne d\u00e9claraient aucun revenu tout en affichant ostensiblement des signes ext\u00e9rieurs de richesse. Il avait ainsi exig\u00e9 qu\u2019on redonne une nouvelle vie au travail commun de la police, du fisc et des douanes initi\u00e9 par Nicolas Sarkozy lorsqu\u2019il occupait Beauvau au d\u00e9but du si\u00e8cle. Frapper les trafiquants au porte-monnaie.<\/p>\n<p>Mais, comme en 2005, ces derniers avaient d\u00e9cid\u00e9 de ne pas rester inertes. Il avait suffi d\u2019un accident de scooter d\u2019un jeune homme \u00e0 Clichy-sous-Bois, poursuivi par la police, pour que les banlieues s\u2019embrasent. Hamon et Khalfon \u00e9taient pass\u00e9s sous la table. Les m\u00e9dias \u2013\u00a0<em>Mediapart<\/em>\u00a0en t\u00eate \u2013 vent debout contre l\u2019Elys\u00e9e, accus\u00e9 de tous les maux. Ne restait plus que la Ve R\u00e9publique. Et son fameux article 16. Au bout d\u2019une semaine d\u2019\u00e9meutes, le pr\u00e9sident se d\u00e9cida \u00e0 l\u2019utiliser. Les accusations de fascisme se multipli\u00e8rent, les allusions au Venezuela et \u00e0 Cuba fleurirent. Mais M\u00e9lenchon savait qu\u2019il jouait son mandat dans l\u2019\u00e9preuve de force. En quinze jours, l\u2019ordre r\u00e9gnait dans les banlieues. Et la popularit\u00e9 pr\u00e9sidentielle remontait en fl\u00e8che.<\/p>\n<p>En ce dimanche de f\u00eate, le pr\u00e9sident de la R\u00e9publique annon\u00e7a la fin de la mise en \u0153uvre de l\u2019article 16 et ceux des travaux de la Constituante. La Ve R\u00e9publique continuerait \u00e0 vivre. Dans quelques jours, il nommerait Henri Guaino Premier ministre, Hubert V\u00e9drine aux affaires \u00e9trang\u00e8res et Natacha Polony \u00e0 la transition \u00e9cologique. A la fin de son allocution, Jean-Luc M\u00e9lenchon se paya le luxe de ces deux mots adress\u00e9s aux Fran\u00e7ais\u00a0:\u00a0<em>\u00ab\u00a0Joyeux No\u00ebl\u00a0\u00bb<\/em>.<\/p>\n<\/div>\n<\/div>\n<\/div>\n<\/div>\n<\/div>\n","protected":false},"excerpt":{"rendered":"<p>D\u00e9cembre 2017, M\u00e9lenchon nomme Guaino Premier ministre A lire aussi:\u00a0F\u00e9vrier 2017, Fran\u00e7ois Bayrou se d\u00e9clare candidat \u00e0 l\u2019Elys\u00e9e (1\/3) A lire aussi:\u00a0Mai 2017, Jean-Luc M\u00e9lenchon \u00e9lu pr\u00e9sident de la R\u00e9publique (2\/3) Lundi 19 juin 2017 Arnaud Montebourg \u00e9tait assis face au pr\u00e9sident. La tension \u00e9tait palpable. Jean-Luc M\u00e9lenchon ne comprenait pas son Premier ministre. La [&hellip;]<\/p>\n","protected":false},"author":10,"featured_media":0,"comment_status":"closed","ping_status":"open","sticky":false,"template":"","format":"standard","meta":{"footnotes":""},"categories":[4],"tags":[],"class_list":{"0":"post-3356","1":"post","2":"type-post","3":"status-publish","4":"format-standard","6":"category-oxygene"},"_links":{"self":[{"href":"https:\/\/blog.causeur.fr\/antidote\/wp-json\/wp\/v2\/posts\/3356","targetHints":{"allow":["GET"]}}],"collection":[{"href":"https:\/\/blog.causeur.fr\/antidote\/wp-json\/wp\/v2\/posts"}],"about":[{"href":"https:\/\/blog.causeur.fr\/antidote\/wp-json\/wp\/v2\/types\/post"}],"author":[{"embeddable":true,"href":"https:\/\/blog.causeur.fr\/antidote\/wp-json\/wp\/v2\/users\/10"}],"replies":[{"embeddable":true,"href":"https:\/\/blog.causeur.fr\/antidote\/wp-json\/wp\/v2\/comments?post=3356"}],"version-history":[{"count":0,"href":"https:\/\/blog.causeur.fr\/antidote\/wp-json\/wp\/v2\/posts\/3356\/revisions"}],"wp:attachment":[{"href":"https:\/\/blog.causeur.fr\/antidote\/wp-json\/wp\/v2\/media?parent=3356"}],"wp:term":[{"taxonomy":"category","embeddable":true,"href":"https:\/\/blog.causeur.fr\/antidote\/wp-json\/wp\/v2\/categories?post=3356"},{"taxonomy":"post_tag","embeddable":true,"href":"https:\/\/blog.causeur.fr\/antidote\/wp-json\/wp\/v2\/tags?post=3356"}],"curies":[{"name":"wp","href":"https:\/\/api.w.org\/{rel}","templated":true}]}}