{"id":3363,"date":"2018-02-12T08:10:10","date_gmt":"2018-02-12T06:10:10","guid":{"rendered":"https:\/\/blog.causeur.fr\/antidote\/?p=3363"},"modified":"2021-04-26T16:09:58","modified_gmt":"2021-04-26T14:09:58","slug":"obsedes-par-paris-les-nationalistes-corses-se-trompent-dennemi","status":"publish","type":"post","link":"https:\/\/blog.causeur.fr\/antidote\/obsedes-par-paris-les-nationalistes-corses-se-trompent-dennemi-3363","title":{"rendered":"Obs\u00e9d\u00e9s par Paris, les nationalistes corses se trompent d\u2019ennemi"},"content":{"rendered":"<hr \/>\n<h3><strong>Les\u00a0nationalistes corses s\u2019en prennent \u00e0 un suppos\u00e9 \u00ab\u00a0Macron jacobin\u00a0\u00bb quand ils devraient viser le \u00ab\u00a0Macron mondialiste\u00a0\u00bb.<\/strong><\/h3>\n<p><img decoding=\"async\" src=\"https:\/\/www.causeur.fr\/wp-content\/uploads\/2018\/02\/macron-corse-nationalisme-talamoni-simeoni.png\" \/><\/p>\n<p>Il est parfois des critiques qui me donnent envie de d\u00e9fendre\u00a0<a href=\"https:\/\/www.causeur.fr\/emmanuel-macron\" target=\"_blank\" rel=\"noopener\">Emmanuel Macron<\/a>. Celles qui ont suivi son d\u00e9placement en Corse en font partie. Qu\u2019on se rassure, je ne c\u00e9derai pas \u00e0 cette facile tentation. Le clivage pr\u00e9f\u00e9r\u00e9 du pr\u00e9sident de la R\u00e9publique, qui s\u00e9pare en toutes occasions les partisans de l\u2019ouverture et ceux de la fermeture n\u2019a rien pour me s\u00e9duire. Mais s\u2019agissant de la Corse, il n\u2019est pas celui qui m\u2019a agac\u00e9 le plus.<\/p>\n<h3>La mauvaise foi appelle la fermet\u00e9<\/h3>\n<p>D\u00e8s le d\u00e9but, le duo qui dirige aujourd\u2019hui la collectivit\u00e9 insulaire, a d\u00e9montr\u00e9 sa mauvaise foi crasse, accusant Emmanuel Macron de provocation\u00a0<a href=\"http:\/\/www.lepoint.fr\/politique\/corse-le-parti-de-talamoni-denonce-le-discours-haineux-de-macron-10-02-2018-2193894_20.php\" target=\"_blank\" rel=\"noopener\">alors qu\u2019il les multipliait lui-m\u00eame<\/a>. Jean-Guy Talamoni qui parlait du drapeau national comme celui d\u2019un \u00ab\u00a0pays ami\u00a0\u00bb, et qui, alors qu\u2019il pr\u00e9side une assembl\u00e9e qui doit sa l\u00e9gitimit\u00e9 aux lois de la R\u00e9publique, refuse de la repr\u00e9senter lors de l\u2019hommage d\u00fb \u00e0 un pr\u00e9fet assassin\u00e9. Jean-Guy Talamoni toujours, qui ne laisse passer aucune occasion d\u2019\u00e9voquer des \u00ab\u00a0prisonniers politiques\u00a0\u00bb, comme autant de crachats \u00e0 la R\u00e9publique, \u00e0 propos de ceux qui, justement, ont l\u00e2chement assassin\u00e9 ce repr\u00e9sentant de l\u2019Etat qui refusait une protection rapproch\u00e9e. Et Gilles Sim\u00e9oni, jouant les \u00ab\u00a0good cop\u00a0\u00bb quand son alter-ego Talamoni serait le \u00ab\u00a0bad cop\u00a0\u00bb, qui d\u00e9nie \u00e0 Jean-Pierre Chev\u00e8nement le droit d\u2019\u00eatre pr\u00e9sent \u00e0 l\u2019hommage \u00e0 Claude Erignac, et qui accuse le pr\u00e9sident de la R\u00e9publique de provocation, parce que cet ancien ministre de l\u2019Int\u00e9rieur avait eu le front d\u2019envoyer un pr\u00e9fet de combat, apr\u00e8s que le pr\u00e9d\u00e9cesseur avait \u00e9t\u00e9 assassin\u00e9. Dans mes souvenirs, lorsque des milliers de Corses avaient d\u00e9fil\u00e9 pour s\u2019\u00e9lever contre l\u2019assassinat de leur pr\u00e9fet, il ne me revient pas qu\u2019ils r\u00e9clamaient Gandhi au Cours Napol\u00e9on.<\/p>\n<p>Face \u00e0 Sim\u00e9oni et Talamoni qui faisaient monter les ench\u00e8res, alors qu\u2019ils ont \u00e9t\u00e9 \u00e9lus pour exercer des comp\u00e9tences d\u00e9finies par la loi lors d\u2019\u00e9lections dont le taux de participation devrait inviter \u00e0 davantage de modestie, il fallait qu\u2019Emmanuel Macron fasse preuve de fermet\u00e9. Sans doute une autre attitude de ses interlocuteurs aurait pu inviter \u00e0 davantage d\u2019ouverture. Tout est affaire de contexte. Parce qu\u2019il faut bien reconna\u00eetre que la demande de statut de r\u00e9sident r\u00e9pond \u00e0 des probl\u00e9matiques qui existent bel et bien. Et qui peuvent exister aussi sur le continent. Il faut reconna\u00eetre aussi que les enfants des prisonniers corses ne sont pas responsables des crimes et d\u00e9lits de leurs parents et qu\u2019une solution devrait \u00eatre trouv\u00e9e, en Corse comme ailleurs.<\/p>\n<h3>Le nationalisme corse a 50 ans de retard<\/h3>\n<p>Mais Sim\u00e9oni et Talamoni ont d\u00e8s le d\u00e9but souhait\u00e9 d\u00e9fier Paris\u00a0! Paris la jacobine\u00a0! La bonne blague\u00a0! Et la marmotte, elle met le chocolat dans le papier alu\u2026 Paris la jacobine\u00a0? Si seulement\u00a0! Paris n\u2019est plus jacobine depuis longtemps. Quand on entend Sim\u00e9oni et Talamoni, et parfois d\u2019excellents bons esprits (sauf sur ce sujet) reprendre cette antienne, on h\u00e9site entre hilarit\u00e9 et consternation. Non, Paris n\u2019est plus jacobine depuis longtemps. Petite parenth\u00e8se en direction de M. Talamoni qui se voit en pays colonis\u00e9, il est rare que la capitale d\u2019un pays colonisateur se donne un maire de la colonie en question. Pourtant, d\u2019apr\u00e8s mes informations, Jean Tib\u00e9ri a bien \u00e9t\u00e9 maire de la fameuse Paris jacobine. Et le clan corse \u00e0 la Ville n\u2019a rien d\u2019une l\u00e9gende. Il est m\u00eame arriv\u00e9 qu\u2019un Corse acc\u00e8de aux fonctions de ministre de l\u2019Int\u00e9rieur. Deux fois, ces trente derni\u00e8res ann\u00e9es. Paris la jacobine\u00a0? Cette page est tourn\u00e9e depuis bien longtemps.<\/p>\n<p>Aujourd\u2019hui,\u00a0<a href=\"https:\/\/www.causeur.fr\/paris-anne-hidalgo-festival-fnac-145392\" target=\"_blank\" rel=\"noopener\">Madame Hidalgo ne parle plus que de \u00ab\u00a0Ville-Monde\u00a0\u00bb<\/a>\u00a0et se fiche bien de la Nation, de la R\u00e9publique et de l\u2019Etat. Ce qui l\u2019int\u00e9resse, c\u2019est d\u2019imiter ses homologues londonien et new-yorkais, en moquant cette province dont les beaufs votent si mal, pour le Brexit ou pour Trump. Cette volont\u00e9 de se d\u00e9tacher de la Nation n\u2019a rien de jacobine, c\u2019est m\u00eame le contraire du jacobinisme, ce r\u00e9publicanisme ardent. Comment peut-on entretenir cette fiction de Paris-qui-d\u00e9cide-de-tout alors que, depuis bien longtemps, Paris ne d\u00e9cide plus de grand-chose\u00a0? Qu\u2019on d\u00e9cide en fait \u00e0 Bruxelles, \u00e0 Francfort, \u00e0 Washington, et dans les petites f\u00e9odalit\u00e9s cr\u00e9\u00e9es par la d\u00e9centralisation.<\/p>\n<h3>D\u00e9centralisation, pi\u00e8ge \u00e0\u2026<\/h3>\n<p>La d\u00e9centralisation, parlons-en\u00a0! Parce qu\u2019il va bien falloir se d\u00e9cider \u00e0 faire son bilan. Il va bien falloir d\u00e9terminer sa part de responsabilit\u00e9 dans la toute-puissance de la grande distribution, dans l\u2019enlaidissement de nos entr\u00e9es de villes, dans la mort de nos bourgs-centres, dans l\u2019accompagnement de la m\u00e9tropolisation dont profite justement la r\u00e9gion parisienne jusqu\u2019\u00e0 l\u2019\u00e9touffement, comme le montre \u00e0 \u00e9pisodes r\u00e9guliers le blocage complet provoqu\u00e9 par les premiers flocons de neige. La d\u00e9centralisation\u00a0! C\u2019est en son nom qu\u2019on a, par exemple, regroup\u00e9 la Bourgogne et la Franche-Comt\u00e9, c\u2019est en son nom que Monsieur Rebsamen, qui se prend pour le Duc d\u2019une Grande Bourgogne, traite les Franc-Comtois de \u00ab\u00a0gougnafiers\u00a0\u00bb, parce qu\u2019ils manifestent de la mauvaise humeur \u00e0 tout voir partir \u00e0 Dijon. Ma Franche-Comt\u00e9, je l\u2019aime. Elle n\u2019a pas \u00e0 rougir devant les quatorze ans d\u2019ind\u00e9pendance corse. Dole a r\u00e9sist\u00e9 bien plus longtemps face au Grand Cond\u00e9. Besan\u00e7on a subi le canon de Vauban. Et pourtant la Franche-Comt\u00e9 est fran\u00e7aise. Elle en est fi\u00e8re, et elle ne souffre pas moins que la Corse dans la mondialisation sauvage. Elle souhaiterait un Etat qui fasse son travail, qui la prot\u00e8ge des ravages du libre-\u00e9change. Pas d\u2019un Etat qui s\u2019efface et qui lui dise \u00ab\u00a0d\u00e9merde-toi\u00a0\u00bb, en lui d\u00e9l\u00e9guant un pouvoir r\u00e9glementaire.<\/p>\n<p>En Corse comme en Franche-Comt\u00e9, on ne vote d\u2019ailleurs plus beaucoup. Il faut dire que lorsqu\u2019on lui demande son avis sur une question importante, on s\u2019assoit dessus ensuite. En 2005, dans la France enti\u00e8re, le peuple avait dit non \u00e0 la constitution europ\u00e9enne. Trois ans plus tard, on faisait passer un trait\u00e9 quasi-identique par la fen\u00eatre. En 2003, les Corses refusaient la collectivit\u00e9 unique et souhaitaient conserver leurs deux d\u00e9partements, vestiges du jacobinisme. Nationalistes, autonomistes, et vieux partis en capilotade se sont entendus pour pi\u00e9tiner aussi cette d\u00e9cision souveraine. Alors la moiti\u00e9 d\u2019entre eux ne va plus voter et, par leur abstention, dit aux natios\u00a0: \u00ab\u00a0d\u00e9merdez-vous, montrez ce dont vous \u00eates capables\u00a0\u00bb. Ils leur disent en gros ce qu\u2019Emmanuel Macron a dit l\u2019autre jour, et qui a \u00e9t\u00e9 pris pour du m\u00e9pris.<\/p>\n<h3>La\u00a0Corse a rendu service \u00e0 Macron<\/h3>\n<p>Qu\u2019on ne s\u2019y trompe pas. On ne r\u00e9pondra pas aux fractures fran\u00e7aises par moins d\u2019Etat, moins de R\u00e9publique, moins de Nation. On ne r\u00e9pondra pas aux souffrances de la France p\u00e9riph\u00e9rique par un \u00ab\u00a0d\u00e9merdez-vous\u00a0\u00bb. En fait, Emmanuel Macron en r\u00eave\u00a0! Le d\u00e9peindre en Jupiter jacobin, n\u2019est-ce pas en fait lui rendre un sacr\u00e9 service\u00a0? Si son image s\u2019est am\u00e9lior\u00e9e, c\u2019est gr\u00e2ce \u00e0 cette posture dont il sait qu\u2019elle correspond \u00e0 une demande r\u00e9elle. Le critiquer sur ce th\u00e8me, c\u2019est lui rendre service. A bon entendeur\u2026<\/p>\n","protected":false},"excerpt":{"rendered":"<p>Les\u00a0nationalistes corses s\u2019en prennent \u00e0 un suppos\u00e9 \u00ab\u00a0Macron jacobin\u00a0\u00bb quand ils devraient viser le \u00ab\u00a0Macron mondialiste\u00a0\u00bb. Il est parfois des critiques qui me donnent envie de d\u00e9fendre\u00a0Emmanuel Macron. Celles qui ont suivi son d\u00e9placement en Corse en font partie. Qu\u2019on se rassure, je ne c\u00e9derai pas \u00e0 cette facile tentation. Le clivage pr\u00e9f\u00e9r\u00e9 du pr\u00e9sident [&hellip;]<\/p>\n","protected":false},"author":10,"featured_media":0,"comment_status":"closed","ping_status":"open","sticky":false,"template":"","format":"standard","meta":{"footnotes":""},"categories":[5],"tags":[],"class_list":{"0":"post-3363","1":"post","2":"type-post","3":"status-publish","4":"format-standard","6":"category-sulfate"},"_links":{"self":[{"href":"https:\/\/blog.causeur.fr\/antidote\/wp-json\/wp\/v2\/posts\/3363","targetHints":{"allow":["GET"]}}],"collection":[{"href":"https:\/\/blog.causeur.fr\/antidote\/wp-json\/wp\/v2\/posts"}],"about":[{"href":"https:\/\/blog.causeur.fr\/antidote\/wp-json\/wp\/v2\/types\/post"}],"author":[{"embeddable":true,"href":"https:\/\/blog.causeur.fr\/antidote\/wp-json\/wp\/v2\/users\/10"}],"replies":[{"embeddable":true,"href":"https:\/\/blog.causeur.fr\/antidote\/wp-json\/wp\/v2\/comments?post=3363"}],"version-history":[{"count":0,"href":"https:\/\/blog.causeur.fr\/antidote\/wp-json\/wp\/v2\/posts\/3363\/revisions"}],"wp:attachment":[{"href":"https:\/\/blog.causeur.fr\/antidote\/wp-json\/wp\/v2\/media?parent=3363"}],"wp:term":[{"taxonomy":"category","embeddable":true,"href":"https:\/\/blog.causeur.fr\/antidote\/wp-json\/wp\/v2\/categories?post=3363"},{"taxonomy":"post_tag","embeddable":true,"href":"https:\/\/blog.causeur.fr\/antidote\/wp-json\/wp\/v2\/tags?post=3363"}],"curies":[{"name":"wp","href":"https:\/\/api.w.org\/{rel}","templated":true}]}}