{"id":3364,"date":"2018-02-16T14:34:37","date_gmt":"2018-02-16T12:34:37","guid":{"rendered":"https:\/\/blog.causeur.fr\/antidote\/?p=3364"},"modified":"2021-04-26T16:09:58","modified_gmt":"2021-04-26T14:09:58","slug":"jean-michel-blanquer-doit-tout-a-najat-vallaud-belkacem","status":"publish","type":"post","link":"https:\/\/blog.causeur.fr\/antidote\/jean-michel-blanquer-doit-tout-a-najat-vallaud-belkacem-3364","title":{"rendered":"Jean-Michel Blanquer doit tout \u00e0 Najat Vallaud-Belkacem"},"content":{"rendered":"<h3 class=\"td-post-sub-title\">L&rsquo;ancienne ministre a pos\u00e9 les bases de la reconstruction de l&rsquo;\u00e9cole<\/h3>\n<div class=\"td-pb-row\">\n<div class=\"td-pb-span12\">\n<div class=\"td-post-header\">\n<header class=\"td-post-title\">\n<div class=\"td-featured-image-rec\">\n<div class=\"td-post-featured-image\">\n<figure><a class=\"td-modal-image\" href=\"https:\/\/www.causeur.fr\/wp-content\/uploads\/2018\/02\/najat-vallaud-belkacem-blanquer-grimace.jpg\"><img loading=\"lazy\" decoding=\"async\" class=\"entry-thumb\" title=\"najat-vallaud-belkacem-blanquer-grimace\" src=\"https:\/\/www.causeur.fr\/wp-content\/uploads\/2018\/02\/najat-vallaud-belkacem-blanquer-grimace-1200x724.jpg\" alt=\"\" width=\"640\" height=\"386\" \/><\/a><figcaption class=\"wp-caption-text\"><\/figcaption><\/figure>\n<\/div>\n<\/div>\n<\/header>\n<\/div>\n<\/div>\n<\/div>\n<div class=\"td-pb-row\">\n<div class=\"td-pb-span8 td-main-content\">\n<div class=\"td-ss-main-content\">\n<div id=\"content-hidden\">\n<div class=\"td-post-content\">\n<hr \/>\n<h3><strong>Mais si mais si, pour l\u2019oeuvre de Jean-Michel Blanquer, c\u2019est \u00e0 Najat Vallaud-Belkacem qu\u2019il faut dire merci !\u00a0<\/strong><\/h3>\n<hr \/>\n<p>Jean-Michel Blanquer a donc explos\u00e9 les compteurs de\u00a0<a href=\"https:\/\/www.causeur.fr\/lemission-politique\" target=\"_blank\" rel=\"noopener\">\u00ab\u00a0L\u2019Emission politique\u00a0\u00bb<\/a>, avec 71% des personnes convaincues dans le sondage final. Plus encore, Alexis Corbi\u00e8re, qui n\u2019avait pourtant pas d\u00e9m\u00e9rit\u00e9 lors de son d\u00e9bat avec le ministre de l\u2019Education nationale, a sans doute eu un moment de d\u00e9solation lorsqu\u2019il a appris que 69% des \u00e9lecteurs de Jean-Luc M\u00e9lenchon de la derni\u00e8re pr\u00e9sidentielle avaient \u00e9t\u00e9 convaincus par son interlocuteur du soir.<\/p>\n<div class=\"SandboxRoot env-bp-350\">\n<div id=\"twitter-widget-0\" class=\"EmbeddedTweet EmbeddedTweet--edge EmbeddedTweet--mediaForward media-forward js-clickToOpenTarget js-tweetIdInfo tweet-InformationCircle-widgetParent\" lang=\"fr\">\n<article class=\"MediaCard\n           MediaCard--mediaForward\n\n           customisable-border\" dir=\"ltr\"><\/p>\n<div class=\"MediaCard-media\"><a class=\"MediaCard-borderOverlay\" title=\"Voir l'image sur Twitter\" href=\"https:\/\/twitter.com\/Muriellecast\/status\/964264786673487872\/photo\/1\"><span class=\"u-hiddenVisually\">Voir l&rsquo;image sur Twitter<\/span><\/a><\/p>\n<div class=\"MediaCard-widthConstraint js-cspForcedStyle\">\n<div class=\"MediaCard-mediaContainer js-cspForcedStyle\"><a class=\"MediaCard-mediaAsset NaturalImage\" href=\"https:\/\/twitter.com\/Muriellecast\/status\/964264786673487872\/photo\/1\"><img loading=\"lazy\" decoding=\"async\" class=\"NaturalImage-image\" title=\"Voir l'image sur Twitter\" src=\"https:\/\/pbs.twimg.com\/media\/DWHBtWDX0AAYtsB?format=jpg&amp;name=small\" alt=\"Voir l'image sur Twitter\" width=\"477\" height=\"261\" \/><\/a><\/div>\n<\/div>\n<\/div>\n<\/article>\n<div class=\"EmbeddedTweet-tweet\">\n<blockquote class=\"Tweet h-entry js-tweetIdInfo subject expanded\" cite=\"https:\/\/twitter.com\/Muriellecast\/status\/964264786673487872\">\n<div class=\"Tweet-header u-cf\">\n<div class=\"Tweet-brand u-floatRight\"><\/div>\n<div class=\"TweetAuthor js-inViewportScribingTarget\"><a class=\"TweetAuthor-link Identity u-linkBlend\" href=\"https:\/\/twitter.com\/Muriellecast\"><span class=\"TweetAuthor-avatar Identity-avatar\"><img decoding=\"async\" class=\"Avatar Avatar--edge\" src=\"https:\/\/pbs.twimg.com\/profile_images\/946685210657280000\/MEwYtGqT_normal.jpg\" alt=\"\" \/><\/span><span class=\"TweetAuthor-decoratedName\"><span class=\"TweetAuthor-name Identity-name customisable-highlight\" title=\"Muriel\">Muriel<\/span><\/span><span class=\"TweetAuthor-screenName Identity-screenName\" dir=\"ltr\" title=\"@Muriellecast\">@Muriellecast<\/span><\/a><\/div>\n<\/div>\n<div class=\"Tweet-body e-entry-content\">\n<div class=\"u-hiddenVisually js-inViewportScribingTarget\"><\/div>\n<p class=\"Tweet-text e-entry-title\" dir=\"ltr\" lang=\"fr\">Corbi\u00e8re apr\u00e8s avoir vu le sondage o\u00f9 71% des t\u00e9l\u00e9spectateurs ont trouv\u00e9 Blanquer convaincant <a class=\"PrettyLink hashtag customisable\" href=\"https:\/\/twitter.com\/hashtag\/LEmissionPolitique?src=hash\" rel=\"tag\"><span class=\"PrettyLink-prefix\">#<\/span><span class=\"PrettyLink-value\">LEmissionPolitique<\/span><\/a><\/p>\n<div class=\"Tweet-metadata dateline\"><a class=\"u-linkBlend u-url customisable-highlight long-permalink\" href=\"https:\/\/twitter.com\/Muriellecast\/status\/964264786673487872\">23:26 &#8211; 15 f\u00e9vr. 2018<\/a><\/div>\n<\/div>\n<\/blockquote>\n<\/div>\n<\/div>\n<div class=\"resize-sensor\"><\/div>\n<\/div>\n<p>Blanquer, c\u2019est\u00a0<em>\u00ab\u00a0le vice-pr\u00e9sident\u00a0\u00bb<\/em>\u00a0selon\u00a0<em>Le Point<\/em>, et\u00a0<em>\u00ab\u00a0la nouvelle star\u00a0\u00bb<\/em>\u00a0selon\u00a0<em>Valeurs actuelles<\/em>.<\/p>\n<h3><strong>Derri\u00e8re chaque grand homme\u2026<\/strong><\/h3>\n<p>Il ne s\u2019agit pas l\u00e0 de mettre en cause ses comp\u00e9tences, ni son bon sens et son habilet\u00e9 politique. Mais on oublie un peu trop facilement \u00e0 qui Blanquer doit en priorit\u00e9 son immense popularit\u00e9. La personne \u00e0 qui le ministre pourrait dire\u00a0: \u00ab\u00a0je lui dois tout\u00a0\u00bb. Emmanuel Macron, le pr\u00e9sident qui lui a fait confiance\u00a0? Alain Jupp\u00e9, ce fourier du macronisme, qui l\u2019avait abondamment consult\u00e9 pour la construction de son programme \u00e9ducatif\u00a0? Gilles de Robien et Luc Chatel, qui lui ont permis de faire ses armes au minist\u00e8re\u00a0? Non. Ni les uns, ni les autres. Cette personnalit\u00e9 \u00e0 qui Blanquer doit tout est une femme. Sa femme\u00a0? Je ne pense pas \u00e0 elle, et du reste \u2013 le ministre pr\u00e9servant \u00e0 juste titre sa vie priv\u00e9e \u2013 on ne sait rien d\u2019elle.<\/p>\n<p>Jean-Michel Blanquer doit tout \u00e0\u00a0<a href=\"https:\/\/www.causeur.fr\/najat-vallaud-belkacem\" target=\"_blank\" rel=\"noopener\">Najat Vallaud-Belkacem<\/a>, qui l\u2019a pr\u00e9c\u00e9d\u00e9 rue de Grenelle. Gr\u00e2ce \u00e0 elle, il est populaire. Gr\u00e2ce \u00e0 elle, tout ce qu\u2019il touche se transforme en or sondagier. Gr\u00e2ce \u00e0 elle, cet homme est le messie.<\/p>\n<h3><strong>Apr\u00e8s moi, le soleil !<\/strong><\/h3>\n<p>Si Najat Vallaud-Belkacem n\u2019avait pas mis en \u0153uvre sa r\u00e9forme du coll\u00e8ge, si elle n\u2019avait pas pi\u00e9tin\u00e9 les classes bilangues et les options Latin et Grec, si elle n\u2019avait pas d\u00e9l\u00e9gu\u00e9 la r\u00e9daction des programmes \u00e0 l\u2019id\u00e9ologue Lussault, si elle n\u2019avait install\u00e9 le tirage au sort comme solution de s\u00e9lection d\u2019entr\u00e9e \u00e0 l\u2019Universit\u00e9, qu\u2019aurait bien pu faire Jean-Michel Blanquer\u00a0?<\/p>\n<p>Il suffisait juste d\u2019annoncer son intention de r\u00e9tablir les classes bilangues, le Latin et le Grec pour para\u00eetre un homme de bon sens. Le ministre n\u2019a m\u00eame pas eu besoin de financer leur r\u00e9tablissement en redonnant les dotations en heures-postes correspondantes. Ce qui, au passage, n\u2019a pas permis qu\u2019elles fassent leur retour dans bon nombre d\u2019\u00e9tablissements. Oui, il suffisait juste de l\u2019annoncer.<\/p>\n<blockquote class=\"td_quote_box td_box_center\"><p><strong>A lire aussi:\u00a0<a href=\"https:\/\/www.causeur.fr\/admission-post-bac-apb-najat-145631\" target=\"_blank\" rel=\"noopener\">Scandale des admissions post-bac: merci Najat Vallaud-Belkacem!<\/a><\/strong><\/p><\/blockquote>\n<p>En ce qui concerne la s\u00e9lection \u00e0 l\u2019universit\u00e9 c\u2019est encore plus piquant. Voil\u00e0 une proposition qui avait mis la jeunesse dans la rue il y a trente-deux ans. Dont la perspective effrayait tous les dirigeants politiques de droite, Sarkozy en t\u00eate. Et que le gouvernement fait passer comme une lettre \u00e0 la poste, avec quelques petites manifs embryonnaires de-ci de-l\u00e0, sous les applaudissements, ou presque, de la plupart des lyc\u00e9ens. Pour r\u00e9aliser ce miracle, dont Blanquer est cr\u00e9dit\u00e9 alors que c\u2019est sa coll\u00e8gue Vidal qui est \u00e0 la man\u0153uvre, il fallait bien que Najat Vallaud-Belkacem soit pass\u00e9e par l\u00e0, et instaure\u00a0<a href=\"https:\/\/www.causeur.fr\/admission-post-bac-apb-najat-145631\" target=\"_blank\" rel=\"noopener\">cette id\u00e9e saugrenue de tirage au sort<\/a>. Le tirage au sort, comme preuve par l\u2019absurde de ce refus de la s\u00e9lection par le m\u00e9rite, pr\u00e9f\u00e9rant depuis des lustres organiser un naufrage dans le premier cycle des facs, pour mieux rep\u00e9rer les meilleurs nageurs.<\/p>\n<h3><strong>La grimace de Mona Lisa<\/strong><\/h3>\n<p>Ah, s\u2019il n\u2019y avait pas eu cette grimace\u00a0! Vous vous souvenez\u00a0? Cette grimace que Najat Vallaud-Belkacem avait faite lorsqu\u2019elle avait appris le nom de son successeur.<\/p>\n<p>Cette image qu\u2019une cam\u00e9ra indiscr\u00e8te avait film\u00e9e un jour de mai de l\u2019an dernier. S\u2019il n\u2019y avait pas eu cette grimace, on pourrait croire que tout cela n\u2019\u00e9tait que volontaire. Que Vallaud-Belkacem avait en fait tout planifi\u00e9 pour que son successeur puisse enfin, apr\u00e8s tant d\u2019ann\u00e9es de destruction de notre syst\u00e8me \u00e9ducatif, remettre enfin l\u2019\u00e9glise au milieu du village. Qu\u2019elle avait dynamit\u00e9 sciemment le syst\u00e8me de l\u2019int\u00e9rieur afin que Blanquer puisse reconstruire, enfin. On aurait pu croire \u00e0 cette alliance entre les deux contraires, comme d\u2019autres croyaient na\u00efvement \u00e0 celle du glaive et du bouclier \u00e0 une \u00e9poque que l\u2019octroi d\u2019un point Godwin ne me permet pas d\u2019\u00e9voquer.<\/p>\n<blockquote class=\"td_quote_box td_box_center\"><p><strong>A lire aussi:\u00a0<a href=\"https:\/\/www.causeur.fr\/blanquer-education-nationale-natacha-polony-146591\" target=\"_blank\" rel=\"noopener\">J.-M. Blanquer: \u00ab\u00a0Beaucoup de choses contre-productives ont \u00e9t\u00e9 entreprises au nom de l\u2019\u00e9galit\u00e9\u00a0\u00bb<\/a><\/strong><\/p><\/blockquote>\n<p>S\u2019il n\u2019y avait pas eu cette grimace, on pourrait alors diminuer compl\u00e8tement les m\u00e9rites de Jean-Michel Blanquer, et \u00e9riger une statue \u00e0 la nouvelle directrice \u00e9ditoriale de Fayard. Ne pas \u00eatre statufi\u00e9e \u00e0 cause d\u2019une grimace\u00a0! C\u2019est ballot.<\/p>\n<\/div>\n<\/div>\n<\/div>\n<\/div>\n<\/div>\n","protected":false},"excerpt":{"rendered":"<p>L&rsquo;ancienne ministre a pos\u00e9 les bases de la reconstruction de l&rsquo;\u00e9cole Mais si mais si, pour l\u2019oeuvre de Jean-Michel Blanquer, c\u2019est \u00e0 Najat Vallaud-Belkacem qu\u2019il faut dire merci !\u00a0 Jean-Michel Blanquer a donc explos\u00e9 les compteurs de\u00a0\u00ab\u00a0L\u2019Emission politique\u00a0\u00bb, avec 71% des personnes convaincues dans le sondage final. Plus encore, Alexis Corbi\u00e8re, qui n\u2019avait pourtant pas [&hellip;]<\/p>\n","protected":false},"author":10,"featured_media":0,"comment_status":"closed","ping_status":"open","sticky":false,"template":"","format":"standard","meta":{"footnotes":""},"categories":[4],"tags":[],"class_list":{"0":"post-3364","1":"post","2":"type-post","3":"status-publish","4":"format-standard","6":"category-oxygene"},"_links":{"self":[{"href":"https:\/\/blog.causeur.fr\/antidote\/wp-json\/wp\/v2\/posts\/3364","targetHints":{"allow":["GET"]}}],"collection":[{"href":"https:\/\/blog.causeur.fr\/antidote\/wp-json\/wp\/v2\/posts"}],"about":[{"href":"https:\/\/blog.causeur.fr\/antidote\/wp-json\/wp\/v2\/types\/post"}],"author":[{"embeddable":true,"href":"https:\/\/blog.causeur.fr\/antidote\/wp-json\/wp\/v2\/users\/10"}],"replies":[{"embeddable":true,"href":"https:\/\/blog.causeur.fr\/antidote\/wp-json\/wp\/v2\/comments?post=3364"}],"version-history":[{"count":0,"href":"https:\/\/blog.causeur.fr\/antidote\/wp-json\/wp\/v2\/posts\/3364\/revisions"}],"wp:attachment":[{"href":"https:\/\/blog.causeur.fr\/antidote\/wp-json\/wp\/v2\/media?parent=3364"}],"wp:term":[{"taxonomy":"category","embeddable":true,"href":"https:\/\/blog.causeur.fr\/antidote\/wp-json\/wp\/v2\/categories?post=3364"},{"taxonomy":"post_tag","embeddable":true,"href":"https:\/\/blog.causeur.fr\/antidote\/wp-json\/wp\/v2\/tags?post=3364"}],"curies":[{"name":"wp","href":"https:\/\/api.w.org\/{rel}","templated":true}]}}