{"id":3366,"date":"2018-02-25T12:27:05","date_gmt":"2018-02-25T10:27:05","guid":{"rendered":"https:\/\/blog.causeur.fr\/antidote\/?p=3366"},"modified":"2021-04-26T16:09:58","modified_gmt":"2021-04-26T14:09:58","slug":"laurent-wauquiez-paris-perdu-pari-gagne","status":"publish","type":"post","link":"https:\/\/blog.causeur.fr\/antidote\/laurent-wauquiez-paris-perdu-pari-gagne-3366","title":{"rendered":"Laurent Wauquiez: Paris perdu, pari gagn\u00e9 !"},"content":{"rendered":"<div class=\"td-pb-row\">\n<div class=\"td-pb-span12\">\n<div class=\"td-post-header\">\n<header class=\"td-post-title\">\n<div class=\"td-featured-image-rec\">\n<div class=\"td-post-featured-image\">\n<figure>\n<h3 class=\"td-post-sub-title\">Il n&rsquo;y a que Paris pour se formaliser de ses propos, la France p\u00e9riph\u00e9rique, elle, a appr\u00e9ci\u00e9<\/h3>\n<\/figure>\n<figure><a class=\"td-modal-image\" href=\"https:\/\/www.causeur.fr\/wp-content\/uploads\/2018\/02\/laurent-wauquiez-bfm-tv-elkrief.jpg\"><img loading=\"lazy\" decoding=\"async\" class=\"entry-thumb\" title=\"laurent-wauquiez-bfm-tv-elkrief\" src=\"https:\/\/www.causeur.fr\/wp-content\/uploads\/2018\/02\/laurent-wauquiez-bfm-tv-elkrief-1200x727.jpg\" alt=\"\" width=\"640\" height=\"388\" \/><\/a><\/figure>\n<\/div>\n<\/div>\n<\/header>\n<\/div>\n<\/div>\n<\/div>\n<div class=\"td-pb-row\">\n<div class=\"td-pb-span8 td-main-content\">\n<div class=\"td-ss-main-content\">\n<div id=\"content-hidden\">\n<div class=\"td-post-content\">\n<hr \/>\n<h3><strong>La pol\u00e9mique sur les propos discr\u00e8tement enregistr\u00e9s de Laurent Wauquiez est purement parisienne et r\u00e9v\u00e8le la fracture entre la capitale et sa p\u00e9riph\u00e9rie. Ca tombe bien, c\u2019est \u00e0 elle que le pr\u00e9sident de LR\u00a0s\u2019adresse.\u00a0<\/strong><\/h3>\n<hr \/>\n<p>Je d\u00e9barque de ma province comtoise et il est question de Laurent Wauquiez. Evidemment. C\u2019est\u00a0<a href=\"https:\/\/www.lesechos.fr\/politique-societe\/politique\/0301309985648-sarkozy-mettait-ses-ministres-sur-ecoutes-selon-wauquiez-2154461.php\" target=\"_blank\" rel=\"noopener\">le sujet m\u00e9diatique num\u00e9ro un<\/a>\u00a0depuis vendredi soir. Et l\u2019accus\u00e9 est all\u00e9 enfin s\u2019expliquer la veille sur l\u2019antenne de\u00a0<em>BFM TV<\/em>. Imm\u00e9diatement,\u00a0<a href=\"https:\/\/www.sudradio.fr\/le-10h-12h-2018-02-21-0\" target=\"_blank\" rel=\"noopener\">sur le plateau de\u00a0<em>Sud Radio<\/em>\u00a0<\/a>ce matin, j\u2019ai compris que j\u2019allais avoir le r\u00f4le ingrat de d\u00e9fenseur. D\u2019avocat du diable.<\/p>\n<h3><strong>Il n\u2019y a que Paris pour s\u2019offusquer<\/strong><\/h3>\n<p>Mes trois interlocuteurs tapent comme des sourds sur Wauquiez. C\u2019est un populiste. Il est irresponsable. Il se \u00ab\u00a0trumpise\u00a0\u00bb. Il raconte n\u2019importe quoi pour qu\u2019on fasse attention \u00e0 lui. C\u2019est \u00e0 mon tour d\u2019intervenir. J\u2019attire l\u2019attention sur le fait que, dans l\u2019\u00e9lectorat de droite, il y a ce sentiment que l\u2019ensemble de la presse tire toujours dans le m\u00eame sens, qu\u2019une phrase pol\u00e9mique d\u2019Emmanuel Macron, c\u2019est un jour de d\u00e9bats sur les cha\u00eenes info, quand c\u2019est quatre avec Fillon ou Wauquiez. C\u2019\u00e9tait d\u2019ailleurs la premi\u00e8re salve lanc\u00e9e par le pr\u00e9sident LR sur le plateau de Ruth Elkrief. Mes interlocuteurs protestent.<\/p>\n<div>\n<div>\n<div class=\"ak_placement_55225\">\n<div id=\"ak-e36f0b66-2f3a-4632-847b-6cc4e110764d\">\n<div class=\"ak-content-desktop\">\n<div class=\"ak-container\">\n<div><\/div>\n<\/div>\n<div class=\"ak-branding-referal\"><\/div>\n<\/div>\n<\/div>\n<\/div>\n<\/div>\n<\/div>\n<p>C\u2019est \u00e0 ce moment que l\u2019animatrice de l\u2019\u00e9mission, Val\u00e9rie Expert, prend l\u2019appel d\u2019une auditrice biterroise. Et elle d\u00e9fend Wauquiez bien plus \u00e9nergiquement que je ne l\u2019ai fait. Il y aura deux autres appels du m\u00eame genre. Ce sentiment existe bien, et mes trois comparses sont bien oblig\u00e9s de le constater. Quant \u00e0 le trouver justifi\u00e9, en revanche, ce ne sera pas pour aujourd\u2019hui, \u00e0 \u00e9couter leurs protestations et leurs tentatives avort\u00e9es de remettre l\u2019auditeur fourvoy\u00e9 sur le bon chemin. Pourtant, Muriel, Sammy et les autres existent bien et ils soutiennent l\u2019homme \u00e0 la parka rouge. On a l\u2019impression qu\u2019ils se fichent bien que ce soit Wauquiez ou un autre mais l\u2019agacement est tel qu\u2019ils ont pris leur t\u00e9l\u00e9phone pour dire leur v\u00e9rit\u00e9.<\/p>\n<h3><strong>Laurent Wauquiez parle \u00e0 la France qui vote pour lui<\/strong><\/h3>\n<p>Cette coupure Paris \u00ab\u00a0mainstream\u00a0\u00bb vs. France des petites villes et des campagnes, elle existe, elle s\u2019\u00e9largit et c\u2019est bien aux habitants de la seconde que Wauquiez a voulu parler. Depuis sa fameuse tribune au\u00a0<em>JDD<\/em>, on sait que c\u2019est bien dans les provinces que les marges de man\u0153uvre \u00e9lectorales existent. Le processus \u00e9lectoral de l\u2019automne dernier, qui l\u2019a men\u00e9 \u00e0 la t\u00eate des R\u00e9publicains, lui a aussi permis de constater que plus les m\u00e9dias le pr\u00e9sentaient en\u00a0<a href=\"https:\/\/www.causeur.fr\/bete-gevaudan-abel-chevalley-149476\" target=\"_blank\" rel=\"noopener\">B\u00eate du G\u00e9vaudan<\/a>, plus il \u00e9tait populaire dans son propre camp. A-t-il lu\u00a0<a href=\"https:\/\/www.causeur.fr\/gerald-andrieu-peuple-frontieres-levy-148493\" target=\"_blank\" rel=\"noopener\">le formidable livre de notre camarade G\u00e9rald Andrieu<\/a>, qui racontait la d\u00e9fiance de la France p\u00e9riph\u00e9rique envers le journaliste venu de Paris, et \u00e0 qui on accepte de parler que parce qu\u2019il a eu l\u2019id\u00e9e g\u00e9niale de venir \u00e0 sa rencontre avec son seul sac-\u00e0-dos\u00a0? C\u2019est possible. Si la comparaison avec Trump a finalement un sens, c\u2019est dans la compr\u00e9hension que, pour bonne partie du pays, le divorce avec la presse \u00ab\u00a0mainstream\u00a0\u00bb,\u00a0<a href=\"http:\/\/www.leparisien.fr\/politique\/wauquiez-contre-quotidien-les-enregistrements-de-ses-propos-sont-ils-legaux-21-02-2018-7571637.php\" target=\"_blank\" rel=\"noopener\">dont\u00a0<em>Quotidien<\/em>\u00a0n\u2019est que l\u2019avant-garde arrogante et ricaneuse<\/a>, est act\u00e9. Alors Wauquiez en profite.<\/p>\n<p>Malgr\u00e9 sa balourdise, qui le conduit \u00e0 \u00e9gratigner Sarko le grand commandeur. Malgr\u00e9 ses formules de communicants qui finissent par ressembler \u00e0 des tics de langage\u00a0<em>(\u00ab\u00a0Madame Ruth Elkrief, permettez-moi de r\u00e9pondre \u00e0 votre question\u00a0\u00bb,<\/em>\u00a0combien de fois\u00a0?). Malgr\u00e9 le soup\u00e7on d\u2019insinc\u00e9rit\u00e9 qui p\u00e8se sur lui, l\u2019ancien disciple de Jacques Barrot reconverti en ap\u00f4tre de la droite d\u00e9complex\u00e9e version Puy-en-Velay.<\/p>\n<h3><strong>A qui perd Paris, gagne la France<\/strong><\/h3>\n<p>Alors que l\u2019\u00e9mission s\u2019achevait, les chiffres d\u2019audience de l\u2019interview de Laurent Wauquiez sur\u00a0<em>BFM TV<\/em>\u00a0tombaient sur le fil Twitter de Val\u00e9rie Expert. 786 000 personnes en moyenne avec un pic tutoyant le million de t\u00e9l\u00e9spectateurs. Un vrai carton d\u2019audience sur une cha\u00eene d\u2019information continue. Une \u00e9mission diffus\u00e9e \u00e0 19h00. O\u00f9 regarde-t-on la t\u00e9l\u00e9vision \u00e0 cette heure\u00a0? Certainement pas dans la France des m\u00e9tropoles. Il y a trois jours, je confiais \u00e0 un jeune wauqui\u00e9ziste que son patron aurait pu se priver de cette s\u00e9quence et mettre plut\u00f4t le paquet sur\u00a0<a href=\"https:\/\/www.causeur.fr\/sncf-rapport-spinetta-lignes-train-149649\" target=\"_blank\" rel=\"noopener\">la suppression des petites lignes de train<\/a>pr\u00e9conis\u00e9e par le rapport Spinetta. Finalement, elle lui sera peut-\u00eatre b\u00e9n\u00e9fique. Trop fort\u00a0!<\/p>\n<\/div>\n<\/div>\n<\/div>\n<\/div>\n<\/div>\n","protected":false},"excerpt":{"rendered":"<p>Il n&rsquo;y a que Paris pour se formaliser de ses propos, la France p\u00e9riph\u00e9rique, elle, a appr\u00e9ci\u00e9 La pol\u00e9mique sur les propos discr\u00e8tement enregistr\u00e9s de Laurent Wauquiez est purement parisienne et r\u00e9v\u00e8le la fracture entre la capitale et sa p\u00e9riph\u00e9rie. Ca tombe bien, c\u2019est \u00e0 elle que le pr\u00e9sident de LR\u00a0s\u2019adresse.\u00a0 Je d\u00e9barque de ma [&hellip;]<\/p>\n","protected":false},"author":10,"featured_media":0,"comment_status":"closed","ping_status":"open","sticky":false,"template":"","format":"standard","meta":{"footnotes":""},"categories":[4],"tags":[],"class_list":{"0":"post-3366","1":"post","2":"type-post","3":"status-publish","4":"format-standard","6":"category-oxygene"},"_links":{"self":[{"href":"https:\/\/blog.causeur.fr\/antidote\/wp-json\/wp\/v2\/posts\/3366","targetHints":{"allow":["GET"]}}],"collection":[{"href":"https:\/\/blog.causeur.fr\/antidote\/wp-json\/wp\/v2\/posts"}],"about":[{"href":"https:\/\/blog.causeur.fr\/antidote\/wp-json\/wp\/v2\/types\/post"}],"author":[{"embeddable":true,"href":"https:\/\/blog.causeur.fr\/antidote\/wp-json\/wp\/v2\/users\/10"}],"replies":[{"embeddable":true,"href":"https:\/\/blog.causeur.fr\/antidote\/wp-json\/wp\/v2\/comments?post=3366"}],"version-history":[{"count":0,"href":"https:\/\/blog.causeur.fr\/antidote\/wp-json\/wp\/v2\/posts\/3366\/revisions"}],"wp:attachment":[{"href":"https:\/\/blog.causeur.fr\/antidote\/wp-json\/wp\/v2\/media?parent=3366"}],"wp:term":[{"taxonomy":"category","embeddable":true,"href":"https:\/\/blog.causeur.fr\/antidote\/wp-json\/wp\/v2\/categories?post=3366"},{"taxonomy":"post_tag","embeddable":true,"href":"https:\/\/blog.causeur.fr\/antidote\/wp-json\/wp\/v2\/tags?post=3366"}],"curies":[{"name":"wp","href":"https:\/\/api.w.org\/{rel}","templated":true}]}}