{"id":3373,"date":"2018-04-16T06:54:14","date_gmt":"2018-04-16T04:54:14","guid":{"rendered":"https:\/\/blog.causeur.fr\/antidote\/?p=3373"},"modified":"2021-04-26T16:09:58","modified_gmt":"2021-04-26T14:09:58","slug":"denis-balbir-carton-rouge-dune-croisade-morale","status":"publish","type":"post","link":"https:\/\/blog.causeur.fr\/antidote\/denis-balbir-carton-rouge-dune-croisade-morale-3373","title":{"rendered":"Denis Balbir, carton rouge d\u2019une croisade morale"},"content":{"rendered":"<div class=\"td-pb-row\">\n<div class=\"td-pb-span12\">\n<div class=\"td-post-header\">\n<header class=\"td-post-title\">\n<div class=\"td-featured-image-rec\">\n<div class=\"td-post-featured-image\">\n<figure><a class=\"td-modal-image\" href=\"https:\/\/www.causeur.fr\/wp-content\/uploads\/2018\/04\/denis-balbir-football-homophobie.jpg\"><img loading=\"lazy\" decoding=\"async\" class=\"entry-thumb\" title=\"denis-balbir-football-homophobie\" src=\"https:\/\/www.causeur.fr\/wp-content\/uploads\/2018\/04\/denis-balbir-football-homophobie.jpg\" alt=\"denis balbir football homophobie\" width=\"640\" height=\"393\" \/><\/a><\/figure>\n<figure><figcaption class=\"wp-caption-text\"><\/figcaption><\/figure>\n<\/div>\n<\/div>\n<\/header>\n<\/div>\n<\/div>\n<\/div>\n<div class=\"td-pb-row\">\n<div class=\"td-pb-span8 td-main-content\">\n<div class=\"td-ss-main-content\">\n<div id=\"content-hidden\" class=\"removed\">\n<div class=\"td-post-content\">\n<hr \/>\n<h3><strong>Pour avoir malencontreusement prononc\u00e9 le mot \u00ab\u00a0p\u00e9d\u00e9\u00a0\u00bb en se croyant hors antenne, le commentateur est ex\u00e9cut\u00e9 en place publique. Au nom de la lutte contre l\u2019homophobie, on abolit la vie priv\u00e9e\u2026<\/strong><\/h3>\n<hr \/>\n<p>Dans\u00a0<em>Le go\u00fbt des autres<\/em>, la r\u00e9alisatrice Agn\u00e8s Jaoui met en sc\u00e8ne un petit patron beauf, jou\u00e9 par Jean-Pierre Bacri, qui a le malheur de prononcer le mot \u00ab p\u00e9d\u00e9 \u00bb sous sa forme d\u2019insulte famili\u00e8re. Imm\u00e9diatement, un acheteur d\u2019arts homosexuel lui fait remarquer vertement ce que cette insulte a d\u2019homophobe.<\/p>\n<p>Finalement, le beauf jou\u00e9 par Bacri se r\u00e9v\u00e9lera beaucoup plus sympathique et ouvert d\u2019esprit que le snob incarn\u00e9\u00a0par Wladimir Yordanoff, lequel sera suspect\u00e9 de vouloir profiter de l\u2019inculture dudit homophobe pour lui vendre une fresque de son fianc\u00e9. Jaoui n\u2019est pas suspecte de nager dans l\u2019univers de la droite Manif pour tous ni de celui de certaines tribunes dont les \u00ab\u00a0Oh hisse, encul\u00e9\u00a0!\u00a0\u00bb fleurissent contre le gardien de but adverse. Mais, lorsqu\u2019on d\u00e9couvre hier matin l\u2019affaire Balbir qui a mis le feu \u00e0 Twitter, on ne peut s\u2019emp\u00eacher de demander si, dix-huit ans apr\u00e8s, ce film pourrait encore recueillir le C\u00e9sar du meilleur film. Le temps est aujourd\u2019hui aux \u00ab\u00a0Social Justice Warriors\u00a0\u00bb (SJW), il n\u2019est plus \u00e0 la complexit\u00e9.<\/p>\n<p>En marge du match de Ligue Europa OM-Leipzig qu\u2019il commentait avec Jean-Marc Ferreri, Denis Balbir a utilis\u00e9 la m\u00eame expression que Jean-Jacques Castella du<em>\u00a0Go\u00fbt des autres<\/em>\u00a0contre les joueurs de Leipzig qui ont mordu la poussi\u00e8re hier soir au Stade V\u00e9lodrome.<\/p>\n<p>Mais il ne l\u2019a pas dit \u00e0 l\u2019antenne, ce qui aurait effectivement constitu\u00e9 une faute professionnelle. Il l\u2019a gliss\u00e9 \u00e0 son comparse apr\u00e8s le match, hors-antenne. Il l\u2019a fait dans un contexte et au cours d\u2019une conversation strictement priv\u00e9s. Seulement voil\u00e0, il y avait dans la cha\u00eene quelqu\u2019un qui a captur\u00e9 la phrase et qui a d\u00e9cid\u00e9 de la balancer sur les r\u00e9seaux sociaux. Les excuses de Denis Balbir n\u2019y ont rien fait, il a \u00e9t\u00e9 suspendu de ses fonctions par le groupe M6 en quelques heures. Sa carri\u00e8re professionnelle est aujourd\u2019hui en danger de mort, pour une parole prononc\u00e9e dans un cadre priv\u00e9.<\/p>\n<p>A tous ceux qui pensent que l\u2019important, c\u2019est que le combat contre l\u2019homophobie soit gagn\u00e9 et qui consid\u00e8rent que cela passe par le recul d\u2019expressions qui y contribuent, ce que nous pouvons approuver, il faut poser la question suivante\u00a0: tous les coups sont-ils permis\u00a0? Faut-il, de mani\u00e8re d\u00e9loyale, traquer la parole priv\u00e9e et l\u2019assimiler d\u00e9sormais \u00e0 la parole publique\u00a0? S\u2019ils r\u00e9pondent positivement \u00e0 cette premi\u00e8re interrogation, il leur faudra aussi r\u00e9pondre \u00e0 la seconde\u00a0: sont-ils si irr\u00e9prochables\u00a0en priv\u00e9\u00a0? N\u2019y ont-ils jamais prononc\u00e9 la moindre parole qui pourrait d\u00e9clencher le courroux num\u00e9rique d\u2019une meute des justiciers du Net ? Qu\u2019ils prennent quelques secondes pour bien y r\u00e9fl\u00e9chir\u00a0! Peut-\u00eatre alors se rendront-ils compte du monde dans lequel ils nous plongent, doucement mais s\u00fbrement.<\/p>\n<\/div>\n<\/div>\n<\/div>\n<\/div>\n<\/div>\n","protected":false},"excerpt":{"rendered":"<p>Pour avoir malencontreusement prononc\u00e9 le mot \u00ab\u00a0p\u00e9d\u00e9\u00a0\u00bb en se croyant hors antenne, le commentateur est ex\u00e9cut\u00e9 en place publique. Au nom de la lutte contre l\u2019homophobie, on abolit la vie priv\u00e9e\u2026 Dans\u00a0Le go\u00fbt des autres, la r\u00e9alisatrice Agn\u00e8s Jaoui met en sc\u00e8ne un petit patron beauf, jou\u00e9 par Jean-Pierre Bacri, qui a le malheur de [&hellip;]<\/p>\n","protected":false},"author":10,"featured_media":0,"comment_status":"closed","ping_status":"open","sticky":false,"template":"","format":"standard","meta":{"footnotes":""},"categories":[5],"tags":[],"class_list":{"0":"post-3373","1":"post","2":"type-post","3":"status-publish","4":"format-standard","6":"category-sulfate"},"_links":{"self":[{"href":"https:\/\/blog.causeur.fr\/antidote\/wp-json\/wp\/v2\/posts\/3373","targetHints":{"allow":["GET"]}}],"collection":[{"href":"https:\/\/blog.causeur.fr\/antidote\/wp-json\/wp\/v2\/posts"}],"about":[{"href":"https:\/\/blog.causeur.fr\/antidote\/wp-json\/wp\/v2\/types\/post"}],"author":[{"embeddable":true,"href":"https:\/\/blog.causeur.fr\/antidote\/wp-json\/wp\/v2\/users\/10"}],"replies":[{"embeddable":true,"href":"https:\/\/blog.causeur.fr\/antidote\/wp-json\/wp\/v2\/comments?post=3373"}],"version-history":[{"count":0,"href":"https:\/\/blog.causeur.fr\/antidote\/wp-json\/wp\/v2\/posts\/3373\/revisions"}],"wp:attachment":[{"href":"https:\/\/blog.causeur.fr\/antidote\/wp-json\/wp\/v2\/media?parent=3373"}],"wp:term":[{"taxonomy":"category","embeddable":true,"href":"https:\/\/blog.causeur.fr\/antidote\/wp-json\/wp\/v2\/categories?post=3373"},{"taxonomy":"post_tag","embeddable":true,"href":"https:\/\/blog.causeur.fr\/antidote\/wp-json\/wp\/v2\/tags?post=3373"}],"curies":[{"name":"wp","href":"https:\/\/api.w.org\/{rel}","templated":true}]}}