{"id":3376,"date":"2018-05-03T16:38:21","date_gmt":"2018-05-03T14:38:21","guid":{"rendered":"https:\/\/blog.causeur.fr\/antidote\/?p=3376"},"modified":"2021-04-26T16:09:58","modified_gmt":"2021-04-26T14:09:58","slug":"violences-comme-un-pave-dans-la-mare-du-president","status":"publish","type":"post","link":"https:\/\/blog.causeur.fr\/antidote\/violences-comme-un-pave-dans-la-mare-du-president-3376","title":{"rendered":"Violences: comme un pav\u00e9 dans la mare du pr\u00e9sident"},"content":{"rendered":"<h3 class=\"td-post-sub-title\">Macron adopte le parti du D\u00e9sordre<\/h3>\n<div class=\"td-pb-row\">\n<div class=\"td-pb-span12\">\n<div class=\"td-post-header\">\n<header class=\"td-post-title\">\n<div class=\"td-featured-image-rec\">\n<div class=\"td-post-featured-image\">\n<figure><a class=\"td-modal-image\" href=\"https:\/\/www.causeur.fr\/wp-content\/uploads\/2018\/05\/pave-paris-casseurs-macron-desordre.jpg\"><img loading=\"lazy\" decoding=\"async\" class=\"entry-thumb\" title=\"pave-paris-casseurs-macron-desordre\" src=\"https:\/\/www.causeur.fr\/wp-content\/uploads\/2018\/05\/pave-paris-casseurs-macron-desordre-1200x726.jpg\" alt=\"\" width=\"640\" height=\"387\" \/><\/a><figcaption class=\"wp-caption-text\"><\/figcaption><\/figure>\n<\/div>\n<\/div>\n<\/header>\n<\/div>\n<\/div>\n<\/div>\n<div class=\"td-pb-row\">\n<div class=\"td-pb-span8 td-main-content\">\n<div class=\"td-ss-main-content\">\n<div id=\"content-hidden\">\n<div class=\"td-post-content\">\n<hr \/>\n<h3><strong>Emmanuel Macron avait l\u2019intention d\u2019incarner le parti de l\u2019Ordre. Mais les\u00a0violences\u00a0du 1er mai ont s\u00e9rieusement \u00e9corn\u00e9 l\u2019image qu\u2019il comptait renvoyer, au point de voir resurgir l\u2019ombre d\u2019un ancien pr\u00e9sident\u2026<\/strong><\/h3>\n<hr \/>\n<p>La semaine du fameux match opposant Emmanuel Macron au duo autoproclam\u00e9\u00a0 \u00ab\u00a0irr\u00e9v\u00e9rencieux\u00a0\u00bb Bourdin-Plenel \u2013 qui, \u00e0 leur corps d\u00e9fendant, a bien profit\u00e9 au pr\u00e9sident \u2013 le locataire de l\u2019Elys\u00e9e avait programm\u00e9 une s\u00e9quence. D\u00e8s le lundi matin, avant m\u00eame que nous apprenions qu\u2019il irait se mesurer aux vedettes de\u00a0<em>Mediapart<\/em>\u00a0et\u00a0<em>BFM<\/em>\u00a0<em>TV<\/em>, les forces de police s\u2019approchaient de Notre-Dame-Des-Landes. Il devait aussi aller le jeudi midi discuter avec Jean-Pierre Pernaut, l\u2019homme qui murmure \u00e0 l\u2019oreille des retrait\u00e9s de France. Toute la semaine \u00e9tait plac\u00e9e sous le signe du parti de l\u2019Ordre, comme on disait au mitan du XIXe si\u00e8cle. Autorit\u00e9 et R\u00e9conciliation, nous susurrait-on du c\u00f4t\u00e9 du Ch\u00e2teau.<\/p>\n<h3><strong>Le parti de l\u2019Ordre vacille d\u00e9j\u00e0<\/strong><\/h3>\n<p>Bref, il s\u2019agissait de gagner des points \u00e0 droite, d\u2019\u00e9touffer Laurent Wauquiez, dont on craint qu\u2019il n\u2019arrive peu \u00e0 peu \u00e0 reconstituer le socle r\u00e9uni par Fran\u00e7ois Fillon il y a un an. Qui sait si ces vingt points ne suffiront pas, en 2022, pour accrocher le strapontin du second tour\u00a0? Avec une abstention forte des Insoumis, pr\u00f4n\u00e9e par ses dirigeants, ce serait alors gagn\u00e9 pour l\u2019homme \u00e0 la parka rouge. Il fallait donc priver Wauquiez d\u2019oxyg\u00e8ne imm\u00e9diatement. L\u2019isoler, le pilonner, le moquer, le trianguler, aller sur son terrain. Le sondage indiquant le pr\u00e9sident de LR \u00e0 8% arrivait \u00e0 point, juste apr\u00e8s ladite s\u00e9quence. \u00ab\u00a0Jupiter\u00a0\u00bb pouvait savourer son bon coup, sous les vivas de la foule m\u00e9diatique.<\/p>\n<p>Sauf que.<\/p>\n<p>Lorsqu\u2019on joue \u00e0 incarner le parti de l\u2019Ordre, il faut pouvoir l\u2019assumer au-del\u00e0 d\u2019une s\u00e9quence d\u2019une semaine et deux \u00e9missions de t\u00e9l\u00e9 r\u00e9ussies. Et de quoi s\u2019aper\u00e7oit-on depuis quinze jours\u00a0? Notre-Dame-Des-Landes n\u2019a toujours pas \u00e9t\u00e9 \u00e9vacu\u00e9e de ses zadistes\u00a0; les images de Tolbiac vandalis\u00e9e ont \u00e9t\u00e9 vues par toute la France\u00a0; du c\u00f4t\u00e9 de la fronti\u00e8re franco-italienne, G\u00e9n\u00e9ration Identitaire joue aux garde-fronti\u00e8res, sous le regard passif du ministre de l\u2019Int\u00e9rieur\u00a0; et des centaines de militants cagoul\u00e9s s\u2019installent en t\u00eate de la manif du 1<sup>er<\/sup>\u00a0mai, et commettent leurs exactions habituelles. Ce printemps 2018 n\u2019est pas termin\u00e9 que le parti de l\u2019Ordre vacille d\u00e9j\u00e0.<\/p>\n<h3><strong>Chienlit, K\u00e4rcher et Jupiter<\/strong><\/h3>\n<p>Cette perception ne se traduira pas imm\u00e9diatement dans les \u00e9tudes d\u2019opinion mais l\u2019id\u00e9e qu\u2019il vacille avance imperturbablement. Le charisme et l\u2019\u00e9nergie du ministre de l\u2019Int\u00e9rieur commencent \u00e0 \u00eatre mis en cause et il se pourrait bien que cela soit en partie injuste. Celui qui a voulu s\u2019\u00e9riger en parti de l\u2019Ordre, et le marteler dans cette premi\u00e8re quinzaine d\u2019avril, c\u2019est \u00ab\u00a0Jupiter\u00a0\u00bb lui-m\u00eame. Jupiter contre la chienlit\u00a0! Et si la chienlit s\u2019installe, c\u2019est donc Jupiter qui sera le seul responsable. Le seul coupable.<\/p>\n<p>Il me revient une expression c\u00e9l\u00e8bre. Un ministre de l\u2019Int\u00e9rieur, qui ne pensait pas \u00e0 l\u2019Elys\u00e9e qu\u2019en se rasant, avait un jour \u00e9voqu\u00e9 la volont\u00e9 de passer le K\u00e4rcher dans des territoires perdus de la R\u00e9publique. Il avait tout fait pour qu\u2019on l\u2019associe \u00e0 cet outil de nettoyage germanique. Il n\u2019est pas compl\u00e8tement impossible que cela put l\u2019aider \u00e0 acc\u00e9der au pouvoir supr\u00eame quelques ann\u00e9es plus tard. Mais le K\u00e4rcher fut remis\u00e9 dans un placard. Et, dans l\u2019\u00e9lectorat populaire, on a beaucoup dit en 2012 que le pr\u00e9sident sortant n\u2019avait pas perdu parce qu\u2019il avait voulu passer le K\u00e4rcher, mais parce qu\u2019il y avait piteusement renonc\u00e9. On \u00e9voque souvent les bonnes relations entre Emmanuel Macron et cet ancien pr\u00e9sident. Sans doute ce dernier aurait pu mettre en garde l\u2019actuel chef de l\u2019Etat. Malheureusement, il aurait fallu que lui-m\u00eame, pour prodiguer un tel conseil, ait quelque capacit\u00e9 \u00e0 l\u2019autocritique.<\/p>\n<p>Evidemment, comme le style de Nicolas Sarkozy \u2013 tout le monde l\u2019aura reconnu, sous son loup \u2013 et celui d\u2019Emmanuel Macron sont fort diff\u00e9rents, le parall\u00e9lisme des situations n\u2019est pas parfait. \u00ab\u00a0Jupiter\u00a0\u00bb se meut bien plus en douceur, dans le style gaullo-mitterrandien. Mais l\u2019intention \u00e9tait malgr\u00e9 tout la m\u00eame. Incarner l\u2019Ordre. L\u2019Autorit\u00e9 de l\u2019Etat. Qu\u2019on le fasse en plastronnant ou lors d\u2019une s\u00e9quence de communication r\u00e9ussie, il faut pouvoir assumer derri\u00e8re. Dans le cas contraire, tout cela appara\u00eet t\u00f4t ou tard, comme un lancer de boomerang mal ajust\u00e9. Et il n\u2019est pas facile de rattraper l\u2019objet dans ces conditions.<\/p>\n<\/div>\n<\/div>\n<\/div>\n<\/div>\n<\/div>\n","protected":false},"excerpt":{"rendered":"<p>Macron adopte le parti du D\u00e9sordre Emmanuel Macron avait l\u2019intention d\u2019incarner le parti de l\u2019Ordre. Mais les\u00a0violences\u00a0du 1er mai ont s\u00e9rieusement \u00e9corn\u00e9 l\u2019image qu\u2019il comptait renvoyer, au point de voir resurgir l\u2019ombre d\u2019un ancien pr\u00e9sident\u2026 La semaine du fameux match opposant Emmanuel Macron au duo autoproclam\u00e9\u00a0 \u00ab\u00a0irr\u00e9v\u00e9rencieux\u00a0\u00bb Bourdin-Plenel \u2013 qui, \u00e0 leur corps d\u00e9fendant, a [&hellip;]<\/p>\n","protected":false},"author":10,"featured_media":0,"comment_status":"closed","ping_status":"open","sticky":false,"template":"","format":"standard","meta":{"footnotes":""},"categories":[5],"tags":[],"class_list":{"0":"post-3376","1":"post","2":"type-post","3":"status-publish","4":"format-standard","6":"category-sulfate"},"_links":{"self":[{"href":"https:\/\/blog.causeur.fr\/antidote\/wp-json\/wp\/v2\/posts\/3376","targetHints":{"allow":["GET"]}}],"collection":[{"href":"https:\/\/blog.causeur.fr\/antidote\/wp-json\/wp\/v2\/posts"}],"about":[{"href":"https:\/\/blog.causeur.fr\/antidote\/wp-json\/wp\/v2\/types\/post"}],"author":[{"embeddable":true,"href":"https:\/\/blog.causeur.fr\/antidote\/wp-json\/wp\/v2\/users\/10"}],"replies":[{"embeddable":true,"href":"https:\/\/blog.causeur.fr\/antidote\/wp-json\/wp\/v2\/comments?post=3376"}],"version-history":[{"count":0,"href":"https:\/\/blog.causeur.fr\/antidote\/wp-json\/wp\/v2\/posts\/3376\/revisions"}],"wp:attachment":[{"href":"https:\/\/blog.causeur.fr\/antidote\/wp-json\/wp\/v2\/media?parent=3376"}],"wp:term":[{"taxonomy":"category","embeddable":true,"href":"https:\/\/blog.causeur.fr\/antidote\/wp-json\/wp\/v2\/categories?post=3376"},{"taxonomy":"post_tag","embeddable":true,"href":"https:\/\/blog.causeur.fr\/antidote\/wp-json\/wp\/v2\/tags?post=3376"}],"curies":[{"name":"wp","href":"https:\/\/api.w.org\/{rel}","templated":true}]}}