{"id":3378,"date":"2018-05-17T11:48:43","date_gmt":"2018-05-17T09:48:43","guid":{"rendered":"https:\/\/blog.causeur.fr\/antidote\/?p=3378"},"modified":"2021-04-26T16:09:58","modified_gmt":"2021-04-26T14:09:58","slug":"le-moment-ou-edouard-philippe-a-compris-que-le-juppeisme-meritait-mieux-que-juppe","status":"publish","type":"post","link":"https:\/\/blog.causeur.fr\/antidote\/le-moment-ou-edouard-philippe-a-compris-que-le-juppeisme-meritait-mieux-que-juppe-3378","title":{"rendered":"Le moment o\u00f9 Edouard Philippe a compris que le jupp\u00e9isme m\u00e9ritait mieux que Jupp\u00e9"},"content":{"rendered":"<h3 class=\"td-post-sub-title\">Le documentaire sur Edouard Philippe qui explique l&rsquo;\u00e9chec du \u00ab\u00a0meilleur d&rsquo;entre nous\u00a0\u00bb<\/h3>\n<div class=\"td-pb-row\">\n<div class=\"td-pb-span12\">\n<div class=\"td-post-header\">\n<header class=\"td-post-title\">\n<div class=\"td-featured-image-rec\">\n<div class=\"td-post-featured-image\">\n<figure><a class=\"td-modal-image\" href=\"https:\/\/www.causeur.fr\/wp-content\/uploads\/2018\/05\/edouard-philippe-alain-juppe-documentaire.jpg\"><img loading=\"lazy\" decoding=\"async\" class=\"entry-thumb\" title=\"edouard-philippe-alain-juppe-documentaire\" src=\"https:\/\/www.causeur.fr\/wp-content\/uploads\/2018\/05\/edouard-philippe-alain-juppe-documentaire-1200x729.jpg\" alt=\"\" width=\"640\" height=\"389\" \/><\/a><figcaption class=\"wp-caption-text\"><\/figcaption><\/figure>\n<\/div>\n<\/div>\n<\/header>\n<\/div>\n<\/div>\n<\/div>\n<div class=\"td-pb-row\">\n<div class=\"td-pb-span8 td-main-content\">\n<div class=\"td-ss-main-content\">\n<div id=\"content-hidden\">\n<div class=\"td-post-content\">\n<p>Mardi soir, le compte Twitter des R\u00e9publicains se montrait plut\u00f4t chafouin\u00a0:<\/p>\n<div class=\"SandboxRoot env-bp-350\">\n<div id=\"twitter-widget-0\" class=\"EmbeddedTweet EmbeddedTweet--edge js-clickToOpenTarget tweet-InformationCircle-widgetParent\" lang=\"en\">\n<div class=\"EmbeddedTweet-tweet\">\n<blockquote class=\"Tweet h-entry js-tweetIdInfo subject expanded\" cite=\"https:\/\/twitter.com\/lesRepublicains\/status\/996469430723981313\">\n<div class=\"Tweet-header\"><a class=\"TweetAuthor-avatar Identity-avatar u-linkBlend\" href=\"https:\/\/twitter.com\/lesRepublicains\"><img decoding=\"async\" class=\"Avatar Avatar--edge\" src=\"https:\/\/pbs.twimg.com\/profile_images\/856447550454460416\/6Lik9fFF_normal.jpg\" alt=\"\" \/><\/a><\/p>\n<div class=\"TweetAuthor js-inViewportScribingTarget\">\n<div class=\"TweetAuthor-nameScreenNameContainer\"><span class=\"TweetAuthor-decoratedName\"><span class=\"TweetAuthor-name Identity-name customisable-highlight\" title=\"les R\u00e9publicains\">les R\u00e9publicains<\/span><\/span><\/p>\n<div class=\"Icon Icon--verified \" title=\"Verified Account\"><\/div>\n<p><span class=\"TweetAuthor-decoratedName\"><span class=\"TweetAuthor-verifiedBadge\"><b class=\"u-hiddenVisually\">\u2714<\/b><\/span><\/span><span class=\"TweetAuthor-screenName Identity-screenName\" dir=\"ltr\" title=\"@lesRepublicains\">@lesRepublicains<\/span><\/div>\n<\/div>\n<div class=\"Tweet-brand\"><\/div>\n<\/div>\n<div class=\"Tweet-body e-entry-content\">\n<div class=\"u-hiddenVisually js-inViewportScribingTarget\"><\/div>\n<p class=\"Tweet-text e-entry-title\" dir=\"ltr\" lang=\"fr\">Une semaine apr\u00e8s le documentaire sur Emmanuel Macron par son copain nomm\u00e9 \u00e0 LCP, le documentaire sur Edouard Philippe par son copain d&rsquo;enfance. Demain, le documentaire sur G\u00e9rald Darmanin par Thierry Sol\u00e8re ? <a class=\"PrettyLink hashtag customisable\" href=\"https:\/\/twitter.com\/hashtag\/servicepublic?src=hash\" rel=\"tag\"><span class=\"PrettyLink-prefix\">#<\/span><span class=\"PrettyLink-value\">servicepublic<\/span><\/a><\/p>\n<\/div>\n<\/blockquote>\n<\/div>\n<\/div>\n<\/div>\n<div><\/div>\n<p>Deux documentaires consacr\u00e9s aux deux t\u00eates de l\u2019ex\u00e9cutif, et r\u00e9alis\u00e9s par des proches respectifs, cela pouvait effectivement sembler beaucoup trop. A premi\u00e8re vue seulement. Car autant le documentaire de Bertrand Delais permettait bien \u00e0 Emmanuel Macron de d\u00e9rouler tranquillement sa communication, autant ce n\u2019\u00e9tait pas du tout le but de celui de Laurent Cibien.\u00a0<a href=\"https:\/\/www.france.tv\/france-3\/edouard-mon-pote-de-droite\/495043-episode-2-primaire.html\" target=\"_blank\" rel=\"noopener\">Le deuxi\u00e8me \u00e9pisode de \u00ab\u00a0Edouard, mon pote de droite\u00a0\u00bb<\/a>, r\u00e9pond \u00e0 d\u2019autres objectifs.<\/p>\n<h3><strong>Jupp\u00e9 comme jamais<\/strong><\/h3>\n<p>Le premier avait montr\u00e9 les coulisses de la campagne municipale du Havre de 2014, \u00e0 travers Edouard Philippe, alors totalement inconnu de la population fran\u00e7aise, Seine-Maritime exclue. Il avait fait conna\u00eetre un personnage int\u00e9ressant, celui d\u2019un homme politique vu par un documentariste du bord politique oppos\u00e9, alors qu\u2019ils \u00e9taient assis sur les m\u00eames bancs au lyc\u00e9e Janson-de-Sailly.<\/p>\n<p>Cette fois, il \u00e9tait question de la campagne de la primaire, puisqu\u2019Edouard Philippe comptait parmi les principaux lieutenants d\u2019Alain Jupp\u00e9, longtemps favori de la presse, des \u00e9lites, et des sondages r\u00e9unis. Les confidences d\u2019 \u00ab\u00a0Edouard\u00a0\u00bb \u00e0 \u00ab\u00a0son pote\u00a0\u00bb, les r\u00e9unions auxquelles nous avons le droit d\u2019assister, les r\u00e9actions du maire du Havre en direct au t\u00e9l\u00e9phone, ses agacements, la mani\u00e8re dont il appr\u00e9hende les relations avec les journalistes, tout est enrichissant sur ce moment politique important, la primaire de droite de 2016, qui restera sans doute comme la seule de l\u2019histoire, tant elle n\u2019aura pas servi de marchepied pour le pouvoir, comme initialement pr\u00e9vu, mais comme peau de banane magnifique.<\/p>\n<h3><strong>Sarkocentr\u00e9<\/strong><\/h3>\n<p>On apprend \u00e0 cette occasion que l\u2019actuel Premier ministre est un bien pi\u00e8tre pronostiqueur. Il est vrai que ce n\u2019est pas ce qu\u2019on demande \u00e0 un dirigeant politique, et qu\u2019il est loin d\u2019\u00eatre le seul \u00e0 avoir \u00e9t\u00e9 d\u00e9menti lors de la s\u00e9quence politique 2016-2017, sans doute l\u2019une des plus impr\u00e9visibles de l\u2019histoire de la R\u00e9publique. Sur les chances d\u2019Emmanuel Macron, sur la non-candidature de Fran\u00e7ois Hollande, sur les rapports de forces entre Nicolas Sarkozy, Alain Jupp\u00e9 et Fran\u00e7ois Fillon, la veille du premier tour de la primaire, Edouard Philippe se plante, et en beaut\u00e9.<\/p>\n<p>C\u2019est en fait sur Nicolas Sarkozy qu\u2019il se trompe le plus, l\u2019imaginant toujours plus haut qu\u2019il ne l\u2019est r\u00e9ellement. C\u2019est d\u2019autant plus \u00e9tonnant que, dans un d\u00e9jeuner avec des journalistes \u00e0 l\u2019\u00e9t\u00e9 2016, il livre un ressenti tout \u00e0 fait r\u00e9aliste de l\u2019humeur droiti\u00e8re qu\u2019il hume aupr\u00e8s de son terrain normand\u00a0:\u00a0<em>\u00ab\u00a0Je suis frapp\u00e9 par le nombre de gens \u00e0 droite qui disent que Sarko, on a vu et on ne reverra jamais. Il dit tout, son contraire et l\u2019inverse\u00a0\u00bb.<\/em>\u00a0Edouard Philippe avait pris l\u00e0, la bonne temp\u00e9rature et il aurait mieux fait de s\u2019en impr\u00e9gner lui-m\u00eame, plut\u00f4t que de jeter ceci \u00e0 des journalistes, comme des os \u00e0 ronger, pour les influencer, comme il le confie juste apr\u00e8s le repas. Au lieu de cela, comme toute la garde rapproch\u00e9e de Jupp\u00e9, il semble obs\u00e9d\u00e9 par Sarkozy, et ne croit jamais \u00e0 la perc\u00e9e d\u2019un troisi\u00e8me homme. Cela le conduit aussi \u00e0 adopter les m\u00eames r\u00e9flexes sarkozyens, faisant de la presse, de l\u2019Adversaire et des animateurs du d\u00e9bat en g\u00e9n\u00e9ral, les responsables de la pi\u00e8tre qualit\u00e9 de ce dernier\u00a0:\u00a0<em>\u00ab\u00a0On ne parle pas de justice sociale, on ne parle pas de politique culturelle, on ne parle pas d\u2019Europe. On parle du jambon et des frites\u00a0\u00bb<\/em>.<\/p>\n<h3><strong><em>\u00ab\u00a0J\u2019me casse, \u00e7a m\u2019fait chier\u00a0\u00bb.<\/em><\/strong><\/h3>\n<p>Si Alain Jupp\u00e9 et son \u00e9quipe, malgr\u00e9 les bons sondages, et peut-\u00eatre \u00e0 cause d\u2019eux, n\u2019a pas r\u00e9ussi \u00e0 imposer ses th\u00e8mes dans le d\u00e9bat, ce n\u2019est pas la faute de la presse, des r\u00e9seaux sociaux et du monde m\u00e9chant qui l\u2019entourait, c\u2019est avant tout \u00e0 cause de sa mauvaise campagne. L\u2019\u00e9change avec Ruth Elkrief, le soir du premier tour dans un salon de\u00a0<em>BFM TV<\/em>\u00a0d\u00e9\u00e7oit. Philippe reproche aux journalistes d\u2019avoir favoris\u00e9 Fillon pendant la derni\u00e8re semaine, par la tonalit\u00e9 des commentaires. Ruth Elkrief r\u00e9torque qu\u2019elle ne faisait que rendre compte de ce qui se passait. Ce qui est objectivement la r\u00e9alit\u00e9. A Besan\u00e7on, chez son coiffeur ou au march\u00e9, on ressentait exactement la m\u00eame chose, et cela n\u2019avait rien \u00e0 voir avec ce qui se passait dans les cha\u00eenes info.<\/p>\n<blockquote class=\"td_quote_box td_box_center\"><p><strong>A lire aussi:\u00a0<a href=\"https:\/\/www.causeur.fr\/edouard-philippe-discret-premier-ministre-151122\" target=\"_blank\" rel=\"noopener\">Edouard Philippe, un si discret Premier ministre\u2026<\/a><\/strong><\/p><\/blockquote>\n<p>Que le r\u00e9alisateur soit remerci\u00e9 d\u2019avoir retenu deux sc\u00e8nes d\u2019anthologie dans son documentaire. La premi\u00e8re se passe dans la derni\u00e8re ligne droite. Benoist Apparu anime une r\u00e9union. Virginie Calmels intervient pour dire les d\u00e9g\u00e2ts faits par le ph\u00e9nom\u00e8ne \u00ab\u00a0Ali Jupp\u00e9\u00a0\u00bb dans les r\u00e9seaux sociaux et sur le terrain, notamment cette histoire de mosqu\u00e9e qui n\u2019existe pas. Edouard Philippe prend le parti de ne pas s\u2019attarder sur cette histoire, objectant que si Jupp\u00e9 est associ\u00e9 \u00e0 Tareq Oubrou sur le web, Sarkozy est associ\u00e9 \u00e0 Kadhafi. Ce genre de coups est courant en campagne et Jupp\u00e9 n\u2019est pas forc\u00e9ment le plus perdant \u00e0 ce jeu-l\u00e0. Le probl\u00e8me, qu\u2019il ne voit pas, c\u2019est que le danger n\u2019est pas Sarkozy. Mais Calmels ne le voit pas davantage. Le plus dr\u00f4le dans cette sc\u00e8ne, c\u2019est l\u2019id\u00e9e farfelue qu\u2019imagine Benoist Apparu pour mettre tout le monde d\u2019accord\u00a0: demander \u00e0 Calmels d\u2019organiser une rencontre entre Alain Jupp\u00e9 et l\u2019\u00e9v\u00eaque \u00e0 Bordeaux, et faire prendre une photo pour la poster sur Twitter et cr\u00e9er ainsi un contrefeu. Alors qu\u2019on reprochait les accommodements d\u00e9raisonnables de Jupp\u00e9 avec la la\u00efcit\u00e9, c\u2019e\u00fbt \u00e9t\u00e9 pire que tout. Du reste, Edouard Philippe quitte la r\u00e9union \u00e0 ce moment-l\u00e0, grommelant\u00a0:\u00a0<em>\u00ab\u00a0J\u2019me casse, \u00e7a m\u2019fait chier\u00a0\u00bb.<\/em><\/p>\n<h3><strong>On a march\u00e9 sur Jupp\u00e9<\/strong><\/h3>\n<p>La deuxi\u00e8me sc\u00e8ne se passe le soir du premier tour. Edouard Philippe est dans le studio d\u2019une radio et semble constern\u00e9 par le fait qu\u2019Alain Jupp\u00e9 soit tent\u00e9 de se retirer et de ne pas disputer le second tour. Il y a de quoi \u00eatre saisi par ce sentiment. Finalement, Alain Jupp\u00e9 ne se retirera pas et enverra des boules puantes \u00e0 son adversaire. Ce n\u2019est pas Philippe qui se pose cette question mais votre serviteur\u00a0: n\u2019y avait-il pas une voie entre tout arr\u00eater et d\u00e9stabiliser le futur candidat de la droite\u00a0? Finir la campagne dignement, par exemple\u00a0? De cela, Jupp\u00e9 \u00e9tait incapable.<\/p>\n<p>Comme de mener une campagne pr\u00e9sidentielle tout court, d\u2019ailleurs. Car il est l\u00e0, le v\u00e9ritable enseignement de ce documentaire et de cette campagne primaire d\u2019Alain Jupp\u00e9. Voil\u00e0 un homme qui b\u00e9n\u00e9ficiait d\u2019une autoroute pour \u00eatre d\u00e9sign\u00e9, qui avait la possibilit\u00e9 d\u2019imposer ses th\u00e8mes, puisque la presse \u00e9tait bienveillante avec lui, pour le moins. Et il en a \u00e9t\u00e9 incapable, subissant tout, se montrant \u2013 mais ce n\u2019\u00e9tait pas une nouveaut\u00e9 \u2013 pi\u00e8tre orateur et pi\u00e8tre d\u00e9batteur. Alors qu\u2019Edouard Philippe, d\u00e8s le d\u00e9but du reportage pr\u00e9voit la recomposition du paysage politique qui va na\u00eetre de la campagne pr\u00e9sidentielle, et que ses id\u00e9es \u2013 et donc celles de Jupp\u00e9 \u2013 sont amen\u00e9es \u00e0 \u00eatre au pouvoir dans les six mois, le maire de Bordeaux est infoutu d\u2019en \u00eatre \u00e0 l\u2019origine. Le jupp\u00e9isme devait arriver au pouvoir. Edouard Philippe devait arriver au pouvoir \u2013 profitant de la pr\u00e9sence de Marine Le Pen au second tour de l\u2019\u00e9lection pr\u00e9sidentielle. Mais sans Jupp\u00e9. Le probl\u00e8me n\u2019\u00e9tait pas le jupp\u00e9isme, mais Alain Jupp\u00e9 lui-m\u00eame.<\/p>\n<p>Ce n\u2019est jamais dit dans le documentaire, mais il y a quelque chose qui nous le fait comprendre. Quelque chose qui flotte au-dessus de ces sc\u00e8nes de vie. Edouard Philippe ne veut pas se l\u2019avouer ou ne veut surtout pas le dire \u00e0 \u00ab\u00a0son pote de gauche\u00a0\u00bb, mais il sait. C\u2019est sans doute pour cette raison que, du premier cercle jupp\u00e9iste, il n\u2019ira pas \u00e0 Bordeaux, avec Boyer et Apparu, tenter de convaincre Jupp\u00e9 de se d\u00e9clarer candidat le lendemain du Trocad\u00e9ro. Et que Macron pensera \u00e0 lui pour Matignon.<\/p>\n<\/div>\n<\/div>\n<\/div>\n<\/div>\n<\/div>\n","protected":false},"excerpt":{"rendered":"<p>Le documentaire sur Edouard Philippe qui explique l&rsquo;\u00e9chec du \u00ab\u00a0meilleur d&rsquo;entre nous\u00a0\u00bb Mardi soir, le compte Twitter des R\u00e9publicains se montrait plut\u00f4t chafouin\u00a0: les R\u00e9publicains \u2714@lesRepublicains Une semaine apr\u00e8s le documentaire sur Emmanuel Macron par son copain nomm\u00e9 \u00e0 LCP, le documentaire sur Edouard Philippe par son copain d&rsquo;enfance. Demain, le documentaire sur G\u00e9rald Darmanin [&hellip;]<\/p>\n","protected":false},"author":10,"featured_media":0,"comment_status":"closed","ping_status":"open","sticky":false,"template":"","format":"standard","meta":{"footnotes":""},"categories":[4],"tags":[],"class_list":{"0":"post-3378","1":"post","2":"type-post","3":"status-publish","4":"format-standard","6":"category-oxygene"},"_links":{"self":[{"href":"https:\/\/blog.causeur.fr\/antidote\/wp-json\/wp\/v2\/posts\/3378","targetHints":{"allow":["GET"]}}],"collection":[{"href":"https:\/\/blog.causeur.fr\/antidote\/wp-json\/wp\/v2\/posts"}],"about":[{"href":"https:\/\/blog.causeur.fr\/antidote\/wp-json\/wp\/v2\/types\/post"}],"author":[{"embeddable":true,"href":"https:\/\/blog.causeur.fr\/antidote\/wp-json\/wp\/v2\/users\/10"}],"replies":[{"embeddable":true,"href":"https:\/\/blog.causeur.fr\/antidote\/wp-json\/wp\/v2\/comments?post=3378"}],"version-history":[{"count":0,"href":"https:\/\/blog.causeur.fr\/antidote\/wp-json\/wp\/v2\/posts\/3378\/revisions"}],"wp:attachment":[{"href":"https:\/\/blog.causeur.fr\/antidote\/wp-json\/wp\/v2\/media?parent=3378"}],"wp:term":[{"taxonomy":"category","embeddable":true,"href":"https:\/\/blog.causeur.fr\/antidote\/wp-json\/wp\/v2\/categories?post=3378"},{"taxonomy":"post_tag","embeddable":true,"href":"https:\/\/blog.causeur.fr\/antidote\/wp-json\/wp\/v2\/tags?post=3378"}],"curies":[{"name":"wp","href":"https:\/\/api.w.org\/{rel}","templated":true}]}}