{"id":3390,"date":"2018-08-30T06:13:12","date_gmt":"2018-08-30T04:13:12","guid":{"rendered":"https:\/\/blog.causeur.fr\/antidote\/?p=3390"},"modified":"2021-04-26T16:09:58","modified_gmt":"2021-04-26T14:09:58","slug":"abracadabra-macron-fait-disparaitre-les-danois","status":"publish","type":"post","link":"https:\/\/blog.causeur.fr\/antidote\/abracadabra-macron-fait-disparaitre-les-danois-3390","title":{"rendered":"Abracadabra, Macron fait dispara\u00eetre les Danois!"},"content":{"rendered":"<h3 class=\"td-post-sub-title\">Et en m\u00eame temps les fait r\u00e9appara\u00eetre&#8230;<\/h3>\n<div class=\"td-pb-row\">\n<div class=\"td-pb-span12\">\n<div class=\"td-post-header\">\n<header class=\"td-post-title\">\n<div class=\"td-featured-image-rec\">\n<div class=\"td-post-featured-image\">\n<figure><a class=\"td-modal-image\" href=\"https:\/\/www.causeur.fr\/wp-content\/uploads\/2018\/08\/macron-danemark-danois-gaulois.png\"><img loading=\"lazy\" decoding=\"async\" class=\"entry-thumb\" title=\"macron-danemark-danois-gaulois\" src=\"https:\/\/www.causeur.fr\/wp-content\/uploads\/2018\/08\/macron-danemark-danois-gaulois.png\" alt=\"\" width=\"640\" height=\"386\" \/><\/a><figcaption class=\"wp-caption-text\"><\/figcaption><\/figure>\n<\/div>\n<\/div>\n<\/header>\n<\/div>\n<\/div>\n<\/div>\n<div class=\"td-pb-row\">\n<div class=\"td-pb-span8 td-main-content\">\n<div class=\"td-ss-main-content\">\n<div id=\"content-hidden\">\n<div class=\"td-post-content\">\n<hr \/>\n<h3><strong>La poudre de Perlimpinpin n\u2019a jamais march\u00e9 aussi bien. En l\u2019espace de quelques heures, Emmanuel Macron a affirm\u00e9 tout et en m\u00eame temps son contraire. Au Danemark, le pr\u00e9sident a assur\u00e9 que\u00a0<em>\u00ab\u00a0le vrai Danois n\u2019existait pas\u00a0\u00bb<\/em>\u00a0avant de le faire r\u00e9appara\u00eetre pour mieux critiquer le \u00ab\u00a0Gaulois\u00a0\u00bb.<\/strong><\/h3>\n<hr \/>\n<p>Nicolas Hulot ayant enfin compris qu\u2019il n\u2019\u00e9tait pas, en m\u00eame temps, lib\u00e9ral et \u00e9cologiste, Emmanuel Macron devait avoir \u00e0 c\u0153ur de recycler son fameux slogan. Ainsi, lundi, devant la conf\u00e9rence des ambassadeurs, il expliquait\u00a0:\u00a0<em>\u00ab\u00a0Enfin, parce que, partout dans le monde, les identit\u00e9s profondes des peuples ont resurgi, avec leurs imaginaires historiques. C\u2019est un fait. Ceux qui croyaient \u00e0 l\u2019av\u00e8nement d\u2019un peuple mondialis\u00e9, prot\u00e9g\u00e9 des morsures de l\u2019histoire, se sont profond\u00e9ment tromp\u00e9s. Partout dans le monde, la psych\u00e9 profonde est revenue \u00e0 chacun de nos peuples, et c\u2019est vrai, de l\u2019Inde \u00e0 la Hongrie, en passant par la Gr\u00e8ce, jusqu\u2019aux Etats-Unis. Regardez-y de plus pr\u00e8s, elle est parfois d\u00e9tourn\u00e9e, parfois exacerb\u00e9e, mais c\u2019est un fait qui dit quelque chose du retour des peuples. C\u2019est une bonne chose sans doute, en tout cas, je le crois.\u00a0\u00bb<\/em>\u00a0Le lendemain au Danemark, devant des \u00e9tudiants, il tenait\u00a0<a href=\"http:\/\/www.lepoint.fr\/politique\/macron-les-francais-gaulois-refractaires-au-changement-29-08-2018-2246845_20.php\" target=\"_blank\" rel=\"noopener\">un tout autre discours<\/a>\u00a0:\u00a0<em>\u00ab\u00a0Le vrai Danois n\u2019existe pas, il est d\u00e9j\u00e0 europ\u00e9en. M\u00eame votre langue n\u2019est pas seulement le danois, elle est part de la langue europ\u00e9enne\u00a0\u00bb<\/em>, avant d\u2019ajouter\u00a0:\u00a0<em>\u00ab\u00a0C\u2019est pareil pour les Fran\u00e7ais\u00a0\u00bb<\/em>.<\/p>\n<h3><strong>\u00ab\u00a0En m\u00eame temps\u00a0\u00bb, saison 2<\/strong><\/h3>\n<p>Ainsi donc, le pr\u00e9sident de la R\u00e9publique peut \u2013 pas tout \u00e0 fait en m\u00eame temps mais en moins de 36h \u2013 affirmer que l\u2019identit\u00e9 profonde existe puis qu\u2019elle n\u2019existe pas. Comme dirait la patronne Elisabeth, c\u2019est une cuiller pour\u00a0<em>Causeur<\/em>, et une cuiller pour\u00a0<em>Lib\u00e9<\/em>. Depuis que sa candidature pointait \u00e0 la fin de l\u2019\u00e9t\u00e9 2016, lorsqu\u2019il quittait le gouvernement, nous avons \u00e9t\u00e9 satur\u00e9s du\u00a0<em>\u00ab\u00a0en m\u00eame temps\u00a0\u00bb<\/em>\u00a0macronien. Et, alors qu\u2019il a pu faire merveille au point de le porter au pouvoir puis de lui permettre un bon d\u00e9part, ce slogan est en train de devenir une v\u00e9ritable faiblesse, risquant de m\u00e9contenter \u00e0 la fois ceux qui croient en l\u2019identit\u00e9 et la souverainet\u00e9 nationales et ceux qui les croient d\u00e9pass\u00e9es. Et cela vaut sur d\u2019autres sujets.<\/p>\n<div><\/div>\n<h3><strong>Ast\u00e9rix le Gaulois et les peuples contingents<\/strong><\/h3>\n<p>Mais revenons au Royaume du Danemark puisque le pr\u00e9sident de la R\u00e9publique n\u2019a pas parl\u00e9 que devant les \u00e9tudiants. Il s\u2019est aussi \u00e9rig\u00e9 en rempart contre le nouveau duo form\u00e9 par Viktor Orban et Matteo Salvini, opposant les\u00a0<em>\u00ab\u00a0progressistes\u00a0\u00bb<\/em>\u00a0dont il lui sied d\u2019\u00eatre d\u00e9sign\u00e9 comme le chef de file par le couple italo-hongrois, aux\u00a0<em>\u00ab\u00a0nationalistes\u00a0\u00bb<\/em>. Et il a aussi c\u00e9d\u00e9 une nouvelle fois \u00e0 la tentation de fustiger ses compatriotes depuis une terre \u00e9trang\u00e8re, comparant les Danois, ce\u00a0<em>\u00ab\u00a0peuple luth\u00e9rien\u00a0\u00bb<\/em>\u00a0tellement ouvert aux r\u00e9formes qu\u2019il aimerait imposer aux\u00a0<em>\u00ab\u00a0Gaulois r\u00e9fractaires au changement\u00a0\u00bb<\/em>.<\/p>\n<p>Il essentialisait ainsi deux peuples dont le sien, l\u2019un forc\u00e9ment ouvert \u00e0 la transformation car luth\u00e9rien, et l\u2019autre conservateur, forc\u00e9ment conservateur, car h\u00e9ritier de Vercing\u00e9torix. Comment saisir cette phrase au bout de trois jours de d\u00e9clarations contradictoires\u00a0? Faut-il comprendre que le Danois sera toujours Danois car luth\u00e9rien, et que le Fran\u00e7ais sera toujours Fran\u00e7ais, parce qu\u2019il a trop lu Goscinny\u00a0? Il faut reconna\u00eetre que son explication devant les ambassadeurs avait davantage de gueule. Faut-il comprendre au contraire que, compte tenu qu\u2019il n\u2019y a pas de vrais Danois \u2013 m\u00eame si plut\u00f4t luth\u00e9rien \u2013 et pas de vrais Fran\u00e7ais \u2013 m\u00eame si tous enfants d\u2019Ast\u00e9rix -, autant imiter les r\u00e9formes progressistes des premiers qui ont l\u2019avantage d\u2019aller dans le sens de l\u2019Union europ\u00e9enne, mise en danger par les\u00a0<em>\u00ab\u00a0nationalistes\u00a0\u00bb<\/em>\u00a0? Ou, plus s\u00fbrement, n\u2019y a-t-il rien \u00e0 comprendre, Emmanuel Macron proc\u00e9dant \u00e0 un de ses fameux enfumages politiques dont il a le secret depuis qu\u2019il est entr\u00e9 en politique\u00a0?<\/p>\n<h3><strong>\u00catre ou ne pas \u00eatre\u2026<\/strong><\/h3>\n<p>Toujours est-il que le Royaume du Danemark n\u2019\u00e9tait pas forc\u00e9ment le meilleur lieu pour illustrer le projet\u00a0<em>\u00ab\u00a0progressiste\u00a0\u00bb<\/em>\u00a0contre les m\u00e9chants\u00a0<em>\u00ab\u00a0nationalistes\u00a0\u00bb.<\/em>\u00a0Car c\u2019est bien ce pays qui,\u00a0<a href=\"http:\/\/www.slate.fr\/story\/119847\/danemark-1992-referendum-victoire\" target=\"_blank\" rel=\"noopener\">en 1992<\/a>, fut en quelque sorte le\u00a0<em>\u00ab\u00a0village gaulois\u00a0\u00bb<\/em>\u00a0en r\u00e9bellion, d\u00e9cidant souverainement par r\u00e9f\u00e9rendum la non-adoption du trait\u00e9 de Maastricht et donc le maintien de la Couronne comme monnaie nationale. C\u2019est bien ce peuple qui, avant m\u00eame l\u2019Italie ou la Hongrie, envoya un groupe puissant au Parlement de ce qu\u2019Emmanuel Macron nomme\u00a0<em>\u00ab\u00a0nationalistes\u00a0\u00bb<\/em>\u00a0ou\u00a0<em>\u00ab\u00a0populistes\u00a0\u00bb.<\/em>\u00a0C\u2019est bien ce pays qui a mis en \u0153uvre une politique d\u2019assimilation et de baisse de l\u2019immigration qui feraient hurler les d\u00e9put\u00e9s LREM si c\u2019\u00e9tait Laurent Wauquiez qui les proposait.<\/p>\n<p>Qui sait si, du c\u00f4t\u00e9 de Milan, Salvini et Orban n\u2019ont pas \u00e9t\u00e9 surpris qu\u2019Emmanuel Macron leur r\u00e9ponde aussi vertement depuis Copenhague, alors que, d\u00e9cid\u00e9ment, il y a sans doute plus\u00a0<em>\u00ab\u00a0populiste\u00a0\u00bb<\/em>\u00a0qu\u2019eux au Royaume du Danemark.<\/p>\n<\/div>\n<\/div>\n<\/div>\n<\/div>\n<\/div>\n","protected":false},"excerpt":{"rendered":"<p>Et en m\u00eame temps les fait r\u00e9appara\u00eetre&#8230; La poudre de Perlimpinpin n\u2019a jamais march\u00e9 aussi bien. En l\u2019espace de quelques heures, Emmanuel Macron a affirm\u00e9 tout et en m\u00eame temps son contraire. Au Danemark, le pr\u00e9sident a assur\u00e9 que\u00a0\u00ab\u00a0le vrai Danois n\u2019existait pas\u00a0\u00bb\u00a0avant de le faire r\u00e9appara\u00eetre pour mieux critiquer le \u00ab\u00a0Gaulois\u00a0\u00bb. Nicolas Hulot ayant [&hellip;]<\/p>\n","protected":false},"author":10,"featured_media":0,"comment_status":"closed","ping_status":"open","sticky":false,"template":"","format":"standard","meta":{"footnotes":""},"categories":[5],"tags":[],"class_list":{"0":"post-3390","1":"post","2":"type-post","3":"status-publish","4":"format-standard","6":"category-sulfate"},"_links":{"self":[{"href":"https:\/\/blog.causeur.fr\/antidote\/wp-json\/wp\/v2\/posts\/3390","targetHints":{"allow":["GET"]}}],"collection":[{"href":"https:\/\/blog.causeur.fr\/antidote\/wp-json\/wp\/v2\/posts"}],"about":[{"href":"https:\/\/blog.causeur.fr\/antidote\/wp-json\/wp\/v2\/types\/post"}],"author":[{"embeddable":true,"href":"https:\/\/blog.causeur.fr\/antidote\/wp-json\/wp\/v2\/users\/10"}],"replies":[{"embeddable":true,"href":"https:\/\/blog.causeur.fr\/antidote\/wp-json\/wp\/v2\/comments?post=3390"}],"version-history":[{"count":0,"href":"https:\/\/blog.causeur.fr\/antidote\/wp-json\/wp\/v2\/posts\/3390\/revisions"}],"wp:attachment":[{"href":"https:\/\/blog.causeur.fr\/antidote\/wp-json\/wp\/v2\/media?parent=3390"}],"wp:term":[{"taxonomy":"category","embeddable":true,"href":"https:\/\/blog.causeur.fr\/antidote\/wp-json\/wp\/v2\/categories?post=3390"},{"taxonomy":"post_tag","embeddable":true,"href":"https:\/\/blog.causeur.fr\/antidote\/wp-json\/wp\/v2\/tags?post=3390"}],"curies":[{"name":"wp","href":"https:\/\/api.w.org\/{rel}","templated":true}]}}