{"id":3398,"date":"2018-10-16T20:44:23","date_gmt":"2018-10-16T18:44:23","guid":{"rendered":"https:\/\/blog.causeur.fr\/antidote\/?p=3398"},"modified":"2021-04-26T16:09:57","modified_gmt":"2021-04-26T14:09:57","slug":"marine-le-pen-est-a-lorigine-de-lenquete-sur-jean-luc-melenchon","status":"publish","type":"post","link":"https:\/\/blog.causeur.fr\/antidote\/marine-le-pen-est-a-lorigine-de-lenquete-sur-jean-luc-melenchon-3398","title":{"rendered":"Marine Le Pen est \u00e0 l\u2019origine de l\u2019enqu\u00eate sur Jean-Luc M\u00e9lenchon"},"content":{"rendered":"<h3 class=\"td-post-sub-title\">Causeur s&rsquo;est procur\u00e9 des documents en t\u00e9moignant<\/h3>\n<div class=\"td-pb-row\">\n<div class=\"td-pb-span12\">\n<div class=\"td-post-header\">\n<header class=\"td-post-title\">\n<div class=\"td-featured-image-rec\">\n<div class=\"td-post-featured-image\">\n<figure><a class=\"td-modal-image\" href=\"https:\/\/www.causeur.fr\/wp-content\/uploads\/2018\/10\/marine-lepen-melenchon-enquete-1.jpg\"><img loading=\"lazy\" decoding=\"async\" class=\"entry-thumb\" title=\"marine-lepen-melenchon-enquete\" src=\"https:\/\/www.causeur.fr\/wp-content\/uploads\/2018\/10\/marine-lepen-melenchon-enquete-1-1200x727.jpg\" alt=\"\" width=\"640\" height=\"388\" \/><\/a><figcaption class=\"wp-caption-text\"><\/figcaption><\/figure>\n<\/div>\n<\/div>\n<\/header>\n<\/div>\n<\/div>\n<\/div>\n<div class=\"td-pb-row\">\n<div class=\"td-pb-span8 td-main-content\">\n<div class=\"td-ss-main-content\">\n<div class=\"clearfix\">\u00a0<ins class=\"adsbygoogle\"><ins id=\"aswift_0_expand\"><ins id=\"aswift_0_anchor\"><\/ins><\/ins><\/ins>Ne le cachons pas, nous avons \u00e9t\u00e9 tr\u00e8s \u00e9tonn\u00e9s du\u00a0<a href=\"http:\/\/www.lefigaro.fr\/politique\/le-scan\/2018\/10\/16\/25001-20181016ARTFIG00106-perquisition-au-domicile-de-jean-luc-melenchon.php\" target=\"_blank\" rel=\"noopener\">soutien<\/a>\u00a0de Marine Le Pen \u00e0 Jean-Luc M\u00e9lenchon ce matin.<\/div>\n<div id=\"content-hidden\">\n<div class=\"td-post-content\">\n<p>Parce que nous sommes d\u00e9positaires d\u2019une information selon laquelle elle ne voyait pas d\u2019inconv\u00e9nient \u00e0 ce que le patron de la France insoumise se retrouve devant la justice. En effet, le 28 juin \u00e0 16h01, la parlementaire europ\u00e9enne, Sophie Montel, \u00e0 peine d\u00e9barqu\u00e9e de son poste de pr\u00e9sidente de groupe au Conseil r\u00e9gional de Bourgogne-Franche-Comt\u00e9, signalait \u00e0 celle qui \u00e9tait encore sa cheffe de parti que le signalement de Jean-Luc M\u00e9lenchon avait \u00e9t\u00e9 transmis \u00e0 son avocat et qu\u2019elle n\u2019attendait plus que le feu vert de Marine Le Pen pour que ledit homme de justice ne transmette les \u00e9l\u00e9ments \u00e0 la justice. R\u00e9ponse de Marine Le Pen \u00e0 16h03: un tr\u00e8s sobre\u00a0<em>\u00ab oui \u00bb<\/em>.<\/p>\n<h3><strong>Marine Le Pen confirme<\/strong><\/h3>\n<p>Que la pr\u00e9sidente du\u00a0Rassemblement national (RN) se plaigne d\u2019un acharnement judiciaire, cela se comprend, mais qu\u2019elle verse des larmes de crocodile sur le cas de Jean-Luc M\u00e9lenchon, et fasse part de sa grande solidarit\u00e9 alors qu\u2019elle est clairement \u00e0 l\u2019origine de ses tourments du jour, voil\u00e0 qui m\u00e9ritait d\u2019\u00eatre \u00ab signal\u00e9 \u00bb aussi.<\/p>\n<p>Contact\u00e9e, Marine Le Pen confirme avoir donn\u00e9 ce feu vert \u00e0 Sophie Montel, pr\u00e9cisant qu\u2019elle partageait sa d\u00e9marche, laquelle d\u00e9montrait que le FN n\u2019avais commis aucune infraction, la meilleure preuve \u00e9tant que le MoDem et la France insoumise avaient des assistants parlementaires qui avaient des responsabilit\u00e9s politiques.<\/p>\n<\/div>\n<\/div>\n<\/div>\n<\/div>\n<\/div>\n","protected":false},"excerpt":{"rendered":"<p>Causeur s&rsquo;est procur\u00e9 des documents en t\u00e9moignant \u00a0Ne le cachons pas, nous avons \u00e9t\u00e9 tr\u00e8s \u00e9tonn\u00e9s du\u00a0soutien\u00a0de Marine Le Pen \u00e0 Jean-Luc M\u00e9lenchon ce matin. Parce que nous sommes d\u00e9positaires d\u2019une information selon laquelle elle ne voyait pas d\u2019inconv\u00e9nient \u00e0 ce que le patron de la France insoumise se retrouve devant la justice. En effet, [&hellip;]<\/p>\n","protected":false},"author":10,"featured_media":0,"comment_status":"closed","ping_status":"open","sticky":false,"template":"","format":"standard","meta":{"footnotes":""},"categories":[5],"tags":[],"class_list":{"0":"post-3398","1":"post","2":"type-post","3":"status-publish","4":"format-standard","6":"category-sulfate"},"_links":{"self":[{"href":"https:\/\/blog.causeur.fr\/antidote\/wp-json\/wp\/v2\/posts\/3398","targetHints":{"allow":["GET"]}}],"collection":[{"href":"https:\/\/blog.causeur.fr\/antidote\/wp-json\/wp\/v2\/posts"}],"about":[{"href":"https:\/\/blog.causeur.fr\/antidote\/wp-json\/wp\/v2\/types\/post"}],"author":[{"embeddable":true,"href":"https:\/\/blog.causeur.fr\/antidote\/wp-json\/wp\/v2\/users\/10"}],"replies":[{"embeddable":true,"href":"https:\/\/blog.causeur.fr\/antidote\/wp-json\/wp\/v2\/comments?post=3398"}],"version-history":[{"count":0,"href":"https:\/\/blog.causeur.fr\/antidote\/wp-json\/wp\/v2\/posts\/3398\/revisions"}],"wp:attachment":[{"href":"https:\/\/blog.causeur.fr\/antidote\/wp-json\/wp\/v2\/media?parent=3398"}],"wp:term":[{"taxonomy":"category","embeddable":true,"href":"https:\/\/blog.causeur.fr\/antidote\/wp-json\/wp\/v2\/categories?post=3398"},{"taxonomy":"post_tag","embeddable":true,"href":"https:\/\/blog.causeur.fr\/antidote\/wp-json\/wp\/v2\/tags?post=3398"}],"curies":[{"name":"wp","href":"https:\/\/api.w.org\/{rel}","templated":true}]}}