{"id":3421,"date":"2019-04-27T18:43:33","date_gmt":"2019-04-27T16:43:33","guid":{"rendered":"https:\/\/blog.causeur.fr\/antidote\/?p=3421"},"modified":"2021-04-26T16:09:57","modified_gmt":"2021-04-26T14:09:57","slug":"lart-detre-francais-cest-detre-macron","status":"publish","type":"post","link":"https:\/\/blog.causeur.fr\/antidote\/lart-detre-francais-cest-detre-macron-3421","title":{"rendered":"\u00ab L\u2019art d\u2019\u00eatre Fran\u00e7ais \u00bb, c\u2019est d\u2019\u00eatre Macron"},"content":{"rendered":"<h3 class=\"td-post-sub-title\">Emmanuel Macron a fait du Emmanuel Macron et invit\u00e9 tous les Fran\u00e7ais \u00e0 faire de m\u00eame<\/h3>\n<div class=\"td-main-content-wrap\">\n<div class=\"td-container td-post-template-13\">\n<article id=\"post-160958\" class=\"post-160958 post type-post status-publish format-standard has-post-thumbnail hentry category-politique tag-alexandre-benalla tag-emmanuel-macron tag-ena tag-gilets-jaunes tag-grand-debat-national tag-islam tag-laicite tag-nathalie-loiseau\">\n<div class=\"td-pb-row\">\n<div class=\"td-pb-span12\">\n<div class=\"td-post-header\">\n<header class=\"td-post-title\">\n<div class=\"td-featured-image-rec\">\n<div class=\"td-post-featured-image\">\n<figure><a class=\"td-modal-image\" href=\"https:\/\/www.causeur.fr\/wp-content\/uploads\/2019\/04\/macron-presse-conference-art-francais-ena.jpg\"><img loading=\"lazy\" decoding=\"async\" class=\"entry-thumb\" title=\"macron-presse-conference-art-francais-ena\" src=\"https:\/\/www.causeur.fr\/wp-content\/uploads\/2019\/04\/macron-presse-conference-art-francais-ena-1200x725.jpg\" alt=\"\" width=\"640\" height=\"387\" \/><\/a><\/figure>\n<\/div>\n<\/div>\n<\/header>\n<\/div>\n<\/div>\n<\/div>\n<div class=\"td-pb-row\">\n<div class=\"td-pb-span8 td-main-content\">\n<div class=\"td-ss-main-content\">\n<div id=\"ak_tag_55225\"><\/div>\n<div id=\"content-hidden\">\n<div class=\"td-post-content\">\n<hr \/>\n<h3><strong>Lors de sa conf\u00e9rence de presse post-grand d\u00e9bat national \u00e0 l\u2019Elys\u00e9e, Emmanuel Macron a fait du Emmanuel Macron et invit\u00e9, \u00e0 demi-mot, tous les Fran\u00e7ais \u00e0 faire de m\u00eame.<\/strong><\/h3>\n<hr \/>\n<p><em>\u00ab\u00a0Un jour, j\u2019aimerais porter l\u2019uniforme. Avec les \u00e9toiles. Pensez-y.\u00a0\u00bb<\/em><\/p>\n<p>Ainsi parlait Michel Serrault alias Gilbert Brossard dans la sc\u00e8ne finale de <em>La gueule de l\u2019autre<\/em>, ce film-culte des ann\u00e9es 70, ador\u00e9 par tous les passionn\u00e9s de politique. C\u2019est la phrase \u00e0 laquelle nous avons imm\u00e9diatement pens\u00e9 lorsque nous avons constat\u00e9 qu\u2019Emmanuel Macron avait souhait\u00e9 renouer avec la tradition des conf\u00e9rences de presses \u00ab\u00a0assises\u00a0\u00bb, comme au bon temps du G\u00e9n\u00e9ral, m\u00eame si, il faut \u00eatre honn\u00eate, Georges Pompidou avait poursuivi l\u2019exercice et que Fran\u00e7ois Mitterrand l\u2019avait aussi exp\u00e9riment\u00e9 une fois.<\/p>\n<h3><strong>Macron, l\u2019art d\u2019\u00eatre politique<\/strong><\/h3>\n<p>Au terme des deux heures trente de conf\u00e9rence de presse, nous ne pouvions que constater que ledit uniforme pourrait bien \u00eatre trop grand pour l\u2019actuel h\u00f4te de l\u2019Elys\u00e9e. Ce souci louable de rappeler qu\u2019il avait \u00e9t\u00e9 \u00e9lu sur le contrat avec les Fran\u00e7ais de renouer avec un exercice gaullo-mitterrandien de la pr\u00e9sidence s\u2019est fracass\u00e9 sur le r\u00e9el. Et la derni\u00e8re question pos\u00e9e qui \u00e9voquait l\u2019affaire Benalla, n\u2019a rien arrang\u00e9 \u00e0 l\u2019affaire. Emmanuel Macron n\u2019a parl\u00e9 que des erreurs de son ex-collaborateur. Ce qui \u00e9tait en cause, ce qui lui est reproch\u00e9, c\u2019est ce <em>\u00ab\u00a0qu\u2019ils viennent me chercher\u00a0\u00bb<\/em> de la Maison de l\u2019Am\u00e9rique latine devant son clan. Depuis, nous l\u2019avons maintes fois r\u00e9p\u00e9t\u00e9 ici, il n\u2019est plus que le pr\u00e9sident-manager de l\u2019entreprise-France, le symbole de tout ce qu\u2019une tr\u00e8s grande majorit\u00e9 des Fran\u00e7ais rejette, avec son cort\u00e8ge d\u2019adaptations \u00e0 la mondialisation. Benalla demeurera pour toujours sa \u00ab\u00a0L\u00e9onarda\u00a0\u00bb, le tournant du quinquennat, le moment o\u00f9 il a perdu la main et la ma\u00eetrise des horloges.<\/p>\n<p>Il faut n\u00e9anmoins retenir qu\u2019Emmanuel Macron en semble bien conscient puisqu\u2019il tente d\u2019envoyer des signes. A ce titre, cette nouvelle formule, qu\u2019il a r\u00e9p\u00e9t\u00e9e plusieurs fois sur <em>\u00ab\u00a0l\u2019art d\u2019\u00eatre Fran\u00e7ais\u00a0\u00bb<\/em>, m\u00ealant harmonieusement l\u2019enracinement et la qu\u00eate de l\u2019universel, avait quelque chose de s\u00e9duisant.<\/p>\n<p>Mais comment ne pas y voir seulement une tactique \u00e0 court-terme pour les \u00e9lections europ\u00e9ennes, alors que sa catastrophique t\u00eate de liste Nathalie Loiseau semble marquer le pas et que le candidat de la droite classique Fran\u00e7ois-Xavier Bellamy poursuit sa dynamique. Eviter un effet de vases communicants vers la liste LR n\u2019est-il pas le principal souci qui agite les t\u00eates pensantes de la Macronie\u00a0? Ne nous montrons-nous pas trop soup\u00e7onneux et ne nous laissons-nous pas gagner par le proc\u00e8s d\u2019intention\u00a0?<\/p>\n<h3><strong>Le retour du prestidigitateur<\/strong><\/h3>\n<p>Pour y r\u00e9pondre, examinons le propos du pr\u00e9sident de la R\u00e9publique, hier soir, en commen\u00e7ant par ce qui va dans le sens de notre soup\u00e7on.<\/p>\n<p>La r\u00e9forme de l\u2019ENA caresse certes le sentiment anti-\u00e9lites qui mouvait les gilets jaunes originels, mais elle s\u2019av\u00e8re en fait une proposition d\u00e9magogique et cache surtout une attaque en r\u00e8gle contre le concours r\u00e9publicain de la fonction publique. Hier soir, Emmanuel Macron a mis en cause l\u2019emploi \u00e0 vie des haut-fonctionnaires ayant r\u00e9ussi un concours. Il r\u00e9fl\u00e9chit \u00e0 d\u2019autres modes de recrutement. \u00ab\u00a0Spoil system\u00a0\u00bb \u00e0 l\u2019am\u00e9ricaine et discrimination positive, mus\u00e9e des horreurs pour n\u2019importe quel r\u00e9publicain enracin\u00e9 et universel, le pr\u00e9sident-manager semble bien avoir fait son choix et il n\u2019est pas r\u00e9jouissant.<\/p>\n<p>Autre mesure d\u00e9magogique, <a href=\"https:\/\/www.causeur.fr\/edouard-philippe-parlementaires-reforme-institutions-150353\" target=\"_blank\" rel=\"noopener\">la r\u00e9duction du nombre de parlementaires<\/a> permet au pr\u00e9sident de la R\u00e9publique de faire croire aux gilets jaunes qu\u2019ils ont remport\u00e9 une victoire, alors que la France p\u00e9riph\u00e9rique et rurale en sera la premi\u00e8re victime. Combin\u00e9e \u00e0 l\u2019instillation d\u2019une dose de proportionnelle, le poids des m\u00e9tropoles et des \u00e9tats-majors parisiens en sera accru. La France profonde, celle que le pr\u00e9sident disait vouloir rassurer apr\u00e8s son \u00ab\u00a0Grand d\u00e9bat\u00a0\u00bb, payera les pots cass\u00e9s.<\/p>\n<p>Et puis il y a les justifications pr\u00e9sidentielles, \u00e0 propos des malheureuses formules qu\u2019il a employ\u00e9es, sur l\u2019arrogance qui lui est reproch\u00e9e. L\u00e0 aussi, non seulement, il renvoie la responsabilit\u00e9 sur les journalistes et les r\u00e9seaux sociaux qui ont d\u00e9form\u00e9 et d\u00e9contextualis\u00e9 sa prose, mais lorsqu\u2019il exprime un mea culpa, c\u2019est pour s\u2019emm\u00ealer longuement dans des cordes d\u2019alpinisme et nous faire comprendre in fine et bien malgr\u00e9 lui que nous ne sommes pas assez finauds pour ne pas \u00eatre accessibles \u00e0 sa p\u00e9dagogie.<\/p>\n<h3><strong>Promesses t\u00e9nues<\/strong><\/h3>\n<p>Dans la colonne de ce qui nous conduit \u00e0 att\u00e9nuer notre soup\u00e7on, on notera tout d\u2019abord sa charge inattendue contre l\u2019islamisme politique et les tentations s\u00e9cessionnistes \u00e0 l\u2019\u0153uvre dans de nombreux quartiers. Alors qu\u2019Aur\u00e9lien Tach\u00e9 avait sem\u00e9 le trouble sur ces sujets dans la majorit\u00e9 et que Marl\u00e8ne Schiappa s\u2019y \u00e9tait fermement oppos\u00e9e, on attendait l\u2019arbitrage pr\u00e9sidentiel. Emmanuel Macron semble avoir pris le parti de la seconde, m\u00eame si, l\u00e0 encore, les \u00e9lections europ\u00e9ennes n\u2019y sont sans doute pas \u00e9trang\u00e8res. Il faudra observer sur le long-terme pour juger si la volont\u00e9 <em>\u00ab\u00a0intraitable\u00a0\u00bb<\/em> qu\u2019il a exprim\u00e9e sera bien suivie d\u2019effets. M\u00eame chose pour son timide \u00e9loge de la fronti\u00e8re.<\/p>\n<p>La question pos\u00e9e par la correspondante d\u2019un quotidien allemand a \u00e9t\u00e9 tr\u00e8s int\u00e9ressante. Emmanuel Macron semble avoir pris acte que le couple franco-allemand ne traverse pas une p\u00e9riode idyllique en assumant ouvertement sa propre responsabilit\u00e9 \u00e0 cet \u00e9gard. Il a sans doute peu appr\u00e9ci\u00e9 les r\u00e9ponses venues d\u2019Outre-Rhin \u00e0 ses propositions europ\u00e9ennes. Reste \u00e0 en tirer toutes les cons\u00e9quences. L\u00e0 aussi, il faudra observer en d\u2019autres rendez-vous s\u2019il est d\u00e9cid\u00e9 \u00e0 jouer, comme les Allemands, la carte des int\u00e9r\u00eats nationaux stricto sensu, se d\u00e9barrassant de cette chim\u00e8re appel\u00e9e <em>\u00ab\u00a0souverainet\u00e9 europ\u00e9enne\u00a0\u00bb.<\/em><\/p>\n<p>Il est finalement assez douteux que cet exercice ait permis \u00e0 Emmanuel Macron de changer la perception qu\u2019une grande majorit\u00e9 des Fran\u00e7ais \u00e0 son \u00e9gard. Les \u00e9tudes d\u2019opinion publi\u00e9es d\u00e8s hier soir par <em>Le Figaro<\/em> confirmaient ce doute, puisque les sond\u00e9s r\u00e9pondaient \u00e0 la fois qu\u2019ils n\u2019avaient pas \u00e9t\u00e9 convaincus par sa prestation tout en approuvant une majorit\u00e9 des mesures qu\u2019il proposait. C\u2019est bien lui, son style de pr\u00e9sidence et ses deux premi\u00e8res ann\u00e9es qui motivent ce jugement de l\u2019opinion. Le scrutin du 26 mai donnera des informations encore plus fiables sur le rapport des Fran\u00e7ais au chef de l\u2019Etat. Il n\u2019est pas certain qu\u2019\u00e0 l\u2019instar de Gilbert Brossard, il puisse enfiler le fameux uniforme.<\/p>\n<\/div>\n<\/div>\n<\/div>\n<\/div>\n<\/div>\n<\/article>\n<\/div>\n<\/div>\n","protected":false},"excerpt":{"rendered":"<p>Emmanuel Macron a fait du Emmanuel Macron et invit\u00e9 tous les Fran\u00e7ais \u00e0 faire de m\u00eame Lors de sa conf\u00e9rence de presse post-grand d\u00e9bat national \u00e0 l\u2019Elys\u00e9e, Emmanuel Macron a fait du Emmanuel Macron et invit\u00e9, \u00e0 demi-mot, tous les Fran\u00e7ais \u00e0 faire de m\u00eame. \u00ab\u00a0Un jour, j\u2019aimerais porter l\u2019uniforme. Avec les \u00e9toiles. Pensez-y.\u00a0\u00bb Ainsi [&hellip;]<\/p>\n","protected":false},"author":10,"featured_media":0,"comment_status":"closed","ping_status":"open","sticky":false,"template":"","format":"standard","meta":{"footnotes":""},"categories":[5],"tags":[],"class_list":{"0":"post-3421","1":"post","2":"type-post","3":"status-publish","4":"format-standard","6":"category-sulfate"},"_links":{"self":[{"href":"https:\/\/blog.causeur.fr\/antidote\/wp-json\/wp\/v2\/posts\/3421","targetHints":{"allow":["GET"]}}],"collection":[{"href":"https:\/\/blog.causeur.fr\/antidote\/wp-json\/wp\/v2\/posts"}],"about":[{"href":"https:\/\/blog.causeur.fr\/antidote\/wp-json\/wp\/v2\/types\/post"}],"author":[{"embeddable":true,"href":"https:\/\/blog.causeur.fr\/antidote\/wp-json\/wp\/v2\/users\/10"}],"replies":[{"embeddable":true,"href":"https:\/\/blog.causeur.fr\/antidote\/wp-json\/wp\/v2\/comments?post=3421"}],"version-history":[{"count":0,"href":"https:\/\/blog.causeur.fr\/antidote\/wp-json\/wp\/v2\/posts\/3421\/revisions"}],"wp:attachment":[{"href":"https:\/\/blog.causeur.fr\/antidote\/wp-json\/wp\/v2\/media?parent=3421"}],"wp:term":[{"taxonomy":"category","embeddable":true,"href":"https:\/\/blog.causeur.fr\/antidote\/wp-json\/wp\/v2\/categories?post=3421"},{"taxonomy":"post_tag","embeddable":true,"href":"https:\/\/blog.causeur.fr\/antidote\/wp-json\/wp\/v2\/tags?post=3421"}],"curies":[{"name":"wp","href":"https:\/\/api.w.org\/{rel}","templated":true}]}}