{"id":3427,"date":"2019-06-14T20:30:45","date_gmt":"2019-06-14T18:30:45","guid":{"rendered":"https:\/\/blog.causeur.fr\/antidote\/?p=3427"},"modified":"2021-04-26T16:09:57","modified_gmt":"2021-04-26T14:09:57","slug":"lr-pas-un-jour-sans-une-nouvelle-ligne","status":"publish","type":"post","link":"https:\/\/blog.causeur.fr\/antidote\/lr-pas-un-jour-sans-une-nouvelle-ligne-3427","title":{"rendered":"LR: pas un jour sans une (nouvelle) ligne"},"content":{"rendered":"<div class=\"td-pb-row\">\n<div class=\"td-pb-span12\">\n<div class=\"td-post-header\">\n<header class=\"td-post-title\">\n<div class=\"td-module-meta-sharing\">\n<h3 class=\"td-post-sub-title\">La nuit des seconds couteaux a commenc\u00e9 depuis des ann\u00e9es<\/h3>\n<\/div>\n<div class=\"td-featured-image-rec\">\n<div class=\"td-post-featured-image\">\n<figure><a class=\"td-modal-image\" href=\"https:\/\/www.causeur.fr\/wp-content\/uploads\/2019\/06\/les-republicains-foutoir-christian-jacob-laurent-wauquiez.jpg\"><img loading=\"lazy\" decoding=\"async\" class=\"entry-thumb\" title=\"les-republicains-foutoir-christian-jacob-laurent-wauquiez\" src=\"https:\/\/www.causeur.fr\/wp-content\/uploads\/2019\/06\/les-republicains-foutoir-christian-jacob-laurent-wauquiez-1200x728.jpg\" alt=\"\" width=\"640\" height=\"388\" \/><\/a><figcaption class=\"wp-caption-text\"><\/figcaption><\/figure>\n<\/div>\n<\/div>\n<\/header>\n<\/div>\n<\/div>\n<\/div>\n<div class=\"td-pb-row\">\n<div class=\"td-pb-span8 td-main-content\">\n<div class=\"td-ss-main-content\">\n<div id=\"content-hidden\">\n<div class=\"td-post-content\">\n<hr \/>\n<h3><strong>Laurent Wauquiez parti, Les R\u00e9publicains (LR) ne semblent pas se r\u00e9soudre \u00e0 d\u00e9battre en interne de la ligne politique. Ni \u00e0 planifier d\u2019urgence quelque congr\u00e8s! Le transparent Christian Jacob, pr\u00e9sident du groupe parlementaire,\u00a0fait figure de candidat cr\u00e9dible \u00e0 la succession de Wauquiez. Pas fulgurant\u2026 Analyse.<\/strong><\/h3>\n<hr \/>\n<p>Comme pr\u00e9vu, Laurent Wauquiez n\u2019a pu \u00e9viter de quitter la t\u00eate de son parti. Il lui \u00e9tait impossible de s\u2019exon\u00e9rer de la responsabilit\u00e9 du crash industriel subi par la liste LR aux europ\u00e9ennes. Il n\u2019\u00e9tait pas opportun de faire cornaquer Fran\u00e7ois-Xavier Bellamy par le directeur de campagne Geoffroy Didier; il n\u2019\u00e9tait pas plus heureux de s\u2019imposer dans les meetings et sur le mat\u00e9riel \u00e9lectoral apr\u00e8s avoir eu l\u2019excellente id\u00e9e de d\u00e9signer le philosophe, comme s\u2019il venait au secours de bons sondages\u00a0; il n\u2019\u00e9tait pas plus utile de prendre la place de Bellamy au dernier d\u00e9bat t\u00e9l\u00e9vis\u00e9 sur France 2. Laurent Wauquiez \u00e9tait conscient du soup\u00e7on d\u2019insinc\u00e9rit\u00e9 qui pesait sur lui, en particulier depuis <a href=\"https:\/\/www.tf1.fr\/tmc\/quotidien-avec-yann-barthes\/videos\/info-quotidien-cours-garanti-bullshit-de-laurent-wauquiez-a-l-em-lyon.html\" target=\"_blank\" rel=\"noopener\">l\u2019\u00e9pisode de l\u2019\u00e9cole de commerce lyonnaise<\/a>. Ces \u00e9lections europ\u00e9ennes n\u2019ont donc pas \u00e9t\u00e9 l\u2019occasion de le faire dispara\u00eetre, malgr\u00e9 la fra\u00eecheur d\u00e9gag\u00e9e par Fran\u00e7ois-Xavier Bellamy. Peut-\u00eatre cette derni\u00e8re l\u2019a-t-elle faire appara\u00eetre davantage au contraire, par comparaison.<\/p>\n<blockquote class=\"td_quote_box td_box_center\"><p><strong>A lire aussi :\u00a0<a href=\"https:\/\/www.causeur.fr\/eric-zemmour-2022-donald-trump-162056\" target=\"_blank\" rel=\"noopener\">Eric Zemmour, notre \u201cDonald Trump\u201d?<\/a><\/strong><\/p><\/blockquote>\n<p>Pour autant, il faut le r\u00e9p\u00e9ter encore\u00a0: la droite fran\u00e7aise doit surtout sa lourde humiliation \u00e0 une situation structurelle, et un autre dirigeant ne l\u2019aurait sans doute pas \u00e9vit\u00e9e. Val\u00e9rie P\u00e9cresse a beau fustiger la ligne politique de LR, ne proposait-elle pas finalement la m\u00eame en miroir\u00a0? Quand Wauquiez semblait adopter en vain une ligne plus identitaire pour disputer au Rassemblement national des \u00e9lecteurs \u00e9ventuellement d\u00e9\u00e7us par l\u2019entre-deux-tours de Marine Le Pen, ne proposait-elle pas quant \u00e0 elle une ligne lib\u00e9rale-europ\u00e9iste semblable \u00e0 celle de LREM, qui n\u2019aurait eu d\u2019autre destin que celle de l\u2019UDI de Jean-Christophe Lagarde\u00a0?<\/p>\n<h3><b>Retour en arri\u00e8re<\/b><\/h3>\n<p>En fait, il n\u2019y a plus vraiment de ligne politique dans ce parti depuis longtemps. Elle n\u2019a pas \u00e9t\u00e9 d\u00e9battue par ses adh\u00e9rents depuis bien longtemps. Remontons un peu le temps. En 2017, l\u2019\u00e9lection du pr\u00e9sident de LR n\u2019a pas donn\u00e9 lieu \u00e0 un v\u00e9ritable d\u00e9bat, Wauquiez affrontant Ma\u00ebl de Calan, repr\u00e9sentant un jupp\u00e9isme d\u00e9j\u00e0 install\u00e9 \u00e0 Matignon, et Florence Portelli en pr\u00eate-nom de P\u00e9cresse, laquelle n\u2019avait pas souhait\u00e9 livrer bataille. De surcro\u00eet, il faisait tandem avec Virginie Calmels qui cochait les cases lib\u00e9rales et europ\u00e9ennes du macronisme. En 2014, Bruno Le Maire avait affront\u00e9 Nicolas Sarkozy, non sur la ligne politique mais sur le renouvellement des g\u00e9n\u00e9rations. En 2012 enfin, la guerre Cop\u00e9-Fillon de sinistre m\u00e9moire avait \u00e9t\u00e9 chaudement disput\u00e9e \u2013 c\u2019est le moins qu\u2019on puisse dire \u2013 mais on d\u00e9fie le lecteur de nous expliquer les contours id\u00e9ologiques de cette opposition.<\/p>\n<p>Cela fait donc sept ans \u2013 au moins \u2013 qu\u2019on ne sait plus vraiment ce que ce parti pense voire qu\u2019il le sache lui-m\u00eame. Sept ans \u2013 au moins \u2013 que sa ligne politique n\u2019a plus \u00e9t\u00e9 d\u00e9battue par ses adh\u00e9rents. Le seul moment o\u00f9 elle l\u2019a plus ou moins \u00e9t\u00e9, c\u2019\u00e9tait \u00e0 l\u2019occasion de la primaire, alors que les militants \u00e9taient noy\u00e9s dans un corps \u00e9lectoral vingt fois plus large. Et cette comp\u00e9tition \u00e9lectorale, mise en sc\u00e8ne comme un spectacle sportif par les cha\u00eenes info, a abouti \u00e0 s\u00e9lectionner un candidat qu\u2019il \u00e9tait alors impossible de d\u00e9barquer, malgr\u00e9 des circonstances sur lesquelles nous ne reviendrons pas, par charit\u00e9.<\/p>\n<h3><b>Un nouveau chef \u00e0 l\u2019automne<\/b><\/h3>\n<p>Tomb\u00e9s \u00e0 8% aux europ\u00e9ennes, avec un Wauquiez d\u00e9missionnaire et une P\u00e9cresse partie, on pourrait alors s\u2019attendre \u00e0 ce que l\u2019\u00e9lection du nouveau pr\u00e9sident des LR soit l\u2019occasion r\u00eav\u00e9e pour organiser ce d\u00e9bat sur la ligne politique tant de fois repouss\u00e9. Malheureusement, cela n\u2019en prend pas le chemin. Toute une partie des hi\u00e9rarques a commenc\u00e9 par pr\u00f4ner soit une direction coll\u00e9giale, comme Eric Woerth, ou de supprimer le poste de pr\u00e9sident, comme Nadine Morano. Mais les statuts \u00e9tant ce qu\u2019ils sont, et faits pour \u00eatre respect\u00e9s, il a bien fallu se r\u00e9soudre \u00e0 organiser ce scrutin \u00e0 l\u2019automne. Mais ceux qui craignent le d\u00e9bat sur la ligne politique, \u00e0 force de ne pas y participer depuis des ann\u00e9es, n\u2019ont pas d\u00e9sarm\u00e9 pour autant. Les voil\u00e0 \u00e0 pousser la candidature de Christian Jacob, dont les talents pour m\u00e9nager la ch\u00e8vre et le chou \u00e0 la pr\u00e9sidence de groupe \u00e0 l\u2019Assembl\u00e9e nationale sont effectivement incontestables, mais dont la ligne politique est encore plus difficilement identifiable que ses \u00e9ventuels pr\u00e9d\u00e9cesseurs, ce qui ne constitue pas un mince exploit. A cette possible candidature de consensus qui ne ferait de peine \u00e0 personne, s\u2019ajoute une innovation du bureau politique de mardi soir, celle de demander aux \u00e9ventuels candidats \u00e0 la pr\u00e9sidence de LR de s\u2019engager \u00e0 ne pas \u00eatre candidats \u00e0 la prochaine pr\u00e9sidentielle. Pas de primaire \u2013 f\u00fbt-elle ferm\u00e9e \u2013 avant l\u2019heure\u00a0! Pourtant, \u00e0 trois ans du scrutin le plus important, il n\u2019aurait pas \u00e9t\u00e9 incongru que chaque tenant des diff\u00e9rents courants id\u00e9ologiques de ce parti repr\u00e9sente ses id\u00e9es devant un congr\u00e8s et que les adh\u00e9rents tranchent \u00e0 la fois sur leur chef et sur leur ligne politique. Mais de cela on ne veut d\u00e9cid\u00e9ment pas. De cela, on est effray\u00e9. Et si l\u2019on s\u2019apercevait qu\u2019on n\u2019a plus rien en commun\u00a0? Et si on s\u2019apercevait \u00e0 cette occasion que les \u00e9lites de LR sont coup\u00e9es de la base\u00a0? Pourtant cet exercice est n\u00e9cessaire. S\u2019ils n\u2019ont plus rien en commun, que ces gens se s\u00e9parent. S\u2019ils arrivent malgr\u00e9 tout \u00e0 organiser ce d\u00e9bat et que la minorit\u00e9 se plie \u00e0 la d\u00e9cision de la majorit\u00e9, LR aurait alors un chef et une ligne identifiables pour tous, c\u2019est-\u00e0-dire le minimum vital.<\/p>\n<p>Il semble bien que tel n\u2019est pas le chemin choisi. Pour le plus grand bonheur de LREM et du RN.<\/p>\n<\/div>\n<\/div>\n<\/div>\n<\/div>\n<\/div>\n","protected":false},"excerpt":{"rendered":"<p>La nuit des seconds couteaux a commenc\u00e9 depuis des ann\u00e9es Laurent Wauquiez parti, Les R\u00e9publicains (LR) ne semblent pas se r\u00e9soudre \u00e0 d\u00e9battre en interne de la ligne politique. Ni \u00e0 planifier d\u2019urgence quelque congr\u00e8s! Le transparent Christian Jacob, pr\u00e9sident du groupe parlementaire,\u00a0fait figure de candidat cr\u00e9dible \u00e0 la succession de Wauquiez. Pas fulgurant\u2026 Analyse. [&hellip;]<\/p>\n","protected":false},"author":10,"featured_media":0,"comment_status":"closed","ping_status":"open","sticky":false,"template":"","format":"standard","meta":{"footnotes":""},"categories":[5],"tags":[],"class_list":{"0":"post-3427","1":"post","2":"type-post","3":"status-publish","4":"format-standard","6":"category-sulfate"},"_links":{"self":[{"href":"https:\/\/blog.causeur.fr\/antidote\/wp-json\/wp\/v2\/posts\/3427","targetHints":{"allow":["GET"]}}],"collection":[{"href":"https:\/\/blog.causeur.fr\/antidote\/wp-json\/wp\/v2\/posts"}],"about":[{"href":"https:\/\/blog.causeur.fr\/antidote\/wp-json\/wp\/v2\/types\/post"}],"author":[{"embeddable":true,"href":"https:\/\/blog.causeur.fr\/antidote\/wp-json\/wp\/v2\/users\/10"}],"replies":[{"embeddable":true,"href":"https:\/\/blog.causeur.fr\/antidote\/wp-json\/wp\/v2\/comments?post=3427"}],"version-history":[{"count":0,"href":"https:\/\/blog.causeur.fr\/antidote\/wp-json\/wp\/v2\/posts\/3427\/revisions"}],"wp:attachment":[{"href":"https:\/\/blog.causeur.fr\/antidote\/wp-json\/wp\/v2\/media?parent=3427"}],"wp:term":[{"taxonomy":"category","embeddable":true,"href":"https:\/\/blog.causeur.fr\/antidote\/wp-json\/wp\/v2\/categories?post=3427"},{"taxonomy":"post_tag","embeddable":true,"href":"https:\/\/blog.causeur.fr\/antidote\/wp-json\/wp\/v2\/tags?post=3427"}],"curies":[{"name":"wp","href":"https:\/\/api.w.org\/{rel}","templated":true}]}}