{"id":3459,"date":"2020-02-02T14:20:24","date_gmt":"2020-02-02T12:20:24","guid":{"rendered":"https:\/\/blog.causeur.fr\/antidote\/?p=3459"},"modified":"2021-04-26T16:09:56","modified_gmt":"2021-04-26T14:09:56","slug":"brexit-les-larmes-de-crocodile","status":"publish","type":"post","link":"https:\/\/blog.causeur.fr\/antidote\/brexit-les-larmes-de-crocodile-3459","title":{"rendered":"Brexit: les larmes de crocodile"},"content":{"rendered":"<h3 class=\"td-post-sub-title\">Le cataclysme redout\u00e9 n&rsquo;aura pas lieu, mais que d&rsquo;\u00e9motion<\/h3>\n<div class=\"td-pb-row\">\n<div class=\"td-pb-span12\">\n<div class=\"td-post-header\">\n<header class=\"td-post-title\">\n<div class=\"td-featured-image-rec\">\n<div class=\"td-post-featured-image\">\n<figure><a class=\"td-modal-image\" href=\"https:\/\/www.causeur.fr\/wp-content\/uploads\/2020\/01\/brexit-31-janvier-parlement-europeen.jpg\"><img loading=\"lazy\" decoding=\"async\" class=\"entry-thumb\" title=\"brexit-31-janvier-parlement-europeen\" src=\"https:\/\/www.causeur.fr\/wp-content\/uploads\/2020\/01\/brexit-31-janvier-parlement-europeen-1200x728.jpg\" alt=\"\" width=\"640\" height=\"388\" \/><\/a><figcaption class=\"wp-caption-text\"><\/figcaption><\/figure>\n<\/div>\n<\/div>\n<\/header>\n<\/div>\n<\/div>\n<\/div>\n<div class=\"td-pb-row\">\n<div class=\"td-pb-span8 td-main-content\">\n<div class=\"td-ss-main-content\">\n<div id=\"content-hidden\">\n<div class=\"td-post-content\">\n<hr \/>\n<h3><strong>Hier, <em>because Brexit<\/em>, les eurod\u00e9put\u00e9s de la Perfide Albion faisaient leurs grands adieux au parlement europ\u00e9en. Que d\u2019\u00e9motion\u00a0! Alors que les m\u00e9dias pro-UE ne savent plus trop comment\u00a0expliquer que l\u2019invasion de sauterelles sur les campagnes anglaises n\u2019aura finalement pas lieu, notre chroniqueur s\u2019amuse et constate que les pays restant dans l\u2019Union continueront de discuter dans la langue de Shakespeare dans l\u2019h\u00e9micycle.<\/strong><\/h3>\n<p>&nbsp;<\/p>\n<p>Trois ans et demi. C\u2019est le temps qu\u2019il a fallu au peuple britannique pour obtenir ce qu\u2019il avait demand\u00e9 dans les urnes au lieu des deux ans pr\u00e9vus \u00e0 l\u2019origine par les trait\u00e9s.<\/p>\n<p>Aujourd\u2019hui, c\u2019est fait. \u00ab\u00a0Ce n\u2019est qu\u2019un au-revoir\u00a0\u00bb a r\u00e9sonn\u00e9 au parlement europ\u00e9en. A la radio ce matin, on apprenait que c\u2019est l\u2019impayable Nathalie Loiseau (LREM) qui avait compt\u00e9 parmi les initiateurs de ce chant. En quelle langue ce c\u00e9l\u00e8bre chant a-t-il \u00e9t\u00e9 entonn\u00e9\u00a0? En anglais\u00a0? Les d\u00e9put\u00e9s non anglophones ne se sont jamais autant plaint des r\u00e9unions exclusivement tenues dans la langue de Shakespeare, l\u2019arriv\u00e9e des d\u00e9put\u00e9s LREM, r\u00e9unis dans le groupe \u00ab\u00a0Renew Europe\u00a0\u00bb en \u00e9tant les utilisateurs les plus z\u00e9l\u00e9s.<\/p>\n<p>Les Brits s\u2019en vont, mais les autres d\u00e9put\u00e9s continueront de parler anglais entre eux. De l\u2019autre c\u00f4t\u00e9 de la Manche, on doit bien en rire.<\/p>\n<h3><strong>Le parti d\u2019en rire<\/strong><\/h3>\n<p>Il n\u2019y aurait pourtant pas de quoi rire, si nous devions nous r\u00e9soudre \u00e0 lire et \u00e9couter la plupart des m\u00e9dias de notre bon pays. <a href=\"https:\/\/www.causeur.fr\/boris-johnson-brexit-france-inter-170207\" target=\"_blank\" rel=\"noopener\">Il y a deux mois dans ces colonnes<\/a>, nous n\u2019avions pas \u00e9t\u00e9 tendre avec ces derniers et nous esp\u00e9rions sans grand espoir une remise en question. Elle n\u2019est \u00e9videmment pas venue. Mardi soir, France 2 nous offrait un reportage comme seul le service public de l\u2019audiovisuel en a le secret\u00a0: \u00ab\u00a0Ces Britanniques qui deviennent Allemands\u00a0\u00bb. Une brave dame a peur de ne plus pouvoir voyager avec son mari et ses enfants de nationalit\u00e9 allemande. Un brave monsieur, dont la grand-m\u00e8re avait obtenu la citoyennet\u00e9 britannique apr\u00e8s avoir fui l\u2019Allemagne nazie, d\u00e9cide de faire le chemin inverse, fuyant le Brexit. Kolossale finesse\u00a0! vous avez compris, braves t\u00e9l\u00e9spectateurs, le Brexit, c\u2019est comme le nazisme, il faut le fuir\u00a0!<\/p>\n<p>A la fin du reportage, on apprend n\u00e9anmoins que le Brexit consomm\u00e9, l\u2019Allemagne, ce pays tellement plus ouvert que le Royaume-Uni, n\u2019acceptera plus la double-nationalit\u00e9 pour les ressortissants d\u2019un pays hors-UE. Il faudra choisir. C\u2019est ballot\u00a0!<\/p>\n<blockquote class=\"td_quote_box td_box_center\"><p><strong>A lire aussi:\u00a0<a href=\"https:\/\/www.causeur.fr\/boris-johnson-angleterre-brexit-populisme-171103\" target=\"_blank\" rel=\"noopener\">Boris Johnson: le triomphe romain<\/a><\/strong><\/p><\/blockquote>\n<p>Avant le scrutin de l\u2019\u00e9t\u00e9 2016, <a href=\"https:\/\/www.causeur.fr\/brexit-royaume-uni-union-europeenne-quatremer-leparmentier-38864\" target=\"_blank\" rel=\"noopener\">on se souvient que les dix plaies d\u2019Egypte<\/a> devaient s\u2019abattre sur ce peuple r\u00e9fractaire \u2013 ils ne sont pourtant pas gaulois \u2013 en cas de mauvaise d\u00e9cision. Et on nous annon\u00e7ait la catastrophe pour le lendemain du scrutin, pas pour le moment o\u00f9 le Brexit serait effectif. Ensuite, voyant que lesdites plaies se faisaient attendre, et que la sant\u00e9 \u00e9conomique du Royaume, loin de chanceler, s\u2019am\u00e9liorait, on nous faisait valoir que c\u2019\u00e9tait parce que le Brexit n\u2019\u00e9tait pas encore entr\u00e9 en application\u2026 Nous y sommes enfin.<\/p>\n<p>Gageons que si tous ces malheurs ne s\u2019abattaient pas \u00e0 minuit sur la Perfide Albion, les m\u00eames \u00e9taleront encore leur mauvaise foi. <a href=\"https:\/\/www.lefigaro.fr\/vox\/economie\/brexit-pour-le-fmi-l-apocalypse-promis-n-aura-pas-lieu-20200121\" target=\"_blank\" rel=\"noopener\">Et si l\u2019on en croit une note du FMI<\/a>, ils devront encore faire preuve de ressources en la mati\u00e8re.<\/p>\n<h3><strong>Ch\u00e2tier les Britanniques?<\/strong><\/h3>\n<p>Jean Quatremer ou Val\u00e9rie P\u00e9cresse avaient l\u00e2ch\u00e9 le morceau il y a quelques mois: il faut absolument que les Britanniques souffrent de cette d\u00e9cision de quitter l\u2019Union europ\u00e9enne. Il faut les punir.<\/p>\n<p>Entendons-nous\u00a0: il est totalement compr\u00e9hensible que le gouvernement fran\u00e7ais d\u00e9fende les int\u00e9r\u00eats nationaux dans la n\u00e9gociation du divorce. Par exemple, il n\u2019y a aucun cadeau \u00e0 faire aux Britanniques en mati\u00e8re d\u2019acc\u00e8s de nos p\u00eacheurs aux eaux territoriales britanniques. C\u2019est vrai aussi en mati\u00e8re d\u2019immigration ou de la fixation de la fronti\u00e8re de leur Royaume en vertu des accords du Touquet, les Fran\u00e7ais seraient inspir\u00e9s de repousser la fronti\u00e8re de Calais \u00e0 Douvres. Non\u00a0: les propos de Quatremer, P\u00e9cresse ou d\u2019autres n\u2019\u00e9taient pas prononc\u00e9s sur le registre de la d\u00e9fense des int\u00e9r\u00eats nationaux. Il s\u2019agissait de faire un exemple. Derri\u00e8re ces path\u00e9tiques menaces se cache la trouille que d\u2019autres pays s\u2019aper\u00e7oivent qu\u2019on peut vivre sans l\u2019Union europ\u00e9enne. Que quitter cette derni\u00e8re comporte quelques inconv\u00e9nients, mais qu\u2019on peut aussi retirer bien des avantages \u00e0 la souverainet\u00e9 retrouv\u00e9e. Et si la tentation de quitter l\u2019UE devenait contagieuse, fa\u00e7on Coronavirus ?<\/p>\n<blockquote class=\"td_quote_box td_box_center\"><p><strong>A lire aussi:\u00a0<a href=\"https:\/\/www.causeur.fr\/coronavirus-chine-nouvel-an-chinois-sras-171869\" target=\"_blank\" rel=\"noopener\">Coronavirus, beaucoup de bruit pour rien?<\/a><\/strong><\/p><\/blockquote>\n<p>Tandis que la r\u00e9daction de France 2 comme de nombreuses autres continue de r\u00e9citer son cat\u00e9chisme europ\u00e9en, on a compris du c\u00f4t\u00e9 de Berlin ou de Bruxelles qu\u2019il fallait sans doute afficher davantage de modestie apr\u00e8s ce d\u00e9part, mais aussi apr\u00e8s d\u2019autres progressions \u00e9lectorales souverainistes. L\u2019heure n\u2019est plus \u00e0 pr\u00e9voir un nouveau trait\u00e9 encore plus f\u00e9d\u00e9raliste que le pr\u00e9c\u00e9dent, mais \u00e0 afficher \u2013 au moins \u2013 son attachement \u00e0 la protection des identit\u00e9s nationales. La cr\u00e9ation d\u2019une vice-pr\u00e9sidence de la Commission europ\u00e9enne \u00e0 la \u00ab\u00a0<a href=\"https:\/\/www.causeur.fr\/proteger-le-mode-de-vie-europeen-ursula-von-der-leyen-165714\" target=\"_blank\" rel=\"noopener\">promotion de notre mode de vie europ\u00e9en<\/a>\u00a0\u00bb n\u2019est-elle pas un signe envoy\u00e9 \u00e0 ceux que cela d\u00e9mange d\u2019imiter les Britanniques\u00a0?<\/p>\n<p>Ce 31 janvier est historique car il d\u00e9montre que la fameuse construction europ\u00e9enne dont on nous avait longtemps expliqu\u00e9, \u00e0 l\u2019instar de Che Guevara, qu\u2019elle \u00e9tait comme une bicyclette, tombant si elle n\u2019avan\u00e7ait plus, a fait une pause. Et que c\u2019\u00e9tait sans doute la seule mani\u00e8re de ne pas faire imploser d\u00e9finitivement l\u2019UE.<\/p>\n<\/div>\n<\/div>\n<\/div>\n<\/div>\n<\/div>\n","protected":false},"excerpt":{"rendered":"<p>Le cataclysme redout\u00e9 n&rsquo;aura pas lieu, mais que d&rsquo;\u00e9motion Hier, because Brexit, les eurod\u00e9put\u00e9s de la Perfide Albion faisaient leurs grands adieux au parlement europ\u00e9en. Que d\u2019\u00e9motion\u00a0! Alors que les m\u00e9dias pro-UE ne savent plus trop comment\u00a0expliquer que l\u2019invasion de sauterelles sur les campagnes anglaises n\u2019aura finalement pas lieu, notre chroniqueur s\u2019amuse et constate que [&hellip;]<\/p>\n","protected":false},"author":10,"featured_media":0,"comment_status":"closed","ping_status":"open","sticky":false,"template":"","format":"standard","meta":{"footnotes":""},"categories":[4],"tags":[],"class_list":{"0":"post-3459","1":"post","2":"type-post","3":"status-publish","4":"format-standard","6":"category-oxygene"},"_links":{"self":[{"href":"https:\/\/blog.causeur.fr\/antidote\/wp-json\/wp\/v2\/posts\/3459","targetHints":{"allow":["GET"]}}],"collection":[{"href":"https:\/\/blog.causeur.fr\/antidote\/wp-json\/wp\/v2\/posts"}],"about":[{"href":"https:\/\/blog.causeur.fr\/antidote\/wp-json\/wp\/v2\/types\/post"}],"author":[{"embeddable":true,"href":"https:\/\/blog.causeur.fr\/antidote\/wp-json\/wp\/v2\/users\/10"}],"replies":[{"embeddable":true,"href":"https:\/\/blog.causeur.fr\/antidote\/wp-json\/wp\/v2\/comments?post=3459"}],"version-history":[{"count":0,"href":"https:\/\/blog.causeur.fr\/antidote\/wp-json\/wp\/v2\/posts\/3459\/revisions"}],"wp:attachment":[{"href":"https:\/\/blog.causeur.fr\/antidote\/wp-json\/wp\/v2\/media?parent=3459"}],"wp:term":[{"taxonomy":"category","embeddable":true,"href":"https:\/\/blog.causeur.fr\/antidote\/wp-json\/wp\/v2\/categories?post=3459"},{"taxonomy":"post_tag","embeddable":true,"href":"https:\/\/blog.causeur.fr\/antidote\/wp-json\/wp\/v2\/tags?post=3459"}],"curies":[{"name":"wp","href":"https:\/\/api.w.org\/{rel}","templated":true}]}}