{"id":3467,"date":"2020-03-17T13:36:37","date_gmt":"2020-03-17T11:36:37","guid":{"rendered":"https:\/\/blog.causeur.fr\/antidote\/?p=3467"},"modified":"2021-04-26T16:09:56","modified_gmt":"2021-04-26T14:09:56","slug":"la-volte-face-presidentielle","status":"publish","type":"post","link":"https:\/\/blog.causeur.fr\/antidote\/la-volte-face-presidentielle-3467","title":{"rendered":"La volte-face pr\u00e9sidentielle"},"content":{"rendered":"<div class=\"td-pb-row\">\n<div class=\"td-pb-span12\">\n<div class=\"td-post-header\">\n<header class=\"td-post-title\">\n<div class=\"td-featured-image-rec\">\n<div class=\"td-post-featured-image\">\n<figure><figcaption class=\"wp-caption-text\"><\/figcaption><\/figure>\n<\/div>\n<\/div>\n<\/header>\n<\/div>\n<\/div>\n<\/div>\n<div class=\"td-pb-row\">\n<div class=\"td-pb-span8 td-main-content\">\n<div class=\"td-ss-main-content\">\n<div id=\"content-hidden\">\n<div class=\"td-post-content\">\n<hr \/>\n<h3><strong>Le 6 mars dernier, le pr\u00e9sident se rendait encore au th\u00e9\u00e2tre pour montrer l\u2019exemple\u2026<\/strong><\/h3>\n<hr \/>\n<p>Hier soir, j\u2019avais renonc\u00e9 \u00e0 prendre la plume pour r\u00e9agir \u00e0 l\u2019intervention pr\u00e9sidentielle. Il s\u2019agissait en fait d\u2019une autocensure tout \u00e0 fait assum\u00e9e. Comme je l\u2019ai dit \u00e0 ma moiti\u00e9 qui s\u2019\u00e9tonnait que je ne me sois pas mis \u00e0 la t\u00e2che\u00a0: \u00ab\u00a0Ce n\u2019est pas le moment d\u2019accabler le pr\u00e9sident\u00a0\u00bb.<\/p>\n<blockquote class=\"td_pull_quote td_pull_center\"><p><b>Macron sait d\u00e9sormais que la crise de 2008 pourrait bien ressembler \u00e0 une aimable plaisanterie \u00e0 c\u00f4t\u00e9 de ce qui se profile<\/b><\/p><\/blockquote>\n<p>Oui j\u2019aurais pu moquer notre chef d\u2019\u00c9tat qui, dix jours apr\u00e8s nous avoir montr\u00e9 l\u2019exemple en se rendant ostensiblement au th\u00e9\u00e2tre \u2013 \u00ab\u00a0il faut vivre comme avant\u00a0\u00bb -, nous expliquait presque dans les d\u00e9tails comment nous allions d\u00e9sormais vivre confin\u00e9s. A l\u2019entendre nous enjoindre \u00e0 lire, \u00e0 s\u2019occuper de nos enfants et \u00e0 sortir faire de l\u2019exercice \u00e0 condition que ce soit en solitaire, \u00e0 nous r\u00e9primander gentiment d\u2019\u00eatre all\u00e9s nous \u00e9gayer dans les parcs parisiens. Nous \u00e9tions davantage en pr\u00e9sence de \u00ab\u00a0Big mother\u00a0\u00bb que de Winston Churchill. Oui, j\u2019aurais pu moquer \u00e9galement la mani\u00e8re dont, avec l\u2019accord de toute la classe politique, il venait d\u2019inventer l\u2019entre-deux-tours de trois mois, choisissant la plus mauvaise des trois solutions propos\u00e9es par les constitutionnalistes.<\/p>\n<h3><b>Bye bye la r\u00e9forme des retraites<\/b><\/h3>\n<p>Mais tout cela, en fait, \u00e9tait bien d\u00e9risoire. Minuscule m\u00eame, par rapport \u00e0 l\u2019ardente n\u00e9cessit\u00e9 d\u2019union nationale, que C\u00e9line Pina a si bien \u00e9voqu\u00e9e <a href=\"https:\/\/www.causeur.fr\/coronavirus-confinement-union-sacree-macron-174077\" target=\"_blank\" rel=\"noopener\">plus t\u00f4t dans nos colonnes<\/a>. Minuscule par rapport aux d\u00e9fis qui nous attendent. Hier soir, le pr\u00e9sident de la R\u00e9publique a repouss\u00e9 deux r\u00e9formes auxquelles il tenait particuli\u00e8rement. Celle de l\u2019indemnisation du ch\u00f4mage, et surtout celle des retraites, qui avait mis la France \u00e0 l\u2019arr\u00eat pendant tout l\u2019hiver, et dont on peut dire avec euph\u00e9misme qu\u2019il y tenait particuli\u00e8rement. Il n\u2019a pas dit qu\u2019il y renon\u00e7ait, mais \u00e0 vrai dire il les a pos\u00e9es \u00e0 c\u00f4t\u00e9 de la poubelle, un peu comme des \u00ab\u00a0encombrants\u00a0\u00bb qui ne rentreraient pas dedans. En fait, ces signes-l\u00e0 ne doivent provoquer aucun cri de victoire de la part de ceux qui ont lutt\u00e9 contre ces r\u00e9formes. Ni m\u00eame de soulagement. Car si Emmanuel Macron y a renonc\u00e9, c\u2019est qu\u2019il sait bien que la guerre contre le coronavirus qui met plusieurs pays \u00e0 l\u2019arr\u00eat dont le n\u00f4tre \u00e0 partir d\u2019aujourd\u2019hui et pour une p\u00e9riode ind\u00e9termin\u00e9e, va avoir des cons\u00e9quences incalculables en termes de crises \u00e9conomique, sociale, et sans doute g\u00e9opolitique. S\u2019il y a renonc\u00e9, c\u2019est qu\u2019il sait bien que son programme pr\u00e9sidentiel est aujourd\u2019hui caduc au regard de tout ce qui nous attend. Il sait que d\u00e9sormais, nous ne pouvons compter que sur nous-m\u00eames, que notre \u00c9tat si ab\u00eem\u00e9 constitue le seul levier qu\u2019il nous reste pour maintenir le pays hors de l\u2019eau. Il sait que la crise de 2008 pourrait bien ressembler \u00e0 une aimable plaisanterie \u00e0 c\u00f4t\u00e9 de ce qui se profile.<\/p>\n<h3><b>Jouons les oiseaux de mauvais augure<\/b><\/h3>\n<p>Mais il y a aussi tout ce que le Pr\u00e9sident de la R\u00e9publique ne sait pas, et qui n\u2019est pas moins inqui\u00e9tant. Est-ce que, lorsque le confinement commencera \u00e0 porter ses fruits, comme c\u2019est le cas en Cor\u00e9e du Sud, ou dans certaines zones de l\u2019Italie, nous serons \u00e0 l\u2019abri d\u2019une reprise \u00e0 l\u2019automne avec un virus qui aura mut\u00e9, et dans un pays en pleine crise \u00e9conomique\u00a0? Aurons-nous \u00e0 ce moment-l\u00e0 eu le temps de produire un vaccin et proc\u00e9d\u00e9 \u00e0 la campagne de vaccination obligatoire qui nous permettrait de ne pas reproduire d\u2019autres confinements\u00a0? Est-ce que la perspective angoissante que ce pari soit perdu ne donnera pas raison \u00e0 ceux qui, de l\u2019autre c\u00f4t\u00e9 de la Manche, ont d\u00e9cid\u00e9 d\u2019assumer l\u2019immunisation naturelle de leur population, pr\u00e9venant que peu de familles britanniques seront \u00e9pargn\u00e9es par la perte d\u2019un proche, faisant le pari inverse, arguant qu\u2019il s\u2019agissait de la moins pire des solutions ? Est-ce qu\u2019Emmanuel Macron n\u2019a pas h\u00e9sit\u00e9 un temps d\u2019employer une telle solution, il est vrai effrayante, comprenant ensuite que notre soci\u00e9t\u00e9 ne pourrait l\u2019admettre\u00a0?<\/p>\n<p>Malgr\u00e9 ces h\u00e9sitations, malgr\u00e9 la forme d\u00e9cevante de sa prestation d\u2019hier soir, c\u2019est Emmanuel Macron qui a en charge cette \u201cguerre\u201d, et surtout des cons\u00e9quences de cette derni\u00e8re. L\u2019apr\u00e8s-guerre, qui pourrait \u00eatre pire que la guerre elle-m\u00eame en termes de d\u00e9g\u00e2ts sociaux, il en aura aussi la charge du commencement. Qui sait si en assumer toutes les cons\u00e9quences ne concernera pas plusieurs de ses successeurs ?<\/p>\n<\/div>\n<\/div>\n<\/div>\n<\/div>\n<\/div>\n","protected":false},"excerpt":{"rendered":"<p>Le 6 mars dernier, le pr\u00e9sident se rendait encore au th\u00e9\u00e2tre pour montrer l\u2019exemple\u2026 Hier soir, j\u2019avais renonc\u00e9 \u00e0 prendre la plume pour r\u00e9agir \u00e0 l\u2019intervention pr\u00e9sidentielle. Il s\u2019agissait en fait d\u2019une autocensure tout \u00e0 fait assum\u00e9e. Comme je l\u2019ai dit \u00e0 ma moiti\u00e9 qui s\u2019\u00e9tonnait que je ne me sois pas mis \u00e0 la [&hellip;]<\/p>\n","protected":false},"author":10,"featured_media":3499,"comment_status":"closed","ping_status":"open","sticky":false,"template":"","format":"standard","meta":{"footnotes":""},"categories":[1],"tags":[],"class_list":{"0":"post-3467","1":"post","2":"type-post","3":"status-publish","4":"format-standard","5":"has-post-thumbnail","7":"category-non-classe"},"_links":{"self":[{"href":"https:\/\/blog.causeur.fr\/antidote\/wp-json\/wp\/v2\/posts\/3467","targetHints":{"allow":["GET"]}}],"collection":[{"href":"https:\/\/blog.causeur.fr\/antidote\/wp-json\/wp\/v2\/posts"}],"about":[{"href":"https:\/\/blog.causeur.fr\/antidote\/wp-json\/wp\/v2\/types\/post"}],"author":[{"embeddable":true,"href":"https:\/\/blog.causeur.fr\/antidote\/wp-json\/wp\/v2\/users\/10"}],"replies":[{"embeddable":true,"href":"https:\/\/blog.causeur.fr\/antidote\/wp-json\/wp\/v2\/comments?post=3467"}],"version-history":[{"count":0,"href":"https:\/\/blog.causeur.fr\/antidote\/wp-json\/wp\/v2\/posts\/3467\/revisions"}],"wp:featuredmedia":[{"embeddable":true,"href":"https:\/\/blog.causeur.fr\/antidote\/wp-json\/wp\/v2\/media\/3499"}],"wp:attachment":[{"href":"https:\/\/blog.causeur.fr\/antidote\/wp-json\/wp\/v2\/media?parent=3467"}],"wp:term":[{"taxonomy":"category","embeddable":true,"href":"https:\/\/blog.causeur.fr\/antidote\/wp-json\/wp\/v2\/categories?post=3467"},{"taxonomy":"post_tag","embeddable":true,"href":"https:\/\/blog.causeur.fr\/antidote\/wp-json\/wp\/v2\/tags?post=3467"}],"curies":[{"name":"wp","href":"https:\/\/api.w.org\/{rel}","templated":true}]}}