{"id":347,"date":"2009-08-04T10:00:05","date_gmt":"2009-08-04T09:00:05","guid":{"rendered":"http:\/\/carnet.causeur.fr\/antidote\/?p=347"},"modified":"2021-04-26T16:12:03","modified_gmt":"2021-04-26T14:12:03","slug":"villiers-villepinet-nous","status":"publish","type":"post","link":"https:\/\/blog.causeur.fr\/antidote\/villiers-villepinet-nous-347","title":{"rendered":"Villiers, Villepin&#8230;et nous."},"content":{"rendered":"<p><a href=\"http:\/\/www.lefigaro.fr\/politique\/2009\/08\/03\/01002-20090803ARTFIG00243-apres-ses-mauvais-scores-villiers-se-tourne-vers-sarkozy-.php\" target=\"_blank\" rel=\"noopener\">Philippe de Villiers se pr\u00e9pare donc \u00e0 officialiser <\/a>ce qui est clair pour tous ceux qui suivent attentivement la chose politique, <a href=\"http:\/\/carnet.causeur.fr\/antidote\/villiers-et-sarko-ils-sont-donc-bien-en-menage,00177\" target=\"_blank\" rel=\"noopener\">et en particulier les lecteurs assidus de ce carnet<\/a>. En acceptant d&rsquo;entrer dans le tr\u00e8s peu c\u00e9l\u00e8bre comit\u00e9 de liaison de la majorit\u00e9 pr\u00e9sidentielle[1. Pr\u00e9sid\u00e9 par le truculent Jean-Claude Gaudin. Et il faut effectivement que cela trucule quand on regroupe autour de l&rsquo;UMP les partis de Jean-Marie Bockel et de Herv\u00e9 Morin], le pr\u00e9sident du Mouvement Pour la France lance le message suivant \u00e0 son \u00e9lectorat : je retourne dans la \u00ab\u00a0famille\u00a0\u00bb, un peu comme Nicolas Sarkozy lorsqu&rsquo;il revient dans le commandement int\u00e9gr\u00e9 de l&rsquo;OTAN.<\/p>\n<p>Villiers avait d\u00e9j\u00e0 annonc\u00e9 la couleur lorsqu&rsquo;il se disait \u00ab\u00a0flotteur droit de la majorit\u00e9\u00a0\u00bb. Sa campagne europ\u00e9enne lui avait certes rendu quelques vell\u00e9it\u00e9s d&rsquo;ind\u00e9pendance et, donc, permis de lancer quelques attaques contre la duplicit\u00e9 sarkozyenne en mati\u00e8re europ\u00e9enne. Mais cela ne trompait pas ceux qui, <a href=\"http:\/\/www.dailymotion.com\/video\/x9887n_libertas_news?from=rss\" target=\"_blank\" rel=\"noopener\">m\u00eame au sein de ses proches<\/a>, voyaient venir le nouveau pas de danse de l&rsquo;ancien h\u00e9raut souverainiste. L&rsquo;adh\u00e9sion \u00e0 l&rsquo;association euro-atlantique Libertas ne venait pas davantage contredire les inquiets.<\/p>\n<p>Villiers rejoindrait la maison Sarko, selon les commentateurs de la presse internet et radiophonique, parce qu&rsquo;il a compris qu&rsquo;il avait construit ses plus beaux succ\u00e8s \u00e0 l&rsquo;int\u00e9rieur de la majorit\u00e9 et connu ses plus grands \u00e9checs \u00e0 l&rsquo;ext\u00e9rieur. Ce n&rsquo;est pas faux. Mais il faut aller plus loin. Et \u00e9voquer l&rsquo;injustice du financement de la vie politique, qui donne tout -ou presque- aux partis \u00e9tablis et ne donne rien aux forces alternatives mais jamais, de ce fait, \u00e9mergentes[2. Je ne me lasse pas de r\u00e9p\u00e9ter le mot de William Abitbol :\u00a0\u00bbla tombola pour les organisateurs de la tombola\u00a0\u00bb]. Il ne faudrait pas non plus passer sous silence les changements de pied incessants du lideur souverainiste, et donc sa propre responsabilit\u00e9, qui est pass\u00e9 en dix ans de la strat\u00e9gie \u00ab\u00a0Vieille France\u00a0\u00bb ch\u00e8re \u00e0 Thierry de la Perri\u00e8re \u00e0 celle, lib\u00e9rale-atlantiste de J\u00e9r\u00f4me Rivi\u00e8re en passant par celle, tr\u00e8s \u00ab\u00a0choc des civilisations\u00a0\u00bb, du couple ex-frontiste Peltier-Bompard. Il y a de quoi perdre des militants en route.<\/p>\n<p>Mais j&rsquo;entends d\u00e9j\u00e0 une amie me conseiller aimablement, avec son accent bien connu sur la Canebi\u00e8re, de balayer devant ma porte, ou plus exactement celle de Debout la R\u00e9publique. Et comme je ne d\u00e9teste pas l&rsquo;autocritique, ch\u00e8re H.[3. Certains habitu\u00e9s la reconna\u00eetront, mais je ne suis pas dispos\u00e9 \u00e0 lancer son nom sur la plaque publique. On me comprendra.], allons-y ! Certes, le score des listes emmen\u00e9es par Nicolas Dupont-Aignan ne fut pas folichon, au point de se trouver m\u00eame en de\u00e7a de celles de Philippe de Villiers pourtant bien handicap\u00e9es pour toutes les raisons cit\u00e9es plus haut. Mais, reconnaissons qu&rsquo;il s&rsquo;agissait du premier bain dans une campagne pour ce petit parti, encore moins fortun\u00e9. Certes, on voit ici et l\u00e0 poindre certains rapprochements avec Dominique de Villepin. Et bien, soit, expliquons nous sur une \u00e9ventuelle alliance NDA-Villepin. Je n&rsquo;y suis pas oppos\u00e9, \u00e0 condition de savoir \u00e0 quel Villepin nous avons \u00e0 faire. Si c&rsquo;est le Villepin du patriotisme \u00e9conomique, celui qui rencontrait Todd pour r\u00e9fl\u00e9chir \u00e0 la mise en place d&rsquo;un protectionnisme europ\u00e9en, celui qui incarne le refus de l&rsquo;alignement occidentaliste, je n&rsquo;y verrais aucun inconv\u00e9nient. Si, en revanche, il s&rsquo;agit du Villepin qui, flanqu\u00e9 de Goulard et Mariton, privatise les autoroutes, est obs\u00e9d\u00e9 par le co\u00fbt du travail ou fusionne EDF et Suez, cela sera sans moi. Autant, alors, que NDA et Villepin aillent ensemble renforcer le MoDem dans un parti enti\u00e8rement bas\u00e9 sur l&rsquo;anti-sarkozysme, ce serait plus clair pour tout le monde, et sans doute plus efficace. Mais cela n&rsquo;est pas avec cela qu&rsquo;on fera rena\u00eetre un mouvement gaulliste.<\/p>\n<p>Et puis, il y a Clearstream. Tant que Villepin ne sera pas lib\u00e9r\u00e9 de cette affaire, aucun avenir n&rsquo;est possible pour lui, ni bien s\u00fbr pour d&rsquo;\u00e9ventuels alli\u00e9s. J&rsquo;entends alors que l&rsquo;autre alternative \u00e0 Sarko serait Cop\u00e9, et on me souffle que les relations de NDA avec ce dernier seraient plut\u00f4t cordiales. L\u00e0, je crie casse-cou. Jouer Cop\u00e9 contre Sarko ? Il faudra vraiment tout le talent de NDA pour m&rsquo;expliquer en quoi le premier serait pr\u00e9f\u00e9rable au second. Et aussi grand soit-il, je ne suis pas certain qu&rsquo;il suffise.<\/p>\n<p>On le voit, la question de la strat\u00e9gie reste enti\u00e8re. Villiers l&rsquo;a tranch\u00e9e, m\u00eame si cela appara\u00eet au plus mauvais moment, celui o\u00f9 Sarkozy semble d\u00e9cid\u00e9 de continuer l&rsquo;ouverture \u00e0 gauche et \u00e0 pr\u00e9parer une campagne plut\u00f4t sociale-d\u00e9mocrate destin\u00e9e \u00e0 \u00e9touffer le Parti Socialiste.\u00a0 Nous aurons aussi \u00e0 trancher. Ce n&rsquo;est pas ais\u00e9. Mais faisons le rapidement. Car d&rsquo;autres, plus \u00e0 droite, l&rsquo;ont d\u00e9j\u00e0 fait et reprendront t\u00f4t au tard du poil de la b\u00eate comme H\u00e9nin-Beaumont nous l&rsquo;a montr\u00e9 de mani\u00e8re si limpide.<\/p>\n","protected":false},"excerpt":{"rendered":"<p>L&rsquo;alternative \u00e0 Sarkozy sera gaulliste. Ou se construira sans moi.<\/p>\n","protected":false},"author":10,"featured_media":0,"comment_status":"open","ping_status":"closed","sticky":false,"template":"","format":"standard","meta":{"footnotes":""},"categories":[4],"tags":[],"class_list":{"0":"post-347","1":"post","2":"type-post","3":"status-publish","4":"format-standard","6":"category-oxygene"},"_links":{"self":[{"href":"https:\/\/blog.causeur.fr\/antidote\/wp-json\/wp\/v2\/posts\/347","targetHints":{"allow":["GET"]}}],"collection":[{"href":"https:\/\/blog.causeur.fr\/antidote\/wp-json\/wp\/v2\/posts"}],"about":[{"href":"https:\/\/blog.causeur.fr\/antidote\/wp-json\/wp\/v2\/types\/post"}],"author":[{"embeddable":true,"href":"https:\/\/blog.causeur.fr\/antidote\/wp-json\/wp\/v2\/users\/10"}],"replies":[{"embeddable":true,"href":"https:\/\/blog.causeur.fr\/antidote\/wp-json\/wp\/v2\/comments?post=347"}],"version-history":[{"count":0,"href":"https:\/\/blog.causeur.fr\/antidote\/wp-json\/wp\/v2\/posts\/347\/revisions"}],"wp:attachment":[{"href":"https:\/\/blog.causeur.fr\/antidote\/wp-json\/wp\/v2\/media?parent=347"}],"wp:term":[{"taxonomy":"category","embeddable":true,"href":"https:\/\/blog.causeur.fr\/antidote\/wp-json\/wp\/v2\/categories?post=347"},{"taxonomy":"post_tag","embeddable":true,"href":"https:\/\/blog.causeur.fr\/antidote\/wp-json\/wp\/v2\/tags?post=347"}],"curies":[{"name":"wp","href":"https:\/\/api.w.org\/{rel}","templated":true}]}}