{"id":352,"date":"2009-08-10T13:19:12","date_gmt":"2009-08-10T12:19:12","guid":{"rendered":"http:\/\/carnet.causeur.fr\/antidote\/?p=352"},"modified":"2021-04-26T16:12:03","modified_gmt":"2021-04-26T14:12:03","slug":"les-plaques-de-la-mondialisation","status":"publish","type":"post","link":"https:\/\/blog.causeur.fr\/antidote\/les-plaques-de-la-mondialisation-352","title":{"rendered":"Les plaques de la mondialisation"},"content":{"rendered":"<p>Cette fois-ci, elles sont bien l\u00e0. Sur nos bagnoles et m\u00eame sur la mienne. Ces nouvelles plaques d&rsquo;immatriculation me font sentir \u00e9tranger dans mon propre pays. Termin\u00e9es, les s\u00e9ances d&rsquo;apprentissage des d\u00e9partements et leurs chefs-lieux[1. De toute mani\u00e8re, il para\u00eet que les d\u00e9partements, symboles du jacobinisme fran\u00e7ais, doivent aussi dispara\u00eetre\u00a0 sur l&rsquo;autel de l&rsquo;adaptation \u00e0 la mondialisation] \u00e0 l&rsquo;arri\u00e8re de la voiture dans les bouchons de l&rsquo;A7[2. D\u00e9j\u00e0 que la mode anti-poil a fait dispara\u00eetre le vieux jeu de comptage des barbus ! Pour ma part, j&rsquo;avais un indice assez efficace : l&rsquo;autocollant MAIF sur la vitre arri\u00e8re. Aujourd&rsquo;hui, m\u00eame l&rsquo;Education Nationale a c\u00e9d\u00e9 devant Gillette].<\/p>\n<p>Pour d\u00e9fendre l&rsquo;id\u00e9e de leurs nouvelles plaques, les technocrates du minist\u00e8re de l&rsquo;Int\u00e9rieur, ainsi que les deux ministres successifs qui ont port\u00e9 le funeste projet, Mich\u00e8le Alliot-Marie et Nicolas Sarkozy[3. Il semble bien que ce soit lui qui ait acc\u00e9l\u00e9r\u00e9 le processus entre 2005 et 2007], avancent plusieurs arguments tous fallacieux.<\/p>\n<p>L&rsquo;ancienne num\u00e9rotation arriverait tr\u00e8s rapidement au bout, notamment dans les d\u00e9partements qui fonctionnaient d\u00e9j\u00e0 avec trois lettres pr\u00e9c\u00e9dant le num\u00e9ro de d\u00e9partement. Escroquerie. Dans ces d\u00e9partements peupl\u00e9s, on changeait de lettres au bout de 999 v\u00e9hicules immatricul\u00e9s alors que dans les moins peupl\u00e9s, c&rsquo;\u00e9tait tout les 9999. Il aurait suffit qu&rsquo;on ajoute donc un chiffre des milliers au num\u00e9ro le plus \u00e0 gauche de la plaque pour que le syst\u00e8me perdure quelques d\u00e9cennies. Pas la place, me direz-vous ? Bien s\u00fbr que si. Il suffisait de retirer la partie \u00e0 l&rsquo;extr\u00eame gauche de la plaque, bleue avec de ridicules \u00e9toiles jaunes, pour ajouter ce chiffre salvateur. Charge ensuite \u00e0 l&rsquo;automobiliste de coller un autocollant F s&rsquo;il souhaite changer de pays en auto, ou m\u00eame, je fais un effort, d&rsquo;en ajouter un avec le drapeau europ\u00e9en s&rsquo;il souhaite changer de continent.<\/p>\n<p>L&rsquo;Europe, justement ! C&rsquo;est elle nous obligerait \u00e0 passer \u00e0 ces plaques uniformis\u00e9es dans un but d&rsquo;harmonisation. En fait, elle ne nous oblige \u00e0 rien du tout. Aucun r\u00e9glement ni directive ne l&rsquo;impose. Ou alors, on se demande bien pourquoi certains pays s&rsquo;y mettent (Italie, Pays-Bas) alors que d&rsquo;autres, comme l&rsquo;Allemagne, conservent leur syst\u00e8me national.<\/p>\n<p>Ensuite, le nouveau syst\u00e8me permettrait une meilleure pr\u00e9vention contre le vol des v\u00e9hicules, ces derniers conservant la m\u00eame immatriculation, de la sortie des cha\u00eenes de montage \u00e0 la casse. Possible. Mais, ce l\u00e9ger avantage est largement contrebalanc\u00e9 par un inconv\u00e9nient majeur que des gendarmes, plus au fait du terrain que les \u00e9narques de la Place Beauveau, m&rsquo;ont confirm\u00e9 : dans une enqu\u00eate, l&rsquo;ancienne num\u00e9rotation d\u00e9partementale permettait de recueillir des t\u00e9moignages s\u00fbrs. Une voiture immatricul\u00e9e 93 ou 92, par exemple, ne passe pas inaper\u00e7ue dans la Creuse ou la Loz\u00e8re. Trouver un v\u00e9hicule Peugeot 306 de couleur grise avec un phare cass\u00e9 et immatricul\u00e9 dans l&rsquo;Indre, c&rsquo;est beaucoup plus facile que de trouver le m\u00eame v\u00e9hicule immatricul\u00e9 dans un syst\u00e8me \u00e9tendu sur le territoire national.<\/p>\n<p>Enfin, le nouveau syst\u00e8me permettrait d&rsquo;\u00e9conomiser des postes en supprimant les services \u00ab\u00a0cartes grises\u00a0\u00bb de toutes nos pr\u00e9fectures. A la louche, c&rsquo;est combien de fonctionnaires en moins sur toute la France ? Quelques centaines&#8230; Tout \u00e7a pour \u00e7a ? Bigre !<\/p>\n<p>En fait, cette d\u00e9cision ne r\u00e9pond qu&rsquo;\u00e0 un seul objectif. Il est id\u00e9ologique. Il s&rsquo;agit de bien montrer que l\u00e0 encore, il faut s&rsquo;a-dap-ter. Il faut quitter nos lubies fran\u00e7aises et faire comme les autres. En finir avec le mod\u00e8le fran\u00e7ais, qu&rsquo;il soit social, r\u00e9publicain ou administratif. Et complaire \u00e0 tous les rapports Attali de la Terre. Ce n&rsquo;est donc pas un hasard si c&rsquo;est sous l&rsquo;impulsion de Nicolas Sarkozy qu&rsquo;a \u00e9t\u00e9 initi\u00e9e cette r\u00e9forme et sous son mandat qu&rsquo;elle a \u00e9t\u00e9 mise en place. Quand Nicolas Sarkozy se plaint du fait que les magasins ne soient pas ouverts le dimanche pour Madame Obama et ses fillettes, cela participe de la m\u00eame r\u00e9flexion.<\/p>\n<p>Pour ma part, je vois tout de m\u00eame un avantage \u00e0 ces plaques de la mondialisation. Dans vingt ans, dans trente ans, dans cinquante m\u00eame, elles rappelleront \u00e0 notre peuple qu&rsquo;il a un jour permis \u00e0 Nicolas Sarkozy d&rsquo;acc\u00e9der \u00e0 la pr\u00e9sidence de la R\u00e9publique. Un ch\u00e2timent pour les yeux. Mais m\u00e9rit\u00e9.<\/p>\n","protected":false},"excerpt":{"rendered":"<p>Un ch\u00e2timent pour les yeux<\/p>\n","protected":false},"author":10,"featured_media":0,"comment_status":"open","ping_status":"closed","sticky":false,"template":"","format":"standard","meta":{"footnotes":""},"categories":[5],"tags":[],"class_list":{"0":"post-352","1":"post","2":"type-post","3":"status-publish","4":"format-standard","6":"category-sulfate"},"_links":{"self":[{"href":"https:\/\/blog.causeur.fr\/antidote\/wp-json\/wp\/v2\/posts\/352","targetHints":{"allow":["GET"]}}],"collection":[{"href":"https:\/\/blog.causeur.fr\/antidote\/wp-json\/wp\/v2\/posts"}],"about":[{"href":"https:\/\/blog.causeur.fr\/antidote\/wp-json\/wp\/v2\/types\/post"}],"author":[{"embeddable":true,"href":"https:\/\/blog.causeur.fr\/antidote\/wp-json\/wp\/v2\/users\/10"}],"replies":[{"embeddable":true,"href":"https:\/\/blog.causeur.fr\/antidote\/wp-json\/wp\/v2\/comments?post=352"}],"version-history":[{"count":0,"href":"https:\/\/blog.causeur.fr\/antidote\/wp-json\/wp\/v2\/posts\/352\/revisions"}],"wp:attachment":[{"href":"https:\/\/blog.causeur.fr\/antidote\/wp-json\/wp\/v2\/media?parent=352"}],"wp:term":[{"taxonomy":"category","embeddable":true,"href":"https:\/\/blog.causeur.fr\/antidote\/wp-json\/wp\/v2\/categories?post=352"},{"taxonomy":"post_tag","embeddable":true,"href":"https:\/\/blog.causeur.fr\/antidote\/wp-json\/wp\/v2\/tags?post=352"}],"curies":[{"name":"wp","href":"https:\/\/api.w.org\/{rel}","templated":true}]}}