{"id":354,"date":"2009-08-12T07:01:36","date_gmt":"2009-08-12T06:01:36","guid":{"rendered":"http:\/\/carnet.causeur.fr\/antidote\/?p=354"},"modified":"2021-04-26T16:12:03","modified_gmt":"2021-04-26T14:12:03","slug":"france-2-chasse-les-voleurs-de-deuil","status":"publish","type":"post","link":"https:\/\/blog.causeur.fr\/antidote\/france-2-chasse-les-voleurs-de-deuil-354","title":{"rendered":"France 2 chasse les voleurs de deuil"},"content":{"rendered":"<p>C&rsquo;est un grand moment de t\u00e9l\u00e9vision auquel nous avons assist\u00e9 hier soir. Olivier Galzi, qui a l&rsquo;honneur de pr\u00e9senter la grande messe de 20h sur France 2 pendant la belle saison, en est \u00e0 la mi-journal. Et il en arrive au sujet importantissime de la soir\u00e9e.<\/p>\n<p>Cela se passe aux Etats-Unis. De l&rsquo;autre c\u00f4t\u00e9 de l&rsquo;Atlantique, nous conte en substance Galzi, <em>\u00ab\u00a0C&rsquo;est LA question du jour : Micha\u00ebl Jackson a t-il finalement \u00e9t\u00e9 d\u00e9j\u00e0 enterr\u00e9, en cachette?\u00a0\u00bb<\/em>. Et, c&rsquo;est l\u00e0 qu&rsquo;il faut \u00eatre bien assis, il ajoute :<em>\u00ab\u00a0Les milliers de fans, qui craignent ce soir d&rsquo;avoir \u00e9t\u00e9 vol\u00e9s dans leur deuil, ont-ils raison ? \u00ab\u00a0<\/em>. Suit un \u00e9mouvant duplex avec un journaliste, avec la gueule d&rsquo;enterrement de circonstance, \u00e0 propos de cette si troublante nouvelle.<\/p>\n<p>C&rsquo;est grave, semble t-il, de voler le deuil \u00e0 des fans. On attend les plaintes, les constitutions de partie civile, et bien s\u00fbr les cellules d&rsquo;\u00e9coute psychologique. Un juge pourrait m\u00eame exiger l&rsquo;exhumation du corps \u00e0 des fins de r\u00e9-inhumation pour rendre leur deuil \u00e0 tous ces admirateurs injustement d\u00e9lest\u00e9s.<\/p>\n<p>En attendant le ch\u00e2timent l\u00e9gitime de ces salauds de voleurs de deuil, je voudrais dire ici que je suis tr\u00e8s heureux de payer ma redevance. Trente minutes avant une nouvelle diffusion de Fant\u00f4mas, l&rsquo;humour \u00e9tait d\u00e9j\u00e0 au rendez-vous sur la cha\u00eene publique. Un conseil \u00e0 Olivier Galzi : qu&rsquo;il se lance dans le standeupe.<\/p>\n<p><em><span style=\"color: #ff0000\">Photo en Une : Capture d&rsquo;\u00e9cran- France 2<\/span><\/em><\/p>\n","protected":false},"excerpt":{"rendered":"<p>Piti\u00e9 pour les fans !<\/p>\n","protected":false},"author":10,"featured_media":0,"comment_status":"open","ping_status":"closed","sticky":false,"template":"","format":"standard","meta":{"footnotes":""},"categories":[4],"tags":[],"class_list":{"0":"post-354","1":"post","2":"type-post","3":"status-publish","4":"format-standard","6":"category-oxygene"},"_links":{"self":[{"href":"https:\/\/blog.causeur.fr\/antidote\/wp-json\/wp\/v2\/posts\/354","targetHints":{"allow":["GET"]}}],"collection":[{"href":"https:\/\/blog.causeur.fr\/antidote\/wp-json\/wp\/v2\/posts"}],"about":[{"href":"https:\/\/blog.causeur.fr\/antidote\/wp-json\/wp\/v2\/types\/post"}],"author":[{"embeddable":true,"href":"https:\/\/blog.causeur.fr\/antidote\/wp-json\/wp\/v2\/users\/10"}],"replies":[{"embeddable":true,"href":"https:\/\/blog.causeur.fr\/antidote\/wp-json\/wp\/v2\/comments?post=354"}],"version-history":[{"count":0,"href":"https:\/\/blog.causeur.fr\/antidote\/wp-json\/wp\/v2\/posts\/354\/revisions"}],"wp:attachment":[{"href":"https:\/\/blog.causeur.fr\/antidote\/wp-json\/wp\/v2\/media?parent=354"}],"wp:term":[{"taxonomy":"category","embeddable":true,"href":"https:\/\/blog.causeur.fr\/antidote\/wp-json\/wp\/v2\/categories?post=354"},{"taxonomy":"post_tag","embeddable":true,"href":"https:\/\/blog.causeur.fr\/antidote\/wp-json\/wp\/v2\/tags?post=354"}],"curies":[{"name":"wp","href":"https:\/\/api.w.org\/{rel}","templated":true}]}}