{"id":36,"date":"2008-09-03T17:19:16","date_gmt":"2008-09-03T16:19:16","guid":{"rendered":"http:\/\/carnet.causeur.fr\/antidote\/?p=36"},"modified":"2021-04-26T16:12:18","modified_gmt":"2021-04-26T14:12:18","slug":"violations-de-domiciles","status":"publish","type":"post","link":"https:\/\/blog.causeur.fr\/antidote\/violations-de-domiciles-36","title":{"rendered":"Violation(s) de domicile(s)"},"content":{"rendered":"<p>Le pr\u00e9fet charg\u00e9 de la s\u00e9curit\u00e9 de la R\u00e9gion Corse vient d&rsquo;\u00eatre limog\u00e9 pour ne pas avoir fait respecter le droit de propri\u00e9t\u00e9 et ne pas s&rsquo;\u00eatre efficacement oppos\u00e9 \u00e0 la violation de domiclle de Monsieur Christian Clavier \u00e0 Porto-Vecchio.<\/p>\n<p>Primo, toutes les atteintes au Droit et notamment celui de propri\u00e9t\u00e9 sont elles \u00e0 ce point si peu courantes en Corse qu&rsquo;il faille limoger un haut-fonctionnaire dans le cas pr\u00e9sent. Non. Les Villas plastiqu\u00e9es depuis des ann\u00e9es par les ind\u00e9pendantistes (anciens alli\u00e9s \u00e9lectoraux de l&rsquo;UMP) n&rsquo;ont jamais fait l&rsquo;objet de telles mesures. De m\u00eame, je n&rsquo;ai pas entendu le moindre ministre s&rsquo;\u00e9mouvoir lorsque les s\u00e9paratistes menac\u00e8rent les citoyens fran\u00e7ais non originaires de Corse mais y vivant de r\u00e9torsions si l&rsquo;id\u00e9e leur venait de participer aux \u00e9lections municipales. Ce genre de menace me para\u00eet tout de m\u00eame beaucoup plus grave que les derniers \u00e9v\u00e8nements.<\/p>\n<p>Secondo, lorsqu&rsquo;une dirigeante de l&rsquo;opposition fut victime \u00e0 plusieurs reprises de violations de domicile et qu&rsquo;elle s&rsquo;en est \u00e9mue, il n&rsquo;y eut pas de fonctionnaire limog\u00e9. La garde rapproch\u00e9e du Pr\u00e9sident de la R\u00e9publique mit m\u00eame en doute son \u00e9quilibre psychologique.<\/p>\n<p>Conclusion qui s&rsquo;impose : de nos jours, il vaut mieux \u00eatre une fausse copie de Louis de Fun\u00e8s proche du Pouvoir qu&rsquo;une admiratrice de Juliette Gr\u00e9co.<\/p>\n","protected":false},"excerpt":{"rendered":"<p>Le pr\u00e9fet charg\u00e9 de la s\u00e9curit\u00e9 de la R\u00e9gion Corse vient d&rsquo;\u00eatre limog\u00e9 pour ne pas avoir fait respecter le droit de propri\u00e9t\u00e9 et ne pas s&rsquo;\u00eatre efficacement oppos\u00e9 \u00e0 la violation de domiclle de Monsieur Christian Clavier \u00e0 Porto-Vecchio. Primo, toutes les atteintes au Droit et notamment celui de propri\u00e9t\u00e9 sont elles \u00e0 ce [&hellip;]<\/p>\n","protected":false},"author":10,"featured_media":0,"comment_status":"open","ping_status":"closed","sticky":false,"template":"","format":"standard","meta":{"footnotes":""},"categories":[4],"tags":[],"class_list":{"0":"post-36","1":"post","2":"type-post","3":"status-publish","4":"format-standard","6":"category-oxygene"},"_links":{"self":[{"href":"https:\/\/blog.causeur.fr\/antidote\/wp-json\/wp\/v2\/posts\/36","targetHints":{"allow":["GET"]}}],"collection":[{"href":"https:\/\/blog.causeur.fr\/antidote\/wp-json\/wp\/v2\/posts"}],"about":[{"href":"https:\/\/blog.causeur.fr\/antidote\/wp-json\/wp\/v2\/types\/post"}],"author":[{"embeddable":true,"href":"https:\/\/blog.causeur.fr\/antidote\/wp-json\/wp\/v2\/users\/10"}],"replies":[{"embeddable":true,"href":"https:\/\/blog.causeur.fr\/antidote\/wp-json\/wp\/v2\/comments?post=36"}],"version-history":[{"count":0,"href":"https:\/\/blog.causeur.fr\/antidote\/wp-json\/wp\/v2\/posts\/36\/revisions"}],"wp:attachment":[{"href":"https:\/\/blog.causeur.fr\/antidote\/wp-json\/wp\/v2\/media?parent=36"}],"wp:term":[{"taxonomy":"category","embeddable":true,"href":"https:\/\/blog.causeur.fr\/antidote\/wp-json\/wp\/v2\/categories?post=36"},{"taxonomy":"post_tag","embeddable":true,"href":"https:\/\/blog.causeur.fr\/antidote\/wp-json\/wp\/v2\/tags?post=36"}],"curies":[{"name":"wp","href":"https:\/\/api.w.org\/{rel}","templated":true}]}}