{"id":368,"date":"2009-08-23T09:53:10","date_gmt":"2009-08-23T08:53:10","guid":{"rendered":"http:\/\/carnet.causeur.fr\/antidote\/?p=368"},"modified":"2021-04-26T16:11:42","modified_gmt":"2021-04-26T14:11:42","slug":"sur-le-pre","status":"publish","type":"post","link":"https:\/\/blog.causeur.fr\/antidote\/sur-le-pre-368","title":{"rendered":"Sur le pr\u00e9"},"content":{"rendered":"<p>Mercredi matin, Monsieur Pascal Jalabert, r\u00e9dacteur en chef du Progr\u00e8s de Lyon, \u00e9crivait <a href=\"http:\/\/www.leprogres.fr\/fr\/france-monde\/article\/1890793,192\/Les-lecons-de-l-UMP.html\" target=\"_blank\" rel=\"noopener\">un \u00e9ditorial <\/a>que j&rsquo;ai d\u00e9nich\u00e9 sur Internet, mais dont j&rsquo;imagine qu&rsquo;il a \u00e9t\u00e9 publi\u00e9 sur l&rsquo;\u00e9dition papier.<\/p>\n<p><em>\u00ab\u00a0Du nouveau centre \u00e0 la vieille droite conservatrice, de la gauche moderne aux radicaux \u00e0 l&rsquo;ancienne, l&rsquo;UMP ne cesse d&rsquo;ouvrir portes et fen\u00eatres sans se soucier des grincements ni des grincheux. Ces derniers, les Boutin, Villepin, Dupont-Aignan, n&rsquo;osent d&rsquo;ailleurs pas quitter la maison Sarkozy avec leur carr\u00e9 de fid\u00e8les au moment o\u00f9 Villiers et les chasseurs sont dans le hall d&rsquo;entr\u00e9e.\u00a0\u00bb<\/em><\/p>\n<p>Voil\u00e0 ce qu&rsquo;\u00e9crit ce monsieur. Or, il n&rsquo;aura \u00e9chapp\u00e9 \u00e0 aucun observateur que si Christine Boutin et Dominique de Villepin figurent encore parmi les adh\u00e9rents de l&rsquo;UMP, Nicolas Dupont-Aignan l&rsquo;a quitt\u00e9e depuis deux ans et demi d\u00e9j\u00e0. Il a, de plus, pr\u00e9sent\u00e9 des listes ind\u00e9pendantes dans toute la France m\u00e9tropolitaine aux derni\u00e8res \u00e9lections europ\u00e9ennes. C&rsquo;est d&rsquo;ailleurs Mich\u00e8le Vian\u00e8s, une \u00e9lue de l&rsquo;agglom\u00e9ration lyonnaise, que ne peut m\u00e9conna\u00eetre Monsieur Jalabert, qui a conduit la liste du Sud-est. Debout la R\u00e9publique a fait un score modeste (autour des 2 %) mais tout de m\u00eame sup\u00e9rieur \u00e0 celui de Lutte Ouvri\u00e8re, parti bien ancr\u00e9 dans le paysage politique fran\u00e7ais.<\/p>\n<p>Il est absolument impossible que Monsieur Jalabert ne connaisse pas cette situation. Ou alors, ses patrons doivent le virer tout de suite. Restent deux solutions : la malveillance et la n\u00e9gligence. Soit ce plumitif a, de mani\u00e8re militante, sciemment nui \u00e0 Nicolas Dupont-Aignan en brouillant totalement son positionnement par rapport au pr\u00e9sident de la R\u00e9publique et \u00e0 l&rsquo;UMP. Soit, il a jug\u00e9 que Boutin et Villepin, c&rsquo;\u00e9tait insuffisant pour \u00e9tayer sa piteuse d\u00e9monstration, et il en a rajout\u00e9 un troisi\u00e8me en pensant que cela ne mangeait pas de pain, apr\u00e8s tout. Je ne vous cache pas que je privil\u00e9gie cette derni\u00e8re hypoth\u00e8se.<\/p>\n<p>Dans les deux cas, c&rsquo;est absolument scandaleux. Je conseille \u00e9videmment \u00e0 Nicolas Dupont-Aignan de harceler ce monsieur qui n&rsquo;a de journaliste que le nom. Afin qu&rsquo;il obtienne des excuses publiques dans un prochain \u00e9ditorial. Et si ce Jalabert ne veut pas obtemp\u00e9rer, que le pr\u00e9sident de DLR ne passe pas par la justice. Vous savez que <a href=\"http:\/\/carnet.causeur.fr\/antidote\/le-liberalisme-et-le-parapluie,00361\" target=\"_blank\" rel=\"noopener\">le go\u00fbt du proc\u00e8s m&rsquo;est \u00e9tranger<\/a>. Qu&rsquo;il l&rsquo;invite plut\u00f4t sur le pr\u00e9. A mains nues.<\/p>\n<p><em><strong><span style=\"color: #ff0000\">Photo en Une : le duel qui opposa Gaston Defferre et Ren\u00e9 Ribi\u00e8re. Ils n&rsquo;eurent pas besoin de juge.<\/span><\/strong><\/em><\/p>\n","protected":false},"excerpt":{"rendered":"<p>Pour rosser un plumitif lyonnais<\/p>\n","protected":false},"author":10,"featured_media":0,"comment_status":"open","ping_status":"closed","sticky":false,"template":"","format":"standard","meta":{"footnotes":""},"categories":[5],"tags":[],"class_list":{"0":"post-368","1":"post","2":"type-post","3":"status-publish","4":"format-standard","6":"category-sulfate"},"_links":{"self":[{"href":"https:\/\/blog.causeur.fr\/antidote\/wp-json\/wp\/v2\/posts\/368","targetHints":{"allow":["GET"]}}],"collection":[{"href":"https:\/\/blog.causeur.fr\/antidote\/wp-json\/wp\/v2\/posts"}],"about":[{"href":"https:\/\/blog.causeur.fr\/antidote\/wp-json\/wp\/v2\/types\/post"}],"author":[{"embeddable":true,"href":"https:\/\/blog.causeur.fr\/antidote\/wp-json\/wp\/v2\/users\/10"}],"replies":[{"embeddable":true,"href":"https:\/\/blog.causeur.fr\/antidote\/wp-json\/wp\/v2\/comments?post=368"}],"version-history":[{"count":0,"href":"https:\/\/blog.causeur.fr\/antidote\/wp-json\/wp\/v2\/posts\/368\/revisions"}],"wp:attachment":[{"href":"https:\/\/blog.causeur.fr\/antidote\/wp-json\/wp\/v2\/media?parent=368"}],"wp:term":[{"taxonomy":"category","embeddable":true,"href":"https:\/\/blog.causeur.fr\/antidote\/wp-json\/wp\/v2\/categories?post=368"},{"taxonomy":"post_tag","embeddable":true,"href":"https:\/\/blog.causeur.fr\/antidote\/wp-json\/wp\/v2\/tags?post=368"}],"curies":[{"name":"wp","href":"https:\/\/api.w.org\/{rel}","templated":true}]}}