{"id":383,"date":"2009-09-07T20:50:30","date_gmt":"2009-09-07T19:50:30","guid":{"rendered":"http:\/\/carnet.causeur.fr\/antidote\/?p=383"},"modified":"2021-04-26T16:11:42","modified_gmt":"2021-04-26T14:11:42","slug":"reniement-mortel-au-modem","status":"publish","type":"post","link":"https:\/\/blog.causeur.fr\/antidote\/reniement-mortel-au-modem-383","title":{"rendered":"Reniement mortel au MoDem"},"content":{"rendered":"<p>Marielle de Sarnez avait lev\u00e9 le voile il y a deux semaines \u00e0 Marseille. Hier, aux universit\u00e9s d&rsquo;\u00e9t\u00e9 du MoDem et ce soir chez Denisot, Fran\u00e7ois Bayrou a annonc\u00e9 qu&rsquo;il faisait \u00e0 nouveau partie d&rsquo;un camp.<\/p>\n<p>Bayrou, un camp ! On a bien entendu. Pendant des ann\u00e9es, il refusait l&rsquo;id\u00e9e m\u00eame que la France soit s\u00e9par\u00e9e en deux camps. Il a construit sa pr\u00e9sidentielle sur ce th\u00e8me et a r\u00e9ussi \u00e0 rassembler 19 % des suffrages. Et aujourd&rsquo;hui, il rend les armes. Bien s\u00fbr, il ne retourne pas \u00e0 la niche umpiste. Quitte \u00e0 se renier, il d\u00e9cide de passer du c\u00f4t\u00e9 gauche, ce c\u00f4t\u00e9 qu&rsquo;il n&rsquo;avait pas voulu rejoindre entre les deux tours alors que S\u00e9gol\u00e8ne Royal lui offrait Matignon et l&rsquo;attendait en bas de la rue.<\/p>\n<p>Alors, certes, on peut se dire que Bayrou fait preuve de pragmatisme et qu&rsquo;il prend acte de l&rsquo;impossibilit\u00e9 de d\u00e9passer le clivage droite-gauche dans un syst\u00e8me politique m\u00e9caniquement bipolaris\u00e9 par le scrutin majoritaire \u00e0 deux tours. On peut estimer qu&rsquo;\u00e0 l&rsquo;instar de Philippe de Villiers, il s&rsquo;affranchit de son ind\u00e9pendance dans un souci d&rsquo;efficacit\u00e9.<\/p>\n<p>Admettons. Mais pourquoi diable le faire avec de tels mots. Un bon joueur de poker doit tout de m\u00eame savoir cacher un peu son jeu. M\u00eame s&rsquo;il a l&rsquo;intention, dans son for int\u00e9rieur, de pencher du c\u00f4t\u00e9 gauche dans les prochains seconds tours, pourquoi l&rsquo;annoncer aussi t\u00f4t et, surtout, utiliser un champ lexical qui donne l&rsquo;impression qu&rsquo;il renie tout ce qu&rsquo;il a dit depuis plus de sept ans ? C&rsquo;est absolument incompr\u00e9hensible pour ceux qui ont \u00e9t\u00e9 ses \u00e9lecteurs. Si encore l&rsquo;anti-sarkozysme avait continu\u00e9 \u00e0 cimenter la vie politique. Mais il y a eu la crise. Mais il y a eu les \u00e9lections europ\u00e9ennes. La premi\u00e8re a donn\u00e9 l&rsquo;occasion au Pr\u00e9sident de la R\u00e9publique de vouloir se recentrer, se montrer[1. Se montrer, seulement] moins favorable au n\u00e9o-lib\u00e9ralisme que son pass\u00e9 et sa r\u00e9putation ne le laissaient entendre. Les secondes ont d\u00e9montr\u00e9 que les Fran\u00e7ais n&rsquo;avaient certes pas une grande confiance en Nicolas Sarkozy, mais qu&rsquo;ils attendaient aussi en vain l&rsquo;esquisse d&rsquo;une alternative cr\u00e9dible et que l&rsquo;anti-sarkozysme ne pouvait suffire \u00e0 cimenter cette derni\u00e8re.<\/p>\n<p>Non seulement Fran\u00e7ois Bayrou a tort de renier aussi ouvertement son combat trans-clivage mais il le fait donc au plus mauvais moment. On dit qu&rsquo;il a pr\u00e9cipit\u00e9 cette d\u00e9cision dans le but de casser le Parti Socialiste en deux et de devenir le meilleur candidat du centre-gauche. Mais dans ce cas, non seulement le champ des candidats possibles est largement embouteill\u00e9 (Royal, DSK, Aubry, Valls et pourquoi pas Peillon ou Moscovici), mais en plus il a, sans aucun doute possible, deux ou trois longueurs de retard sur la pr\u00e9sidente de Poitou-Charente. A moins qu&rsquo;il ne parie sur la d\u00e9faite de celle-ci aux prochaines \u00e9lections r\u00e9gionales. M\u00eame dans ce cas l\u00e0, mieux aurait valu attendre le printemps et ce scrutin si p\u00e9rilleux pour le PS. Entre les deux tours de cette \u00e9lection locale, il aurait pu, en fusionnant ses listes avec celles du PS, appara\u00eetre comme le sauveur-surprise des ex\u00e9cutifs de gauche.<\/p>\n<p>Et c&rsquo;est l\u00e0 qu&rsquo;on peut trouver la raison de la faute de Bayrou. En faisant ce calcul, il apparaissait aux yeux des militants du MoDem comme quelqu&rsquo;un qui ne pense qu&rsquo;\u00e0 sa pomme. Autour de lui, beaucoup commencent \u00e0 avoir peur de ne pas demeurer ou devenir conseillers r\u00e9gionaux. Et ils pr\u00e9f\u00e8rent assurer le coup en n\u00e9gociant d\u00e8s avant le premier tour. Je n&rsquo;\u00e9tais pas aux universit\u00e9s d&rsquo;\u00e9t\u00e9 du MoDem et je n&rsquo;ai pas eu l&rsquo;occasion de m&rsquo;entretenir avec un seul de ses militants mais, de loin, on observe tout de m\u00eame que l&rsquo;antienne \u00ab\u00a0Bayrou joue perso\u00a0\u00bb commen\u00e7ait \u00e0 devenir plut\u00f4t populaire.<\/p>\n<p>Le probl\u00e8me, c&rsquo;est qu&rsquo;en se donnant ainsi au PS et \u00e0 ceux, comme S\u00e9gol\u00e8ne Royal, qui souhaitent l&rsquo;alliance avec le MoDem, Fran\u00e7ois Bayrou risque de ne plus jamais d\u00e9passer le petit score qu&rsquo;il a r\u00e9alis\u00e9 en juin dernier. Et il est bien possible que cette position de modeste force d&rsquo;appoint ne lui donne pas cette fois la proposition d&rsquo;entrer \u00e0 Matignon.<\/p>\n<p>Peut-\u00eatre un minist\u00e8re d&rsquo;Etat. Si Sarkozy ne gagne pas. Tout \u00e7a pour \u00e7a !<\/p>\n","protected":false},"excerpt":{"rendered":"<p>Bayrou creuse sa propre tombe<\/p>\n","protected":false},"author":10,"featured_media":0,"comment_status":"open","ping_status":"closed","sticky":false,"template":"","format":"standard","meta":{"footnotes":""},"categories":[5],"tags":[],"class_list":{"0":"post-383","1":"post","2":"type-post","3":"status-publish","4":"format-standard","6":"category-sulfate"},"_links":{"self":[{"href":"https:\/\/blog.causeur.fr\/antidote\/wp-json\/wp\/v2\/posts\/383","targetHints":{"allow":["GET"]}}],"collection":[{"href":"https:\/\/blog.causeur.fr\/antidote\/wp-json\/wp\/v2\/posts"}],"about":[{"href":"https:\/\/blog.causeur.fr\/antidote\/wp-json\/wp\/v2\/types\/post"}],"author":[{"embeddable":true,"href":"https:\/\/blog.causeur.fr\/antidote\/wp-json\/wp\/v2\/users\/10"}],"replies":[{"embeddable":true,"href":"https:\/\/blog.causeur.fr\/antidote\/wp-json\/wp\/v2\/comments?post=383"}],"version-history":[{"count":0,"href":"https:\/\/blog.causeur.fr\/antidote\/wp-json\/wp\/v2\/posts\/383\/revisions"}],"wp:attachment":[{"href":"https:\/\/blog.causeur.fr\/antidote\/wp-json\/wp\/v2\/media?parent=383"}],"wp:term":[{"taxonomy":"category","embeddable":true,"href":"https:\/\/blog.causeur.fr\/antidote\/wp-json\/wp\/v2\/categories?post=383"},{"taxonomy":"post_tag","embeddable":true,"href":"https:\/\/blog.causeur.fr\/antidote\/wp-json\/wp\/v2\/tags?post=383"}],"curies":[{"name":"wp","href":"https:\/\/api.w.org\/{rel}","templated":true}]}}