{"id":39,"date":"2008-08-11T17:21:16","date_gmt":"2008-08-11T16:21:16","guid":{"rendered":"http:\/\/carnet.causeur.fr\/antidote\/?p=39"},"modified":"2021-04-26T16:12:18","modified_gmt":"2021-04-26T14:12:18","slug":"pompier-pyromane","status":"publish","type":"post","link":"https:\/\/blog.causeur.fr\/antidote\/pompier-pyromane-39","title":{"rendered":"Pompier pyromane"},"content":{"rendered":"<p>Monsieur Kouchner s&rsquo;est donc rendu sur les lieux de l&rsquo;incendie qu&rsquo;il avait particip\u00e9 \u00e0 allumer. En se rendant en G\u00e9orgie, il est all\u00e9 au nom de ce suppl\u00e9tif de l&rsquo;Am\u00e9rique qu&rsquo;est devenue l&rsquo;Union Europ\u00e9enne, demander aux b\u00e9llig\u00e9rants de cesser le combat en Oss\u00e9tie du Sud.<\/p>\n<p>En faisant partie de ceux qui en 1999, demandaient d\u00e9j\u00e0 l&rsquo;ind\u00e9pendance du Kosovo, en gouvernant cette Province dans la seule optique du s\u00e9paratisme de cette r\u00e9gion serbe, en se pr\u00e9cipitant pour en reconna\u00eetre le gouvernement mafieux et cela en violation du droit international, Monsieur Kouchner avait pourtant bien particip\u00e9 \u00e0 la promotion des s\u00e9paratismes ethniques. Comment peut-on vouloir un Kosovo ind\u00e9pendant et refuser une Oss\u00e9tie du Sud libre ? Parce que les G\u00e9orgiens sont de gentils candidats \u00e0 l&rsquo;OTAN et que les Serbes sont des m\u00e9chants russophiles (et francophiles aussi avant que Lui et ses amis BHL et Sarkozy n&rsquo;y mettent bon ordre&#8230;) ? Monsieur Kouchner serait un agent de la CIA qu&rsquo;il ne s&rsquo;y prendrait pas autrement. Son amiti\u00e9 avec Paul Kagam\u00e9 qui attaque aujourd&rsquo;hui la France pour g\u00e9nocide actif au Rwanda plaide aussi en ce sens.<\/p>\n<p>Cette destruction m\u00e9thodique de la diplomatie d&rsquo;ind\u00e9pendance initi\u00e9e par le G\u00e9n\u00e9ral de Gaulle, sous l&rsquo;\u00e9gide d&rsquo;un pr\u00e9sident encore davantage atlantiste que les gouvernements de la IVe R\u00e9publique, n&rsquo;est pas celle d&rsquo;un agent de la CIA.<\/p>\n<p>Car Kouchner, lui, n&rsquo;est pas r\u00e9mum\u00e9r\u00e9 par le gouvernement am\u00e9ricain. Il est pay\u00e9 par le contribuable fran\u00e7ais. Et c&rsquo;est beaucoup plus grave.<\/p>\n","protected":false},"excerpt":{"rendered":"<p>Monsieur Kouchner s&rsquo;est donc rendu sur les lieux de l&rsquo;incendie qu&rsquo;il avait particip\u00e9 \u00e0 allumer. En se rendant en G\u00e9orgie, il est all\u00e9 au nom de ce suppl\u00e9tif de l&rsquo;Am\u00e9rique qu&rsquo;est devenue l&rsquo;Union Europ\u00e9enne, demander aux b\u00e9llig\u00e9rants de cesser le combat en Oss\u00e9tie du Sud. En faisant partie de ceux qui en 1999, demandaient d\u00e9j\u00e0 [&hellip;]<\/p>\n","protected":false},"author":10,"featured_media":0,"comment_status":"open","ping_status":"closed","sticky":false,"template":"","format":"standard","meta":{"footnotes":""},"categories":[4],"tags":[],"class_list":{"0":"post-39","1":"post","2":"type-post","3":"status-publish","4":"format-standard","6":"category-oxygene"},"_links":{"self":[{"href":"https:\/\/blog.causeur.fr\/antidote\/wp-json\/wp\/v2\/posts\/39","targetHints":{"allow":["GET"]}}],"collection":[{"href":"https:\/\/blog.causeur.fr\/antidote\/wp-json\/wp\/v2\/posts"}],"about":[{"href":"https:\/\/blog.causeur.fr\/antidote\/wp-json\/wp\/v2\/types\/post"}],"author":[{"embeddable":true,"href":"https:\/\/blog.causeur.fr\/antidote\/wp-json\/wp\/v2\/users\/10"}],"replies":[{"embeddable":true,"href":"https:\/\/blog.causeur.fr\/antidote\/wp-json\/wp\/v2\/comments?post=39"}],"version-history":[{"count":0,"href":"https:\/\/blog.causeur.fr\/antidote\/wp-json\/wp\/v2\/posts\/39\/revisions"}],"wp:attachment":[{"href":"https:\/\/blog.causeur.fr\/antidote\/wp-json\/wp\/v2\/media?parent=39"}],"wp:term":[{"taxonomy":"category","embeddable":true,"href":"https:\/\/blog.causeur.fr\/antidote\/wp-json\/wp\/v2\/categories?post=39"},{"taxonomy":"post_tag","embeddable":true,"href":"https:\/\/blog.causeur.fr\/antidote\/wp-json\/wp\/v2\/tags?post=39"}],"curies":[{"name":"wp","href":"https:\/\/api.w.org\/{rel}","templated":true}]}}