{"id":390,"date":"2009-09-13T20:28:28","date_gmt":"2009-09-13T19:28:28","guid":{"rendered":"http:\/\/carnet.causeur.fr\/antidote\/?p=390"},"modified":"2021-04-26T16:11:42","modified_gmt":"2021-04-26T14:11:42","slug":"la-toile-ideale-chevre-emissaire","status":"publish","type":"post","link":"https:\/\/blog.causeur.fr\/antidote\/la-toile-ideale-chevre-emissaire-390","title":{"rendered":"La Toile, id\u00e9ale ch\u00e8vre-\u00e9missaire"},"content":{"rendered":"<p>A \u00e9couter les commentaires qui ont suivi l&rsquo;affaire Hortefeux, il semble y avoir deux coupables. Le ministre, bien entendu, et Internet.<\/p>\n<p>Passons sur Hortefeux. Philippe Cohen a tr\u00e8s bien r\u00e9sum\u00e9 ce que je pense aussi et je renvoie mes lecteurs \u00e0 son <a href=\"http:\/\/www.marianne2.fr\/Hortefeux,-l-arroseur-arrose_a182069.html\" target=\"_blank\" rel=\"noopener\">excellent papier de vendredi matin sur Marianne2.fr<\/a>. Arr\u00eatons nous en revanche sur Internet. L&rsquo;orwellisation de la soci\u00e9t\u00e9 serait en route, ce qui n&rsquo;est pas douteux, et Internet en serait la cause principale, ce qui, on le verra, l&rsquo;est davantage.<\/p>\n<p>D&rsquo;abord, examinons ces vid\u00e9os qui ont eu du succ\u00e8s sur Internet ces derniers mois, parfois vol\u00e9es, ce qui confine effectivement \u00e0 Big Brother, mais pas toujours : Sarkozy au salon de l&rsquo;agriculture ? Le Parisien ! Valls et son besoin de whites et de blancos ? Une cam\u00e9ra et un micro accept\u00e9s au pr\u00e9alable par le d\u00e9put\u00e9-maire d&rsquo;Evry ! Hortefeux ? Public S\u00e9nat[1. Ce qui, d&rsquo;ailleurs, n&rsquo;a pas manqu\u00e9 de provoquer un \u00e9v\u00e8nement sur ce blog. Au passage, je ne voudrais pas minimiser ma boulette mais cette cha\u00eene dispose vraiment d&rsquo;un mat\u00e9riel de mauvaise qualit\u00e9&#8230;.], relay\u00e9e ensuite par Le Monde.<\/p>\n<p>Certes Le Parisien et Le Monde se sont servis de leurs sites internet mais convenons que faire passer un document audiovisuel sur du papier, ce n&rsquo;est pas facile. Il s&rsquo;agit de journaux qui ont pignon sur rue. On n&rsquo;imagine pas que Le Monde.fr ait diffus\u00e9 ces images sans l&rsquo;accord du directeur du \u00ab\u00a0grand journal du soir\u00a0\u00bb. Ou alors, il y aurait un sacr\u00e9 probl\u00e8me de gouvernance, comme on dit aujourd&rsquo;hui.<\/p>\n<p>Une seule vid\u00e9o \u00e0 succ\u00e8s semble \u00eatre le fait d&rsquo;un \u00ab\u00a0amateur\u00a0\u00bb. Il s&rsquo;agit de celle qui, rappelons nous, mettait en sc\u00e8ne S\u00e9gol\u00e8ne Royal, laquelle fustigeait certains professeurs qui allaient \u00e9marger \u00e0 Acadomia. C&rsquo;\u00e9tait pendant la campagne interne au Parti socialiste pour l&rsquo;investiture. Et il s&rsquo;agit d&rsquo;un coup bas comme il en arrive dans tous les partis en g\u00e9n\u00e9ral, et au PS de ces derni\u00e8res ann\u00e9es en particulier. Qui nous dit d&rsquo;ailleurs que le militant -je crois me rappeler qu&rsquo;il s&rsquo;agissait d&rsquo;un supporteur de DSK- n&rsquo;aurait pas r\u00e9ussi \u00e0 \u00ab\u00a0vendre\u00a0\u00bb son document en l&rsquo;absence de Dailymotion ou de Youtube ? Quitte \u00e0 accuser la technique, on peut m\u00eame ajouter que la miniaturisation des moyens d&rsquo;enregistrement d&rsquo;images semble davantage en cause ici que le fait de disposer d&rsquo;un r\u00e9seau mondial d&rsquo;informatique.<\/p>\n<p>Donc, les journalistes \u00ab\u00a0institutionnels\u00a0\u00bb qui crachent sur la Toile, et qui la rendent coupable de telles d\u00e9rives pour l&rsquo;intimit\u00e9, se moquent du monde. Le coupable n&rsquo;est pas Internet, mais l&rsquo;utilisation que certains en font[2. Je vous renvoie \u00e0 <a href=\"http:\/\/carnet.causeur.fr\/antidote\/internet-coupable-forcement-coupable,00219\" target=\"_blank\" rel=\"noopener\">l&rsquo;article<\/a> que j&rsquo;avais d\u00e9j\u00e0 consacr\u00e9 \u00e0 Internet l&rsquo;hiver dernier], comme ils le faisaient auparavant et comme ils le feraient si ces moyens l\u00e0 n&rsquo;existaient pas. Que je sache, le culte de la transparence, le gommage progressif de la fronti\u00e8re entre vie priv\u00e9e et vie publique ne datent pas d&rsquo;aujourd&rsquo;hui.<\/p>\n<p>Et puis, sur le cas Hortefeux, soyons s\u00e9rieux ! On nous a rebattu les oreilles sur les quelques cinq-cent mille visionnages de la fameuse vid\u00e9o jeudi apr\u00e8s-midi. Mais que p\u00e8sent ces 500 000 par rapport aux quelques millions de t\u00e9l\u00e9spectateurs qui l&rsquo;ont vue sur Canal + \u00e0 19h15 ? Et sur les cha\u00eenes Info ? C&rsquo;est absolument ridicule ! S&rsquo;il n&rsquo;y avait pas eu le Net, on aurait saut\u00e9 la case et on serait pass\u00e9 directement du vid\u00e9aste \u00e0 I-T\u00e9l\u00e9, BFM ou m\u00eame chez Denisot. Seulement, tous ceux l\u00e0 n&rsquo;auraient pas eu l&rsquo;excuse d&rsquo;annoncer juste avant la diffusion sur leurs cha\u00eenes : \u00ab\u00a0voil\u00e0 ce qui fait du buzz sur Internet !\u00a0\u00bb.<\/p>\n<p>Bande de Tartuffes&#8230;.<\/p>\n","protected":false},"excerpt":{"rendered":"<p>Les vid\u00e9os vol\u00e9es, apanage d&rsquo;Internet ?<\/p>\n","protected":false},"author":10,"featured_media":0,"comment_status":"open","ping_status":"closed","sticky":false,"template":"","format":"standard","meta":{"footnotes":""},"categories":[5],"tags":[],"class_list":{"0":"post-390","1":"post","2":"type-post","3":"status-publish","4":"format-standard","6":"category-sulfate"},"_links":{"self":[{"href":"https:\/\/blog.causeur.fr\/antidote\/wp-json\/wp\/v2\/posts\/390","targetHints":{"allow":["GET"]}}],"collection":[{"href":"https:\/\/blog.causeur.fr\/antidote\/wp-json\/wp\/v2\/posts"}],"about":[{"href":"https:\/\/blog.causeur.fr\/antidote\/wp-json\/wp\/v2\/types\/post"}],"author":[{"embeddable":true,"href":"https:\/\/blog.causeur.fr\/antidote\/wp-json\/wp\/v2\/users\/10"}],"replies":[{"embeddable":true,"href":"https:\/\/blog.causeur.fr\/antidote\/wp-json\/wp\/v2\/comments?post=390"}],"version-history":[{"count":0,"href":"https:\/\/blog.causeur.fr\/antidote\/wp-json\/wp\/v2\/posts\/390\/revisions"}],"wp:attachment":[{"href":"https:\/\/blog.causeur.fr\/antidote\/wp-json\/wp\/v2\/media?parent=390"}],"wp:term":[{"taxonomy":"category","embeddable":true,"href":"https:\/\/blog.causeur.fr\/antidote\/wp-json\/wp\/v2\/categories?post=390"},{"taxonomy":"post_tag","embeddable":true,"href":"https:\/\/blog.causeur.fr\/antidote\/wp-json\/wp\/v2\/tags?post=390"}],"curies":[{"name":"wp","href":"https:\/\/api.w.org\/{rel}","templated":true}]}}