{"id":394,"date":"2009-09-17T16:42:05","date_gmt":"2009-09-17T15:42:05","guid":{"rendered":"http:\/\/carnet.causeur.fr\/antidote\/?p=394"},"modified":"2021-04-26T16:11:42","modified_gmt":"2021-04-26T14:11:42","slug":"je-ne-veux-pas-de-vaccin-je-suis-un-salaud","status":"publish","type":"post","link":"https:\/\/blog.causeur.fr\/antidote\/je-ne-veux-pas-de-vaccin-je-suis-un-salaud-394","title":{"rendered":"Je ne veux pas de vaccin, je suis un salaud !"},"content":{"rendered":"<p>Jusqu&rsquo;\u00e0 mardi soir, Roselyne Bachelot m&rsquo;\u00e9tait plut\u00f4t sympathique. Et j&rsquo;ai regard\u00e9 le Grand Journal de Canal +[1. Je sais, je ne devrais pas. Je me fais du mal. Mais c&rsquo;est tellement \u00ab\u00a0Gauche Carla\u00a0\u00bb que cela me permet de mieux toucher du doigt les travers de notre \u00e9poque. Un exercice quotidien de socio, en quelque sorte]. Elle y \u00e9tait invit\u00e9e pour nous parler de la fameuse grippe A, et nous rassurer, comme elle l&rsquo;a dit elle-m\u00eame.<\/p>\n<p>Denisot l&rsquo;a interrog\u00e9e sur les projets de vaccination, massive, et sur la m\u00e9fiance qui s&#8217;emparait des Fran\u00e7ais vis-\u00e0-vis du futur vaccin. Je ne vous le cache pas, je fais partie de ces m\u00e9fiants. Et je le suis d&rsquo;autant plus quand je sais qu&rsquo;un-tiers des personnels de sant\u00e9, pourtant cibles prioritaires, ne souhaite pas se faire vacciner alors que cette profession figure parmi les plus expos\u00e9es. Alors, sans sombrer dans la th\u00e9orie du complot et m\u00eame <a href=\"http:\/\/www.debout-la-republique.fr\/GRIPPE-A-H1N1-en-fait-on-trop.html\" target=\"_blank\" rel=\"noopener\">en lisant mon compagnon Fran\u00e7ois Morvan<\/a> qui s&rsquo;inqui\u00e8te des \u00ab\u00a0attaques r\u00e9trogrades contre les vaccinations de masse\u00a0\u00bb, je ne suis pas d\u00e9cid\u00e9 de me faire vacciner contre H1N1. Parce que quand j&rsquo;\u00e9coute Marc Gentilini, qui n&rsquo;est ni <a href=\"http:\/\/www.causeur.fr\/debre-h1n1-laissez-pisser,2748\" target=\"_blank\" rel=\"noopener\">urologue<\/a> ni canc\u00e9rologue mais m\u00e9decin sp\u00e9cialiste des maladies infectieuses et ancien directeur de la Croix-Rouge, ce qui en fait un bon connaisseur des multinationales du m\u00e9dicament, je m&rsquo;interroge. Pourquoi faut-il parfois plus de deux ans pour que l&rsquo;agence du m\u00e9dicament autorise la mise sur le march\u00e9 de tel ou tel comprim\u00e9 -ou m\u00eame pour une petite modification- et que quelques petits mois suffiraient dans le cadre de ce vaccin ? C&rsquo;est l&rsquo;argument que Gentilini ass\u00e9nait \u00e0 des contradicteurs g\u00ean\u00e9s aux entournures dans <a href=\"http:\/\/www.france5.fr\/c-dans-l-air\/index-fr.php?page=resume&amp;id_rubrique=1245&amp;date=2009-09-07\" target=\"_blank\" rel=\"noopener\">l&rsquo;\u00e9mission de Calvi le 7 septembre dernier<\/a>. Et dans mon esprit peu initi\u00e9 aux choses de la m\u00e9decine, mais tout de m\u00eame un tout petit peu cart\u00e9sien, ce genre de question -sans r\u00e9ponse- fait mouche.<\/p>\n<p>Cette question, d&rsquo;ailleurs, Apathie, le pourfendeur, l&rsquo;homme sans concession pour les puissants, ne l&rsquo;a \u00e9videmment pas pos\u00e9e \u00e0 Madame Bachelot. C&rsquo;est bien dommage. Elle aurait peut-\u00eatre h\u00e9sit\u00e9 ensuite \u00e0 nous donner le coup de gr\u00e2ce : Non la vaccination ne sera pas obligatoire, nous a t-elle d\u00e9clar\u00e9 en substance, mais nous avons command\u00e9 des doses pour tous les Fran\u00e7ais et si vous ne vous faites pas vacciner pour vous, faites le pour les autres, pour votre entourage.<\/p>\n<p>Autrement dit, on ne m&rsquo;oblige pas, mais si je refuse, je suis un horrible salaud qui prend le risque de contaminer, et donc d&rsquo;assassiner potentiellement, ceux qui me sont proches. Cette mani\u00e8re de proc\u00e9der, que Madame la Ministre le sache, me scandalise et, pis, me d\u00e9go\u00fbte. Soit elle est compl\u00e8tement convaincue que la vaccination massive et obligatoire est imp\u00e9rieuse ; alors, qu&rsquo;elle prenne ses responsabilit\u00e9s. Apr\u00e8s tout, certaines vaccinations font d\u00e9j\u00e0 l&rsquo;objet d&rsquo;obligations notamment pour les enfants scolaris\u00e9s. Soit elle n&rsquo;est convaincue de rien du tout ;\u00a0 dans ce cas, qu&rsquo;elle la ferme. Mais qu&rsquo;elle ne reste pas dans cette voie m\u00e9diane, sauce Ma\u00eetre-chanteur.<\/p>\n<p>Je me rappelle d&rsquo;un ancien ministre de l&rsquo;Int\u00e9rieur, \u00e0 l&rsquo;accent proven\u00e7al prononc\u00e9[2. Vous avez trouv\u00e9 ! Il \u00e9tait m\u00eame issu du m\u00eame parti politique que Me Bachelot et que votre serviteur], qui d\u00e9clarait :\u00a0\u00bb nous ne c\u00e8derons jamais au channnt\u00e2\u00e2\u00e2ge\u00a0\u00bb. Il avait raison. Circonstance aggravante, il s&rsquo;agit l\u00e0 d&rsquo;un chantage affectif. Et d&rsquo;une ministre de la R\u00e9publique.<\/p>\n<p>Pitoyable.<\/p>\n","protected":false},"excerpt":{"rendered":"<p>C&rsquo;est Roselyne Bachelot qui le dit<\/p>\n","protected":false},"author":10,"featured_media":0,"comment_status":"open","ping_status":"closed","sticky":false,"template":"","format":"standard","meta":{"footnotes":""},"categories":[5],"tags":[],"class_list":{"0":"post-394","1":"post","2":"type-post","3":"status-publish","4":"format-standard","6":"category-sulfate"},"_links":{"self":[{"href":"https:\/\/blog.causeur.fr\/antidote\/wp-json\/wp\/v2\/posts\/394","targetHints":{"allow":["GET"]}}],"collection":[{"href":"https:\/\/blog.causeur.fr\/antidote\/wp-json\/wp\/v2\/posts"}],"about":[{"href":"https:\/\/blog.causeur.fr\/antidote\/wp-json\/wp\/v2\/types\/post"}],"author":[{"embeddable":true,"href":"https:\/\/blog.causeur.fr\/antidote\/wp-json\/wp\/v2\/users\/10"}],"replies":[{"embeddable":true,"href":"https:\/\/blog.causeur.fr\/antidote\/wp-json\/wp\/v2\/comments?post=394"}],"version-history":[{"count":0,"href":"https:\/\/blog.causeur.fr\/antidote\/wp-json\/wp\/v2\/posts\/394\/revisions"}],"wp:attachment":[{"href":"https:\/\/blog.causeur.fr\/antidote\/wp-json\/wp\/v2\/media?parent=394"}],"wp:term":[{"taxonomy":"category","embeddable":true,"href":"https:\/\/blog.causeur.fr\/antidote\/wp-json\/wp\/v2\/categories?post=394"},{"taxonomy":"post_tag","embeddable":true,"href":"https:\/\/blog.causeur.fr\/antidote\/wp-json\/wp\/v2\/tags?post=394"}],"curies":[{"name":"wp","href":"https:\/\/api.w.org\/{rel}","templated":true}]}}