{"id":404,"date":"2009-09-26T21:00:44","date_gmt":"2009-09-26T20:00:44","guid":{"rendered":"http:\/\/carnet.causeur.fr\/antidote\/?p=404"},"modified":"2021-04-26T16:11:41","modified_gmt":"2021-04-26T14:11:41","slug":"pour-le-retour-de-lheure-de-verite","status":"publish","type":"post","link":"https:\/\/blog.causeur.fr\/antidote\/pour-le-retour-de-lheure-de-verite-404","title":{"rendered":"Pour le retour de l&#039;Heure de V\u00e9rit\u00e9"},"content":{"rendered":"<p>L&rsquo;engueulade dont a \u00e9t\u00e9 victime Arlette Chabot a \u00e9t\u00e9 l&rsquo;occasion pour le Pr\u00e9sident de la R\u00e9publique d&rsquo;\u00e9mettre une excellente id\u00e9e. Ceux qui m&rsquo;accusent d&rsquo;anti-sarkozysme primaire en seront pour leurs frais. Je sais le reconna\u00eetre quand cela arrive, m\u00eame si c&rsquo;est trop rare[2. Mon anti-sarkozysme secondaire demeure intact, en revanche].<\/p>\n<p>Mais revenons \u00e0 l&rsquo;\u00e9pisode s&rsquo;il vous a \u00e9chapp\u00e9. Apr\u00e8s l&rsquo;intervention t\u00e9l\u00e9vis\u00e9e de New-York, \u00e9quipe pr\u00e9sidentielle et journalistes des premi\u00e8re et seconde cha\u00eene se retrouvent autour d&rsquo;un repas. Sur le dossier iranien, Kouchner et Sarkozy montrent leurs d\u00e9saccords. Alors que, sagement, les autres convives laissent passer l&rsquo;orage, Arlette-la-gaffeuse glisse :<em>\u00ab\u00a0cela ferait un beau d\u00e9bat sur France 2\u00a0\u00bb<\/em>. Le Pr\u00e9sident, dont on sait -Arlette la premi\u00e8re- qu&rsquo;il a plusieurs fois d\u00e9plor\u00e9 le manque d&rsquo;\u00e9missions politiques sur le service public de t\u00e9l\u00e9vision, saute sur l&rsquo;occasion et rosse la directrice de l&rsquo;information. Catherine Nayl[2. A ne pas confondre avec Catherine Nay], qui fait le m\u00eame boulot sur TF1 que sa cons\u0153ur Arlette sur Fr2, vole au secours de cette derni\u00e8re. Il n&rsquo;y a aucune \u00e9mission de ce type sur sa cha\u00eene alors que <em>Mots Crois\u00e9s<\/em> et <em>A vous de Juger <\/em>d\u00e9montrent un certain volontarisme sur le Service Public.<\/p>\n<p>Sauf que, dans l&rsquo;esprit du Pr\u00e9sident, le service public doit faire davantage qu&rsquo;une cha\u00eene commerciale. Et il regrette le bon vieux temps de <em>\u00ab\u00a0L&rsquo;heure de v\u00e9rit\u00e9\u00a0\u00bb<\/em>. L\u00e0 voil\u00e0 l&rsquo;excellente id\u00e9e que je faisais miroiter en introduction.<\/p>\n<p>L&rsquo;heure de v\u00e9rit\u00e9 ! Le long couloir d&rsquo;un pas d\u00e9cid\u00e9 au c\u00f4t\u00e9 de Fran\u00e7ois-Henri de Virieu, accompagn\u00e9s par <em>\u00ab\u00a0Live and let die\u00a0\u00bb <\/em>[3. <a href=\"http:\/\/www.deezer.com\/fr\/#music\/paul-mccartney\/all-the-best-300398\" target=\"_blank\" rel=\"noopener\">Cliquer ici puis choisir le titre num\u00e9ro 11<\/a>]de <em>Paul Mac Cartney et les Wings<\/em>, les trois \u00e9ditorialistes qui cuisinaient chacun quinze minutes un politique qui devait tenir la distance, la signature du livre d&rsquo;or en conclusion, cela avait de la gueule ! Et tout, cela juste apr\u00e8s le journal de vingt-heures, pendant des ann\u00e9es, puis \u00e0 midi le dimanche. Certes, je me rappelle aussi de mon arri\u00e8re-grand-p\u00e8re me martelant qu&rsquo;on aurait d\u00fb appeler cette \u00e9mission \u00ab\u00a0l&rsquo;heure du mensonge\u00a0\u00bb, mais que dirait-il aujourd&rsquo;hui, le pauvre ? En voyant l&rsquo;autre jour All\u00e8gre et Cohn-Bendit se chamailler tout en se tutoyant comme au bistrot, il aurait de quoi \u00eatre effar\u00e9.<\/p>\n<p>Faisons un r\u00eave audiovisuel. On r\u00e9tablit <em>l&rsquo;heure de v\u00e9rit\u00e9<\/em>. France 2 peut tr\u00e8s bien faire de Calvi le pr\u00e9sentateur. Des nouveaux \u00e9ditorialistes, il y en a. On n&rsquo;est pas oblig\u00e9 de rappeler Duhamel, Nay et Colombani comme le fait Denisot. Aphatie, qui tr\u00e9pigne de jalousie quand il commente la prestation de Ferrari et Pujadas, pourrait \u00eatre appel\u00e9 de temps en temps. Joffrin, Domenach, Thr\u00e9ard, Askolovitch, Fottorino, Olivennes[4. Quoi ? J&rsquo;ai dit une connerie ?] et mon pr\u00e9f\u00e9r\u00e9 Zemmour pourraient aussi \u00eatre convi\u00e9s. Mais pourquoi se limiter \u00e0 la presse classique ? La presse Internet devient tous les jours davantage incontournable. Et depuis un an, l&rsquo;\u00e9mission <a href=\"http:\/\/www.france-info.com\/spip.php?article0&amp;theme=81&amp;sous_theme=264\" target=\"_blank\" rel=\"noopener\"><em>Parlons.net<\/em> <\/a>de David Abiker[5. Qui dure une heure, justement] montre que les journalistes de la Toile n&rsquo;ont rien \u00e0 envier \u00e0 leurs confr\u00e8res plus expos\u00e9s.<\/p>\n<p>Nicolas Sarkozy ferait finalement un bien meilleur pr\u00e9sident de France T\u00e9l\u00e9visions que de la R\u00e9publique fran\u00e7aise. Il devrait y penser le matin en se rasant.<\/p>\n<h5><span style=\"color: #ff0000\">Photo en une : Capture d&rsquo;\u00e9cran &#8211; site INA.fr &#8211; \u00e9mission du 2\/10\/1985 -invit\u00e9 : JP Chev\u00e8nement<\/span><\/h5>\n","protected":false},"excerpt":{"rendered":"<p>Sarkozy a raison<\/p>\n","protected":false},"author":10,"featured_media":0,"comment_status":"open","ping_status":"closed","sticky":false,"template":"","format":"standard","meta":{"footnotes":""},"categories":[4],"tags":[],"class_list":{"0":"post-404","1":"post","2":"type-post","3":"status-publish","4":"format-standard","6":"category-oxygene"},"_links":{"self":[{"href":"https:\/\/blog.causeur.fr\/antidote\/wp-json\/wp\/v2\/posts\/404","targetHints":{"allow":["GET"]}}],"collection":[{"href":"https:\/\/blog.causeur.fr\/antidote\/wp-json\/wp\/v2\/posts"}],"about":[{"href":"https:\/\/blog.causeur.fr\/antidote\/wp-json\/wp\/v2\/types\/post"}],"author":[{"embeddable":true,"href":"https:\/\/blog.causeur.fr\/antidote\/wp-json\/wp\/v2\/users\/10"}],"replies":[{"embeddable":true,"href":"https:\/\/blog.causeur.fr\/antidote\/wp-json\/wp\/v2\/comments?post=404"}],"version-history":[{"count":0,"href":"https:\/\/blog.causeur.fr\/antidote\/wp-json\/wp\/v2\/posts\/404\/revisions"}],"wp:attachment":[{"href":"https:\/\/blog.causeur.fr\/antidote\/wp-json\/wp\/v2\/media?parent=404"}],"wp:term":[{"taxonomy":"category","embeddable":true,"href":"https:\/\/blog.causeur.fr\/antidote\/wp-json\/wp\/v2\/categories?post=404"},{"taxonomy":"post_tag","embeddable":true,"href":"https:\/\/blog.causeur.fr\/antidote\/wp-json\/wp\/v2\/tags?post=404"}],"curies":[{"name":"wp","href":"https:\/\/api.w.org\/{rel}","templated":true}]}}