{"id":414,"date":"2009-10-03T13:33:21","date_gmt":"2009-10-03T12:33:21","guid":{"rendered":"http:\/\/carnet.causeur.fr\/antidote\/?p=414"},"modified":"2021-04-26T16:11:41","modified_gmt":"2021-04-26T14:11:41","slug":"votez-avec-la-poste","status":"publish","type":"post","link":"https:\/\/blog.causeur.fr\/antidote\/votez-avec-la-poste-414","title":{"rendered":"Votez avec la Poste !"},"content":{"rendered":"<p>Ce matin, je me suis rendu dans l&rsquo;un des bureaux de vote improvis\u00e9s que les salari\u00e9s de La Poste avaient mis en place afin de recueillir les votes de leurs concitoyens pour protester contre le changement de statut de leur entreprise, publique.<\/p>\n<p>Pour un gaulliste, il n&rsquo;est pas \u00e9tonnant de participer \u00e0 cette consultation populaire. La d\u00e9mocratie directe me manque et, de ce fait, il m&rsquo;est agr\u00e9able de participer \u00e0 un r\u00e9f\u00e9rendum, m\u00eame pirate. De plus, la cause me pla\u00eet. Parce que, quand j&rsquo;entends Christian Estrosi et consorts affirmer sans fard que le changement de statut ne constitue nullement un pas vers la privatisation et qu&rsquo;<em>il ne change rien<\/em>, j&rsquo;ai la certitude qu&rsquo;ils nous prennent pour des imb\u00e9ciles.<\/p>\n<p>Evacuons rapidement l&rsquo;argument sempiternel des concepteurs de r\u00e9formes qui ne changent rien, donc qui ne servent \u00e0 rien. Quand on nous sert une telle soupe, il n&rsquo;est nul besoin d&rsquo;avoir d\u00e9pass\u00e9 le seuil de l&rsquo;\u00e9cole maternelle pour se poser la question suivante :<em>\u00ab\u00a0Si cela ne change rien, pourquoi le fait-on ?\u00a0\u00bb<\/em><\/p>\n<p>Quant au fait que ce changement de statut ne constitue pas l&rsquo;entr\u00e9e sur l&rsquo;autoroute qui m\u00e8ne \u00e0 la privatisation[1. Une autoroute, rappelons le aux plus distraits, ne peut se prendre que dans un sens unique sit\u00f4t qu&rsquo;on a pris son ticket d&rsquo;entr\u00e9e], il fait peu de cas de la m\u00e9moire du plus grand nombre des Fran\u00e7ais en g\u00e9n\u00e9ral et des salari\u00e9s des entreprises publiques en particulier. Est-il besoin de rappeler qu&rsquo;on a proc\u00e9d\u00e9 exactement de la m\u00eame mani\u00e8re avec France T\u00e9l\u00e9com puis avec GDF ? A chaque fois, les d\u00e9cideurs servirent les m\u00eames arguments que Christian Estrosi aujourd&rsquo;hui. M\u00eame pour les plus \u00e9tourdis, oserais-je \u00e9crire que tout cela commence \u00e0 se voir un petit peu ?<\/p>\n<p>La Poste ne doit \u00e9videmment pas suivre l&rsquo;exemple de sa petite s\u0153ur T\u00e9l\u00e9com. Cette derni\u00e8re a tellement mal tourn\u00e9. Nous avons besoin de La Poste dans le Service Public, dans un souci d&rsquo;am\u00e9nagement du territoire et de proximit\u00e9. Nous ne souhaitons pas que la Poste devienne une soci\u00e9t\u00e9 o\u00f9 le client aura remplac\u00e9 l&rsquo;usager. A France T\u00e9l\u00e9com, les clients sont souvent m\u00e9contents[2. Qui n&rsquo;a pas \u00e9t\u00e9 balad\u00e9 par les serveurs t\u00e9l\u00e9phoniques d&rsquo;Orange ? Et que je dois appuyer sur la touche 2. Et que je dois poireauter en \u00e9coutant du Clayderman pendant que je douille \u00e0 un euro et des poussi\u00e8res \u00e0 chaque minute&#8230;] et les salari\u00e9s semblent assez malheureux, aux derni\u00e8res nouvelles. C&rsquo;est pourquoi, je suis aussi tr\u00e8s heureux que le mouvement politique auquel j&rsquo;ai l&rsquo;honneur d&rsquo;adh\u00e9rer <a href=\"http:\/\/www.debout-la-republique.fr\/Votation-citoyenne-sur-La-Poste.html\" target=\"_blank\" rel=\"noopener\">ait appel\u00e9 \u00e0 participer \u00e0 cette votation citoyenne.<\/a> J&rsquo;ajoute que ce dernier montre toute sa coh\u00e9rence en protestant ainsi contre les cons\u00e9quences d\u00e9sastreuses de l&rsquo;application des trait\u00e9s europ\u00e9ens successifs[3. A l&rsquo;heure o\u00f9 j&rsquo;\u00e9cris ces lignes, il semble bien que le Peuple irlandais ait fini par c\u00e9der et ait renonc\u00e9 \u00e0 confirmer son vote du printemps 2008. Malheureusement, si un vote NON est toujours provisoire, un vote OUI est d\u00e9finitif. Cela se passe comme \u00e7a dans la grande d\u00e9mocratie europ\u00e9enne], lesquelles promeuvent la concurrence, jamais libre et toujours fauss\u00e9e, dans tous les domaines possibles et imaginables. A quand la S\u00e9cu ? Les compagnies d&rsquo;assurance piaffent d&rsquo;impatience !<\/p>\n<p>Un seul b\u00e9mol, je dois l&rsquo;avouer, dans cette votation. J&rsquo;ai vot\u00e9 \u00e0 Besan\u00e7on. Le mat\u00e9riel de vote -l&rsquo;urne en particulier- avait \u00e9t\u00e9 gracieusement pr\u00eat\u00e9 par Monsieur le Maire, lequel encourage avec son Parti cette louable initiative. Mais il se trouve\u00a0 que Monsieur Fousseret fut aussi d\u00e9put\u00e9 socialiste entre 1997 et 2002, lorsque France T\u00e9l\u00e9com fut privatis\u00e9e. C&rsquo;est Fran\u00e7ois Fillon, ministre des Postes et T\u00e9l\u00e9communications, qui avait proc\u00e9d\u00e9 au changement de statut en 1996. En gros, il s&rsquo;agit d&rsquo;un but marqu\u00e9 par Lionel Jospin sur un joli centre adress\u00e9 par l&rsquo;actuel premier ministre. Il s&rsquo;agissait l\u00e0 d&rsquo;une superbe r\u00e9alisation de l&rsquo;\u00e9quipe lib\u00e9rale-europ\u00e9enne. Comme je suis un peu m\u00e9cr\u00e9ant, j&rsquo;ai un peu de mal \u00e0 croire en la r\u00e9demption, surtout en politique, et surtout lorsqu&rsquo;il s&rsquo;agit d&rsquo;un membre du courant DSK-Delano\u00eb. Je suis donc davantage enclin \u00e0 miser sur la tartufferie.<\/p>\n<p>Finalement, il n&rsquo;y a pas que Monsieur Estrosi pour nous prendre pour des imb\u00e9ciles.<\/p>\n","protected":false},"excerpt":{"rendered":"<p>Une privatisation rampante, il en fallait bien une. C&rsquo;est quand il y en a plusieurs qu&rsquo;il y a des probl\u00e8mes.<\/p>\n","protected":false},"author":10,"featured_media":0,"comment_status":"open","ping_status":"closed","sticky":false,"template":"","format":"standard","meta":{"footnotes":""},"categories":[5],"tags":[],"class_list":{"0":"post-414","1":"post","2":"type-post","3":"status-publish","4":"format-standard","6":"category-sulfate"},"_links":{"self":[{"href":"https:\/\/blog.causeur.fr\/antidote\/wp-json\/wp\/v2\/posts\/414","targetHints":{"allow":["GET"]}}],"collection":[{"href":"https:\/\/blog.causeur.fr\/antidote\/wp-json\/wp\/v2\/posts"}],"about":[{"href":"https:\/\/blog.causeur.fr\/antidote\/wp-json\/wp\/v2\/types\/post"}],"author":[{"embeddable":true,"href":"https:\/\/blog.causeur.fr\/antidote\/wp-json\/wp\/v2\/users\/10"}],"replies":[{"embeddable":true,"href":"https:\/\/blog.causeur.fr\/antidote\/wp-json\/wp\/v2\/comments?post=414"}],"version-history":[{"count":0,"href":"https:\/\/blog.causeur.fr\/antidote\/wp-json\/wp\/v2\/posts\/414\/revisions"}],"wp:attachment":[{"href":"https:\/\/blog.causeur.fr\/antidote\/wp-json\/wp\/v2\/media?parent=414"}],"wp:term":[{"taxonomy":"category","embeddable":true,"href":"https:\/\/blog.causeur.fr\/antidote\/wp-json\/wp\/v2\/categories?post=414"},{"taxonomy":"post_tag","embeddable":true,"href":"https:\/\/blog.causeur.fr\/antidote\/wp-json\/wp\/v2\/tags?post=414"}],"curies":[{"name":"wp","href":"https:\/\/api.w.org\/{rel}","templated":true}]}}