{"id":419,"date":"2009-10-07T20:25:01","date_gmt":"2009-10-07T19:25:01","guid":{"rendered":"http:\/\/carnet.causeur.fr\/antidote\/?p=419"},"modified":"2021-04-26T16:11:41","modified_gmt":"2021-04-26T14:11:41","slug":"quand-la-corde-bertrand-soutient-le-pendu-mitterrand","status":"publish","type":"post","link":"https:\/\/blog.causeur.fr\/antidote\/quand-la-corde-bertrand-soutient-le-pendu-mitterrand-419","title":{"rendered":"Quand la corde Bertrand soutient le pendu Mitterrand"},"content":{"rendered":"<p>Apr\u00e8s que Beno\u00eet Hamon a d\u00e9clar\u00e9 \u00eatre choqu\u00e9 par le contenu du livre <em>\u00ab\u00a0la mauvaise vie\u00a0\u00bb,<\/em> publi\u00e9 en 2005 par Fr\u00e9d\u00e9ric Mitterrand, le secr\u00e9taire g\u00e9n\u00e9ral de l&rsquo;UMP est venu au secours du ministre d&rsquo;ouverture.<\/p>\n<p>Autobiographie[1. Le livre est ainsi pr\u00e9sent\u00e9 par la FNAC, ainsi que l&rsquo;a not\u00e9 le porte-parole du PS cette apr\u00e8s-midi.] ou r\u00e9cit romanc\u00e9, je ne me prononcerai pas \u00e0 titre personnel. Parce que je n&rsquo;ai pas lu le livre. Mais aussi parce que je n&rsquo;en ai pas besoin : Xavier Bertrand a donn\u00e9 implicitement la r\u00e9ponse suite aux d\u00e9clarations de\u00a0 Hamon.<\/p>\n<p>En effet, en d\u00e9clarant <em>:\u201cOn n\u2019est pas oblig\u00e9 d\u2019utiliser la <strong>vie <\/strong>priv\u00e9e des gens \u00e0 des fins politiciennes\u00a0\u00bb<\/em>, Xavier Bertrand prend le parti de l&rsquo;autobiographie. Si ce n&rsquo;\u00e9tait pas le cas, il aurait parl\u00e9 d&rsquo;exercice litt\u00e9raire et aurait fustig\u00e9 qu&rsquo;on prenne ces \u00e9crits pour argent comptant. Premier plantage.<\/p>\n<p>Mais cette r\u00e9f\u00e9rence \u00e0 <em>la vie <strong>priv\u00e9e<\/strong><\/em> pose un autre\u00a0 probl\u00e8me. Lorsqu&rsquo;on raconte sa vie, qu&rsquo;on en fait un livre, qu&rsquo;on le vend -tr\u00e8s bien, au passage-, ce n&rsquo;est tout de m\u00eame pas la m\u00eame chose que si un cambrioleur venait d\u00e9rober un journal intime. Second plantage.<\/p>\n<p>Non seulement, en \u00e9voquant <em>la vie priv\u00e9e<\/em> de Fr\u00e9d\u00e9ric Mitterrand, Xavier Bertrand se ridiculise puisque ce dernier en avait fait lui-m\u00eame la publicit\u00e9, mais il accr\u00e9dite en plus l&rsquo;id\u00e9e que tout est vrai au lieu de laisser planer le doute qui entoure, la plupart du temps, ce genre de r\u00e9cit[2. Fr\u00e9d\u00e9ric Lefebvre, que je ne m\u00e9nage gu\u00e8re ici, a eu au moins le m\u00e9rite de jouer de ce doute (fantasme ou r\u00e9alit\u00e9 ? ) face \u00e0 Marine Le Pen lundi soir. Et il n&rsquo;a eu que quelques secondes pour r\u00e9agir, contrairement \u00e0 Bertrand. Pour une fois, chapeau Lefebvre !].<\/p>\n<p>On parle de Bertrand pour Matignon[3. Enfin, surtout lui.]. Si le Pr\u00e9sident avait l&rsquo;assurance que celui-ci pouvait devenir aussi muet que Fran\u00e7ois Fillon, il est bien possible qu&rsquo;il soit tent\u00e9 de l&rsquo;y nommer.<\/p>\n","protected":false},"excerpt":{"rendered":"<p>Avec des amis pareils, le ministre de la Culture n&rsquo;a pas besoin d&rsquo;ennemis<\/p>\n","protected":false},"author":10,"featured_media":0,"comment_status":"open","ping_status":"closed","sticky":false,"template":"","format":"standard","meta":{"footnotes":""},"categories":[5],"tags":[],"class_list":{"0":"post-419","1":"post","2":"type-post","3":"status-publish","4":"format-standard","6":"category-sulfate"},"_links":{"self":[{"href":"https:\/\/blog.causeur.fr\/antidote\/wp-json\/wp\/v2\/posts\/419","targetHints":{"allow":["GET"]}}],"collection":[{"href":"https:\/\/blog.causeur.fr\/antidote\/wp-json\/wp\/v2\/posts"}],"about":[{"href":"https:\/\/blog.causeur.fr\/antidote\/wp-json\/wp\/v2\/types\/post"}],"author":[{"embeddable":true,"href":"https:\/\/blog.causeur.fr\/antidote\/wp-json\/wp\/v2\/users\/10"}],"replies":[{"embeddable":true,"href":"https:\/\/blog.causeur.fr\/antidote\/wp-json\/wp\/v2\/comments?post=419"}],"version-history":[{"count":0,"href":"https:\/\/blog.causeur.fr\/antidote\/wp-json\/wp\/v2\/posts\/419\/revisions"}],"wp:attachment":[{"href":"https:\/\/blog.causeur.fr\/antidote\/wp-json\/wp\/v2\/media?parent=419"}],"wp:term":[{"taxonomy":"category","embeddable":true,"href":"https:\/\/blog.causeur.fr\/antidote\/wp-json\/wp\/v2\/categories?post=419"},{"taxonomy":"post_tag","embeddable":true,"href":"https:\/\/blog.causeur.fr\/antidote\/wp-json\/wp\/v2\/tags?post=419"}],"curies":[{"name":"wp","href":"https:\/\/api.w.org\/{rel}","templated":true}]}}