{"id":447,"date":"2009-11-09T06:49:08","date_gmt":"2009-11-09T05:49:08","guid":{"rendered":"http:\/\/carnet.causeur.fr\/antidote\/?p=447"},"modified":"2021-04-26T16:11:41","modified_gmt":"2021-04-26T14:11:41","slug":"un-vert-plus-tres-vert","status":"publish","type":"post","link":"https:\/\/blog.causeur.fr\/antidote\/un-vert-plus-tres-vert-447","title":{"rendered":"Un Vert plus tr\u00e8s vert"},"content":{"rendered":"<p>Les \u00e9cologistes rh\u00f4ne-alpins ont choisi leur candidat. Elu \u00e0 l&rsquo;albanaise pour mener la liste d&rsquo;Europe-Ecologie aux prochaines \u00e9lections r\u00e9gionales, le Lyonnais Philippe Meirieu appara\u00eet comme un jeune en politique. Pourtant, ce n&rsquo;est pas lui faire injure ni offense que d&rsquo;indiquer qu&rsquo;il passera difficilement pour un perdreau de l&rsquo;ann\u00e9e, permettant d&rsquo;amener de la fra\u00eecheur dans le d\u00e9bat politique. Cette fra\u00eecheur semble l&rsquo;atout publicitaire principal d&rsquo;Europe-Ecologie.<\/p>\n<p>Certains commentateurs ont attribu\u00e9 au nouvel ensemble \u00e9cologiste cette nouveaut\u00e9, cet air frais revigorant. Laissez moi rire. Frais et nouveaux Cohn-Bendit et Bov\u00e9 ? Tranchant avec l&rsquo;air du temps ? Cela fait bien longtemps que le soixanthuitardisme est aux commandes intellectuelles du Tout-Paris. Quarante ans qu&rsquo;on voit l&rsquo;un sur nos \u00e9crans quand on avait d\u00e9couvert le second il y a plus de trente ans sur le plateau du Larzac. La seule v\u00e9ritable nouveaut\u00e9 fut que les \u00e9colos r\u00e9ussirent pour une fois \u00e0 se rassembler et \u00e0 taire toutes leurs querelles. Ils profit\u00e8rent de l&rsquo;abstention des classes populaires, lesquelles leur sont peu favorables. On peut \u00e9galement leur conc\u00e9der une intelligence strat\u00e9gique qui les conduisirent \u00e0 ne pas, \u00e0 l&rsquo;instar du PS et du MoDem, tomber dans le seul anti-sarkozysme. Ces trois param\u00e8tres aboutirent au tr\u00e8s bon score de juin dernier. C&rsquo;est davantage la vieille politique \u00e0 l&rsquo;ancienne qui a men\u00e9 Europe-Ecologie \u00e0 16 % et non les pas de danse ex\u00e9cut\u00e9s chaque fin de r\u00e9union publique par ses chefs de file.<\/p>\n<p>Mais revenons \u00e0 Meirieu. Qui peut nous faire croire qu&rsquo;il s&rsquo;agit d&rsquo;un homme nouveau en politique ? Depuis des ann\u00e9es, il inspire ceux qui font la politique \u00e9ducative fran\u00e7aise. Inspirateur des IUFM, z\u00e9lateur de <em>l&rsquo;\u00e9l\u00e8ve au centre<\/em>, il est le pape du p\u00e9dagogisme depuis plus de vingt ans, participant d&rsquo;ailleurs de tr\u00e8s pr\u00e8s \u00e0 la r\u00e9daction de la loi d&rsquo;orientation de 1989. Il a \u00e9t\u00e9 non seulement la r\u00e9f\u00e9rence pour les politiques d&rsquo;\u00e9ducation du PS mais aussi celles de la droite, laquelle n&rsquo;a jamais remis en cause les dogmes p\u00e9dagogistes de Bayrou \u00e0 Ch\u00e2tel en passant par Ferry et Fillon. Seul Xavier Darcos a pu f\u00e2cher Philippe Meirieu avec sa r\u00e9forme des programmes de l&rsquo;enseignement primaire de 2007-2008 davantage inspir\u00e9e par le rejet du p\u00e9dagogisme et le retour aux apprentissages fondamentaux r\u00e9clam\u00e9 par Jean-Paul Brighelli et Alain Finkielkraut. Il faut tout de m\u00eame pr\u00e9ciser que, malheureusement, cette r\u00e9forme fut mise en place dans un contexte de r\u00e9duction des moyens ce qui ne favorisa pas son adh\u00e9sion par le plus grand nombre. D&rsquo;ailleurs, les p\u00e9dagogistes reprirent vite du poil de la b\u00eate lors de la r\u00e9forme du lyc\u00e9e, davantage combattue par le SNALC, class\u00e9 \u00e0 droite, que par le SGEN et l&rsquo;UNSA, syndicats acquis aux id\u00e9es du pape Meirieu.<\/p>\n<p>Ce n&rsquo;est pas parce qu&rsquo;on n&rsquo;a jamais go\u00fbt\u00e9 au bain \u00e9lectoral que l&rsquo;on est un jeune en politique. L&rsquo;influence en tant qu&rsquo;\u00e9minence grise, les tribunes dans les journaux, les d\u00e9bats lors desquels on est syst\u00e9matiquement invit\u00e9 en tant que \u00ab\u00a0sp\u00e9cialiste\u00a0\u00bb ne comptent pas pour du beurre. Qui peut croire que l&rsquo;influence de Philippe Meirieu sur l&rsquo;\u00e9volution de l&rsquo;Ecole aurait \u00e9t\u00e9 sup\u00e9rieure s&rsquo;il avait \u00e9t\u00e9 \u00e9lu sans discontinuer d\u00e9put\u00e9 de base depuis 1988 ? Proche du parti socialiste, il aurait tout de m\u00eame appr\u00e9ci\u00e9 qu&rsquo;on ne le limit\u00e2t pas \u00e0 ce r\u00f4le de conseiller de luxe. Je ne sais si le PS lui a propos\u00e9 dans le pass\u00e9 des investitures. Toujours est-il qu&rsquo;il ne l&rsquo;a pas fait cette fois-ci et que Philippe Meirieu en a \u00e9t\u00e9 fort marri au point de rallier les \u00e9cologistes. On savait qu&rsquo;il \u00e9tait un socialiste de la deuxi\u00e8me gauche, plut\u00f4t chr\u00e9tienne-sociale. Mais d&rsquo;\u00e9cologie, il n&rsquo;avait jamais \u00e9t\u00e9 question avec lui. Pourtant, il n&rsquo;y a rien d&rsquo;illogique \u00e0 le voir rallier les \u00e9colos dont les positions sur l&rsquo;Ecole, fortement inspir\u00e9s par les fr\u00e8res Cohn-Bendit, \u00e9pousent le p\u00e9dagogisme avec d&rsquo;autant plus de passion que ce dernier est un enfant l\u00e9gitime de Mai 68. <em>Sous les pav\u00e9s la plage<\/em>, c&rsquo;est le refus du pass\u00e9, le refus de la Culture classique, le refus de la Transmission.<\/p>\n<p>Le PS est donc aujourd&rsquo;hui orphelin de plusieurs mauvais g\u00e9nies en mati\u00e8re \u00e9ducative. All\u00e8gre a bascul\u00e9 chez Sarko. Lang n&rsquo;est plus tr\u00e8s loin de faire la m\u00eame chose[1. Son opposition \u00e0 Darcos constituait le dernier clivage avec l&rsquo;actuel gouvernement. Ch\u00e2tel, davantage acquis au p\u00e9dagogisme, doit rassurer l&rsquo;ancien ministre de l&rsquo;Education]. Et Meirieu, donc, rejoint Europe-Ecologie, organisation qui n&rsquo;a d&rsquo;autre but que de le remplacer en tant que premi\u00e8re force de la gauche. Il s&rsquo;agit donc d&rsquo;une chance historique pour le PS qui peut enfin se remettre \u00e0 r\u00e9fl\u00e9chir sur le devenir de l&rsquo;Ecole et entamer aujourd&rsquo;hui un v\u00e9ritable inventaire. A Martine Aubry de lancer ce d\u00e9bat. Elle peut d&rsquo;ailleurs fort bien se tourner vers son partenaire MRC, ce qui serait davantage fructueux que de laisser le programme \u00e9ducatif de son parti \u00e0 Bruno Julliard, lequel, nourri au lait de l&rsquo;UNEF, ne parviendra pas \u00e0 se d\u00e9barrasser de ses mauvais r\u00e9flexes p\u00e9dagogistes. Certains jeunes cadres socialistes disent vouloir s&rsquo;affranchir de mai 68 et de ses d\u00e9rives. Chiche ! Qu&rsquo;ils s&rsquo;attaquent \u00e0 l&rsquo;Ecole. Ce sera bien plus d\u00e9cisif que leurs d\u00e9clarations sur la vie sexuelle de Roman Polanski ou celle de Fr\u00e9d\u00e9ric Mitterrand.<\/p>\n<address><span style=\"color: #ff0000\">Photo en Une &#8211; Site de France 5<\/span><\/address>\n","protected":false},"excerpt":{"rendered":"<p>Le pape Philippe Meirieu m\u00e8nera la liste Europe-Ecologie en Rh\u00f4ne-Alpes<\/p>\n","protected":false},"author":10,"featured_media":0,"comment_status":"open","ping_status":"closed","sticky":false,"template":"","format":"standard","meta":{"footnotes":""},"categories":[4],"tags":[],"class_list":{"0":"post-447","1":"post","2":"type-post","3":"status-publish","4":"format-standard","6":"category-oxygene"},"_links":{"self":[{"href":"https:\/\/blog.causeur.fr\/antidote\/wp-json\/wp\/v2\/posts\/447","targetHints":{"allow":["GET"]}}],"collection":[{"href":"https:\/\/blog.causeur.fr\/antidote\/wp-json\/wp\/v2\/posts"}],"about":[{"href":"https:\/\/blog.causeur.fr\/antidote\/wp-json\/wp\/v2\/types\/post"}],"author":[{"embeddable":true,"href":"https:\/\/blog.causeur.fr\/antidote\/wp-json\/wp\/v2\/users\/10"}],"replies":[{"embeddable":true,"href":"https:\/\/blog.causeur.fr\/antidote\/wp-json\/wp\/v2\/comments?post=447"}],"version-history":[{"count":0,"href":"https:\/\/blog.causeur.fr\/antidote\/wp-json\/wp\/v2\/posts\/447\/revisions"}],"wp:attachment":[{"href":"https:\/\/blog.causeur.fr\/antidote\/wp-json\/wp\/v2\/media?parent=447"}],"wp:term":[{"taxonomy":"category","embeddable":true,"href":"https:\/\/blog.causeur.fr\/antidote\/wp-json\/wp\/v2\/categories?post=447"},{"taxonomy":"post_tag","embeddable":true,"href":"https:\/\/blog.causeur.fr\/antidote\/wp-json\/wp\/v2\/tags?post=447"}],"curies":[{"name":"wp","href":"https:\/\/api.w.org\/{rel}","templated":true}]}}