{"id":452,"date":"2009-11-13T17:41:15","date_gmt":"2009-11-13T16:41:15","guid":{"rendered":"http:\/\/carnet.causeur.fr\/antidote\/?p=452"},"modified":"2021-04-26T16:11:41","modified_gmt":"2021-04-26T14:11:41","slug":"vincent-peillon-cet-homme-douverture","status":"publish","type":"post","link":"https:\/\/blog.causeur.fr\/antidote\/vincent-peillon-cet-homme-douverture-452","title":{"rendered":"Vincent Peillon, cet homme d&#039;ouverture"},"content":{"rendered":"<p>A Marseille, l&rsquo;\u00e9t\u00e9 dernier, Vincent Peillon avait cr\u00e9\u00e9 l&rsquo;\u00e9v\u00e8nement en provoquant une jolie photo sur laquelle il posait en compagnie de Marielle de Sarnez, Daniel Cohn-Bendit et Robert Hue. Depuis des mois, il donne des le\u00e7ons \u00e0 la gauche enti\u00e8re, et \u00e0 la direction du PS en particulier, sur l&rsquo;ouverture dont on doit faire preuve, notamment par rapport au MoDem, pour pr\u00e9parer s\u00e9rieusement l&rsquo;alternance. Lui, au moins, pr\u00e9pare l&rsquo;avenir en dialoguant avec tous ceux qui veulent bouter Nicolas Sarkozy hors de l&rsquo;Elys\u00e9e en 2012.<\/p>\n<p>Notre philosophe, si ouvert \u00e0 la confrontation des id\u00e9es, se faisait fort de d\u00e9montrer \u00e0 quel point son logiciel fonctionnait lors du premier colloque th\u00e9matique consacr\u00e9 \u00e0 l&rsquo;Ecole, lequel doit se tenir ce samedi \u00e0 Dijon chez son comp\u00e8re Rebsamen. Des cartons d&rsquo;invitation furent donc exp\u00e9di\u00e9s \u00e0 tous ceux, centristes, communistes[1. Seulement les trois pel\u00e9s et deux tondus qui soutiennent Robert Hue, me souffle J\u00e9r\u00f4me Leroy], \u00e9colos et socialistes, qui croient dans la m\u00e9thode \u00ab\u00a0Espoir \u00e0 gauche\u00a0\u00bb[2. Pour les non-initi\u00e9s, il s&rsquo;agit du nom du courant de Vincent Peillon].<\/p>\n<p>Parmi les membres du MoDem, Jean-Paul Brighelli \u00e9tait de ceux l\u00e0. L&rsquo;excellent <a href=\"http:\/\/bonnetdane.midiblogs.com\/\" target=\"_blank\" rel=\"noopener\">blogueur<\/a> et auteur de la fameuse \u00ab\u00a0Fabrique du cr\u00e9tin\u00a0\u00bb, s&rsquo;est r\u00e9cemment rapproch\u00e9 de Fran\u00e7ois Bayrou et a particip\u00e9 au universit\u00e9s du parti centriste \u00e0 La Grande Motte cet \u00e9t\u00e9. Il devait faire partie de la d\u00e9l\u00e9gation emmen\u00e9e par Marielle de Sarnez dans la cit\u00e9 de la moutarde. Mais, \u00e0 la lecture d&rsquo;un texte de Brighelli, publi\u00e9 sur Marianne2, et intitul\u00e9 <a href=\"http:\/\/www.marianne2.fr\/Cope-et-Peillon-ont-tout-faux-sur-l-ecole!_a182591.html\" target=\"_blank\" rel=\"noopener\">\u00ab\u00a0Cop\u00e9 et Peillon ont tout faux sur l&rsquo;\u00e9cole\u00a0\u00bb<\/a>[3. Le titre \u00e9tait de Marianne2 et non de JPB], la moutarde, justement, serait mont\u00e9e au nez de notre si ouvert Vincent Peillon. Et, malgr\u00e9 l&rsquo;insistance de Marielle de Sarnez, le d\u00e9put\u00e9 europ\u00e9en socialiste a d\u00e9command\u00e9 Brighelli. Pr\u00e9cisons que la venue de ce dernier avait aussi provoqu\u00e9 des remous chez les autres invit\u00e9s, tous aussi capables d&rsquo;ouverture d&rsquo;esprit que leur h\u00f4te. Certains mena\u00e7aient de ne pas faire la route jusqu&rsquo;\u00e0 Dijon s&rsquo;ils devaient cohabiter avec ce pourfendeur du p\u00e9dagogisme.<\/p>\n<p>Jean-Paul Brighelli pourrait obtemp\u00e9rer et rester dans le Sud tout en invitant Peillon et ses invit\u00e9s \u00e0 d\u00e9battre en gens qui sont tous d&rsquo;accord entre eux sur l&rsquo;\u00e9ducation. Mais, ce n&rsquo;est pas son genre. Il pense \u00e0 juste titre que c&rsquo;est un tr\u00e8s mauvais service \u00e0 l&rsquo;Ecole que de laisser le champ libre \u00e0 ceux qui ont, comme il le dit joliment, \u00ab\u00a0d\u00e9mantibul\u00e9 l&rsquo;Ecole\u00a0\u00bb. Il sera donc \u00e0 Dijon ce samedi.<\/p>\n<p>Reste \u00e0 savoir si Monsieur Peillon fera preuve de sa grande ouverture d&rsquo;esprit en faisant raccompagner jusqu&rsquo;\u00e0 la sortie l&rsquo;importun par un service d&rsquo;ordre muscl\u00e9, ou si, dans un sursaut d&rsquo;esprit de rassemblement, il demandera plut\u00f4t \u00e0 la mar\u00e9chauss\u00e9e d&rsquo;intervenir. R\u00e9ponse demain.<\/p>\n<p><span style=\"text-decoration: underline\">Ajout du dimanche 15\/11\/2009 \u00e0 11h15<\/span><\/p>\n<p>Sur le blog de Jean-Paul Brighelli, j&rsquo;apprends aujourd&rsquo;hui que finalement mes pr\u00e9dictions se sont av\u00e9r\u00e9es tr\u00e8s pessimistes et que Vincent Peillon a finalement accept\u00e9 que Jean-Paul Brighelli participe aux travaux, apr\u00e8s une discussion franche entre hommes.<\/p>\n<p>Donnons acte \u00e0 Vincent Peillon de la <span style=\"text-decoration: underline\"><strong>r\u00e9elle <\/strong><\/span>ouverture d&rsquo;esprit dont il a finalement fait preuve.<\/p>\n","protected":false},"excerpt":{"rendered":"<p>Texte modifi\u00e9 le 15\/11\/2009 \u00e0 11h15<\/p>\n","protected":false},"author":10,"featured_media":0,"comment_status":"open","ping_status":"closed","sticky":false,"template":"","format":"standard","meta":{"footnotes":""},"categories":[5],"tags":[],"class_list":{"0":"post-452","1":"post","2":"type-post","3":"status-publish","4":"format-standard","6":"category-sulfate"},"_links":{"self":[{"href":"https:\/\/blog.causeur.fr\/antidote\/wp-json\/wp\/v2\/posts\/452","targetHints":{"allow":["GET"]}}],"collection":[{"href":"https:\/\/blog.causeur.fr\/antidote\/wp-json\/wp\/v2\/posts"}],"about":[{"href":"https:\/\/blog.causeur.fr\/antidote\/wp-json\/wp\/v2\/types\/post"}],"author":[{"embeddable":true,"href":"https:\/\/blog.causeur.fr\/antidote\/wp-json\/wp\/v2\/users\/10"}],"replies":[{"embeddable":true,"href":"https:\/\/blog.causeur.fr\/antidote\/wp-json\/wp\/v2\/comments?post=452"}],"version-history":[{"count":0,"href":"https:\/\/blog.causeur.fr\/antidote\/wp-json\/wp\/v2\/posts\/452\/revisions"}],"wp:attachment":[{"href":"https:\/\/blog.causeur.fr\/antidote\/wp-json\/wp\/v2\/media?parent=452"}],"wp:term":[{"taxonomy":"category","embeddable":true,"href":"https:\/\/blog.causeur.fr\/antidote\/wp-json\/wp\/v2\/categories?post=452"},{"taxonomy":"post_tag","embeddable":true,"href":"https:\/\/blog.causeur.fr\/antidote\/wp-json\/wp\/v2\/tags?post=452"}],"curies":[{"name":"wp","href":"https:\/\/api.w.org\/{rel}","templated":true}]}}