{"id":470,"date":"2009-11-29T13:51:39","date_gmt":"2009-11-29T12:51:39","guid":{"rendered":"http:\/\/carnet.causeur.fr\/antidote\/?p=470"},"modified":"2021-04-26T16:11:41","modified_gmt":"2021-04-26T14:11:41","slug":"gris-comme-besson","status":"publish","type":"post","link":"https:\/\/blog.causeur.fr\/antidote\/gris-comme-besson-470","title":{"rendered":"Gris comme Besson"},"content":{"rendered":"<p>La vie priv\u00e9e existe t-elle encore en France ? Les dix derniers jours permettent de nous en faire douter. A la proposition de loi de Madame Antier sur la fess\u00e9e[1. A laquelle, je le rappelle amicalement \u00e0 Eric Zemmour, le gouvernement n&rsquo;est pas si \u00e9tranger puisque Madame Morano a sign\u00e9 le 24\/08\/08 la r\u00e9solution du Conseil de l&rsquo;Europe demandant la suppression des ch\u00e2timents corporels des parents sur leurs enfants] a succ\u00e9d\u00e9\u00a0 l&rsquo;avis favorable du Premier Ministre au vote d&rsquo;une loi r\u00e9primant les violences psychologiques dans le couple. Je ne saurais trop conseiller au lecteur de se reporter \u00e0 <a href=\"http:\/\/blog.lefigaro.fr\/education\/2009\/11\/de-la-violence-psychologique-de-la-fessee-et-des-droits-de-lhomme.html\" target=\"_blank\" rel=\"noopener\">l&rsquo;excellent billet de Natacha Polony sur le sujet<\/a>.<\/p>\n<p>On ne sait si le gouvernement, si prompt \u00e0 d\u00e9velopper la vid\u00e9o-surveillance, envisage d&rsquo;\u00e9tendre celle-ci dans chaque domicile, afin de v\u00e9rifier si un enfant n&rsquo;a pas subi une petite tape sur les mains parce qu&rsquo;il a balanc\u00e9 son assiette \u00e0 terre ou si Monsieur s&rsquo;est moqu\u00e9 du dernier ensemble-tailleur de Madame[2. Ou si Madame a moqu\u00e9 Monsieur parce qu&rsquo;il sort avec un surv\u00eatement et des mocassins].<\/p>\n<p>Mais cela ne suffit pas \u00e0 Monsieur Besson. Il vient de nous sortir un nouveau concept de son chapeau : le mariage gris. Qu&rsquo;est ce qu&rsquo;un mariage gris ? La mariage blanc, presque tout le monde sait qu&rsquo;il s&rsquo;agit d&rsquo;une union o\u00f9 aucun des cocontractants n&rsquo;est sinc\u00e8re et dont l&rsquo;objectif est bien souvent de permettre \u00e0 l&rsquo;un des deux d&rsquo;obtenir la nationalit\u00e9 fran\u00e7aise. Le mariage gris, selon Monsieur Besson, serait une union o\u00f9 l&rsquo;un des deux, en principe un \u00e9tranger ou une \u00e9trang\u00e8re, ne serait pas sinc\u00e8re alors que le Fran\u00e7ais ou la Fran\u00e7aise le serait. Il s&rsquo;agirait de prot\u00e9ger ce dernier ou cette derni\u00e8re de s\u00e9ducteurs ou s\u00e9ductrices sans vergogne qui accompliraient leurs forfaits lors d&rsquo;escapades touristiques de leurs victimes ou, pire encore pour ce gouvernement internetophobe, par le biais de salons de discussion sur la Toile. Si dans le mariage blanc, personne n&rsquo;est sinc\u00e8re, si dans le mariage gris, un seul l&rsquo;est, comment appelle t-il un mariage o\u00f9 les deux cocontractants sont sinc\u00e8res ? Un mariage&#8230;noir ?<\/p>\n<p>Pour lutter contre les mariages gris, dont il a \u00e9t\u00e9 tr\u00e8s normalement incapable d&rsquo;\u00e9valuer l&rsquo;ampleur, comment Monsieur Besson compte t-il s&rsquo;y prendre ? Passer les candidats aux mariages au d\u00e9tecteur de mensonge ? Implanter une puce dans leurs cerveaux ? Permettre aux services de police de suivre les discussions priv\u00e9es sur Internet ?<\/p>\n<p>Cette derni\u00e8re trouvaille de Monsieur Besson serait risible si elle ne s&rsquo;inscrivait pas dans un contexte plus large de confusion de plus en plus grande entre sph\u00e8re priv\u00e9e et sph\u00e8re publique. Fid\u00e8le au Pr\u00e9sident de la R\u00e9publique, faisant lui aussi commerce de sa vie priv\u00e9e avec son ex-\u00e9pouse, Eric Besson brouille dangereusement les bases de notre contrat social. Quant \u00e0 moi, je d\u00e9fends le droit de chaque fran\u00e7ais de se faire plumer par une s\u00e9ductrice, qu&rsquo;elle soit autochtone ou \u00e9trang\u00e8re, le droit de chaque fran\u00e7aise d&rsquo;\u00eatre victime d&rsquo;un chagrin de vacances. Si je me laissais aller \u00e0 l&rsquo;ironie, je serais soulag\u00e9 que l&rsquo;Italie fasse partie de l&rsquo;Union europ\u00e9enne. Sinon, les services de Monsieur Besson auraient sans doute eu \u00e0 \u00e9tudier le cas de cette chanteuse italienne sans voix r\u00e9ussissant \u00e0 relancer sa carri\u00e8re et obtenant la nationalit\u00e9 fran\u00e7aise en s\u00e9duisant un homme seul et d\u00e9sempar\u00e9 chez un pubard chout\u00e9 aux UV.<\/p>\n<p>Que Monsieur Besson et les autres fassent le boulot pour lequel tout gouvernement est \u00e9lu : assurer notre prosp\u00e9rit\u00e9, veiller \u00e0 la juste r\u00e9partition des richesses, nous prot\u00e9ger contre les crimes, les d\u00e9lits et de l&rsquo;ins\u00e9curit\u00e9 \u00e9conomique et sociale. Pour le priv\u00e9, nous nous en chargeons.<\/p>\n","protected":false},"excerpt":{"rendered":"<p>La vie priv\u00e9e des Fran\u00e7ais en danger ?<\/p>\n","protected":false},"author":10,"featured_media":0,"comment_status":"open","ping_status":"closed","sticky":false,"template":"","format":"standard","meta":{"footnotes":""},"categories":[5],"tags":[],"class_list":{"0":"post-470","1":"post","2":"type-post","3":"status-publish","4":"format-standard","6":"category-sulfate"},"_links":{"self":[{"href":"https:\/\/blog.causeur.fr\/antidote\/wp-json\/wp\/v2\/posts\/470","targetHints":{"allow":["GET"]}}],"collection":[{"href":"https:\/\/blog.causeur.fr\/antidote\/wp-json\/wp\/v2\/posts"}],"about":[{"href":"https:\/\/blog.causeur.fr\/antidote\/wp-json\/wp\/v2\/types\/post"}],"author":[{"embeddable":true,"href":"https:\/\/blog.causeur.fr\/antidote\/wp-json\/wp\/v2\/users\/10"}],"replies":[{"embeddable":true,"href":"https:\/\/blog.causeur.fr\/antidote\/wp-json\/wp\/v2\/comments?post=470"}],"version-history":[{"count":0,"href":"https:\/\/blog.causeur.fr\/antidote\/wp-json\/wp\/v2\/posts\/470\/revisions"}],"wp:attachment":[{"href":"https:\/\/blog.causeur.fr\/antidote\/wp-json\/wp\/v2\/media?parent=470"}],"wp:term":[{"taxonomy":"category","embeddable":true,"href":"https:\/\/blog.causeur.fr\/antidote\/wp-json\/wp\/v2\/categories?post=470"},{"taxonomy":"post_tag","embeddable":true,"href":"https:\/\/blog.causeur.fr\/antidote\/wp-json\/wp\/v2\/tags?post=470"}],"curies":[{"name":"wp","href":"https:\/\/api.w.org\/{rel}","templated":true}]}}