{"id":48,"date":"2008-06-11T17:28:34","date_gmt":"2008-06-11T16:28:34","guid":{"rendered":"http:\/\/carnet.causeur.fr\/antidote\/?p=48"},"modified":"2021-04-26T16:12:18","modified_gmt":"2021-04-26T14:12:18","slug":"quelques-breves","status":"publish","type":"post","link":"https:\/\/blog.causeur.fr\/antidote\/quelques-breves-48","title":{"rendered":"Quelques br\u00e8ves"},"content":{"rendered":"<p>Le Gouvernement a d\u00e9cid\u00e9 de mettre en place une surveillance accrue d&rsquo;internet. Il prend notamment pr\u00e9texte de la pr\u00e9paration par ce biais d&rsquo;un crime p\u00e9dophile par deux individus. Questions : si ces derniers avaient pr\u00e9par\u00e9 leur ignoble forfait au moyen de pigeons-voyageurs, Madame Morano demanderait-elle l&rsquo;euthanasie de ces volatiles ? De m\u00eame, s&rsquo;ils l&rsquo;avaient fait tout simplement par t\u00e9l\u00e9phone, mettrions-nous tout le pays sous \u00e9coute ? Moralit\u00e9 : quand le sage montre la Lune, l&rsquo;idiot(e) regarde le doigt.<\/p>\n<p>La presse annonce aujourd&rsquo;hui la r\u00e9ouverture du dossier Clearstram \u00e0 la demande du Parquet de Paris. Parquet de Paris ? C&rsquo;est le nouveau nom de Nicolas Sarkozy ?<\/p>\n<p>Demain, en Irlande, il para\u00eet que 0,9% des europ\u00e9ens vont d\u00e9cider de l&rsquo;avenir de l&rsquo;Europe. C&rsquo;est ainsi que les m\u00e9dias et le ministre des affaires \u00e9trang\u00e8res pr\u00e9sentent le r\u00e9f\u00e9rendum irlandais sur la Constitution europ\u00e9enne rebaptis\u00e9e trait\u00e9 de Lisbonne. Attaque en cas de victoire du Non mais aussi bel aveu qu&rsquo;on n&rsquo;a pas os\u00e9 consult\u00e9 les 99,1% d&rsquo;autres europ\u00e9ens&#8230;.<\/p>\n<p>Derni\u00e8re br\u00e8ve qui se suffit \u00e0 elle-m\u00eame : Rachida Dati est incomp\u00e9tente.<\/p>\n","protected":false},"excerpt":{"rendered":"<p>Le Gouvernement a d\u00e9cid\u00e9 de mettre en place une surveillance accrue d&rsquo;internet. Il prend notamment pr\u00e9texte de la pr\u00e9paration par ce biais d&rsquo;un crime p\u00e9dophile par deux individus. Questions : si ces derniers avaient pr\u00e9par\u00e9 leur ignoble forfait au moyen de pigeons-voyageurs, Madame Morano demanderait-elle l&rsquo;euthanasie de ces volatiles ? De m\u00eame, s&rsquo;ils l&rsquo;avaient fait [&hellip;]<\/p>\n","protected":false},"author":10,"featured_media":0,"comment_status":"open","ping_status":"closed","sticky":false,"template":"","format":"standard","meta":{"footnotes":""},"categories":[4],"tags":[],"class_list":{"0":"post-48","1":"post","2":"type-post","3":"status-publish","4":"format-standard","6":"category-oxygene"},"_links":{"self":[{"href":"https:\/\/blog.causeur.fr\/antidote\/wp-json\/wp\/v2\/posts\/48","targetHints":{"allow":["GET"]}}],"collection":[{"href":"https:\/\/blog.causeur.fr\/antidote\/wp-json\/wp\/v2\/posts"}],"about":[{"href":"https:\/\/blog.causeur.fr\/antidote\/wp-json\/wp\/v2\/types\/post"}],"author":[{"embeddable":true,"href":"https:\/\/blog.causeur.fr\/antidote\/wp-json\/wp\/v2\/users\/10"}],"replies":[{"embeddable":true,"href":"https:\/\/blog.causeur.fr\/antidote\/wp-json\/wp\/v2\/comments?post=48"}],"version-history":[{"count":0,"href":"https:\/\/blog.causeur.fr\/antidote\/wp-json\/wp\/v2\/posts\/48\/revisions"}],"wp:attachment":[{"href":"https:\/\/blog.causeur.fr\/antidote\/wp-json\/wp\/v2\/media?parent=48"}],"wp:term":[{"taxonomy":"category","embeddable":true,"href":"https:\/\/blog.causeur.fr\/antidote\/wp-json\/wp\/v2\/categories?post=48"},{"taxonomy":"post_tag","embeddable":true,"href":"https:\/\/blog.causeur.fr\/antidote\/wp-json\/wp\/v2\/tags?post=48"}],"curies":[{"name":"wp","href":"https:\/\/api.w.org\/{rel}","templated":true}]}}