{"id":492,"date":"2009-12-20T15:30:53","date_gmt":"2009-12-20T14:30:53","guid":{"rendered":"http:\/\/carnet.causeur.fr\/antidote\/?p=492"},"modified":"2021-04-26T16:11:40","modified_gmt":"2021-04-26T14:11:40","slug":"des-epees-pour-besson-et-camba","status":"publish","type":"post","link":"https:\/\/blog.causeur.fr\/antidote\/des-epees-pour-besson-et-camba-492","title":{"rendered":"Des \u00e9p\u00e9es pour Besson et Camba !"},"content":{"rendered":"<p>Eric Besson vient de d\u00e9poser plainte contre le d\u00e9put\u00e9 de Paris, Jean-Christophe Cambad\u00e9lis, pour ses \u00ab\u00a0propos publics assimilant son action minist\u00e9rielle et celle des agents de son minist\u00e8re aux heures sombres du R\u00e9gime de Vichy\u00a0\u00bb.<\/p>\n<p>Cambad\u00e9lis avait compar\u00e9 la trajectoire du ministre de l&rsquo;identit\u00e9 nationale et de l&rsquo;immigration avec celle de Pierre Laval, lequel avait effectivement commenc\u00e9 sa carri\u00e8re politique \u00e0 la SFIO -PS de l&rsquo;\u00e9poque- pour finir chef du gouvernement du Mar\u00e9chal P\u00e9tain.<\/p>\n<p>Je veux bien admettre que Besson ne trouve pas la comparaison flatteuse et qu&rsquo;il en soit bless\u00e9. Je sais aussi que Cambad\u00e9lis a tort de se laisser aller \u00e0 de tels anachronismes. Nous ne vivons pas sous un gouvernement \u00e0 la botte d&rsquo;un occupant criminel. Sinon, Jean-Christophe Cambad\u00e9lis n&rsquo;aurait pas le droit de s&rsquo;exprimer si librement dans les journaux ni moi sur ce carnet politique.<\/p>\n<p>Mais Eric Besson s&rsquo;est il \u00e9mu lorsque son ami Lionel Jospin -dont il dit \u00eatre demeur\u00e9 tr\u00e8s proche- accusait les d\u00e9put\u00e9s de droite d&rsquo;\u00eatre les h\u00e9ritiers des colonialistes et des anti-dreyfusards ? Lui qui d\u00e9fendait le OUI \u00e0 la Constitution europ\u00e9enne, \u00e9tait-il \u00e0 l&rsquo;aise lorsque les partisans de ce trait\u00e9, droite et gauche officielles confondues, sommaient les Fran\u00e7ais de \u00ab\u00a0ne pas cr\u00e9er l&rsquo;irr\u00e9parable cinquante ans apr\u00e8s la lib\u00e9ration des camps de la mort\u00a0\u00bb ? N&rsquo;\u00e9tait-ce pas une mani\u00e8re scandaleuse et indigne d&rsquo;assimiler les partisans du NON \u00e0 des militants du retour \u00e0 la guerre et autres ignominies ?<\/p>\n<p>Au lieu de r\u00e9pondre par un mot plus fin et plus ravageur, Eric Besson pr\u00e9f\u00e8re d\u00e9ranger un tribunal. Et Camba, me direz-vous ? D\u00e9nonce t-il la judiciarisation du combat politique, comme tout \u00eatre sens\u00e9 le ferait ? Et bien, non ! Il s&rsquo;est \u00ab\u00a0r\u00e9joui de pouvoir faire la d\u00e9monstration publique que le ressort de l&rsquo;\u00e9volution de Besson est le m\u00eame que celui qui anima Laval\u00a0\u00bb. Il est content ! Voil\u00e0 deux hommes publics, certainement au fait de l&rsquo;encombrement des tribunaux, de la lenteur qui en d\u00e9coule, des faibles moyens de la Justice, et qui viennent d\u00e9ranger des juges pour leurs disputes publiques.<\/p>\n<p>Il est loin le temps o\u00f9 Gaston Defferre provoquait le d\u00e9put\u00e9 gaulliste Ren\u00e9 Ribi\u00e8re en duel apr\u00e8s un \u00e9change verbal gu\u00e8re aimable. Ils s&rsquo;affront\u00e8rent \u00e0 l&rsquo;\u00e9p\u00e9e (Photo en Une). Passerai-je pour un nostalgique ou, pis, un \u00eatre non civilis\u00e9 si j&rsquo;avoue ma pr\u00e9f\u00e9rence pour cette plus chevaleresque mani\u00e8re de r\u00e9gler les conflits personnels ? Sans doute. Et pourtant, je trouve bien plus civilis\u00e9e, et bien plus \u00e9conome en deniers publics[1. Et si Philippe S\u00e9guin proposait de r\u00e9tablir les duels dans le cadre des pistes explor\u00e9es par la Cour des comptes pour limiter la d\u00e9pense publique ?], la fa\u00e7on dont ces illustres anciens se sont d\u00e9partag\u00e9s[2. D&rsquo;autant qu&rsquo;ils eurent la sagesse de ne pas poursuivre le combat jusqu&rsquo;\u00e0 ce que la mort de l&rsquo;un des deux s&rsquo;ensuive].<\/p>\n<p>Besson et Cambad\u00e9lis auraient pu aussi se battre \u00e0 mains nues dans une cour int\u00e9rieure de l&rsquo;Assembl\u00e9e Nationale ou dans la salle des quatre colonnes que cela aurait \u00e9t\u00e9 moins co\u00fbteux, plus spectaculaire et surtout -je le maintiens- moins idiot que cette plainte qui va mobiliser greffiers et juges alors que ces derniers ont bien d&rsquo;autres chats \u00e0 fouetter. Si jamais Monsieur Aphatie me lit, il pourrait peut-\u00eatre en parler au Grand Journal de Canal, lui qui aime tant d\u00e9noncer la d\u00e9pense publique superflue. Et afin de convaincre que je ne suis pas nostalgique en tout point, je ne serais pas oppos\u00e9 \u00e0 ce que le combat soit t\u00e9l\u00e9vis\u00e9, sponsoris\u00e9 et que le produit du spectacle soit vers\u00e9 au budget du minist\u00e8re de la Justice qui en a fort besoin.<\/p>\n","protected":false},"excerpt":{"rendered":"<p>Et qu&rsquo;ils cessent d&rsquo;encombrer les tribunaux.<\/p>\n","protected":false},"author":10,"featured_media":0,"comment_status":"open","ping_status":"closed","sticky":false,"template":"","format":"standard","meta":{"footnotes":""},"categories":[4],"tags":[],"class_list":{"0":"post-492","1":"post","2":"type-post","3":"status-publish","4":"format-standard","6":"category-oxygene"},"_links":{"self":[{"href":"https:\/\/blog.causeur.fr\/antidote\/wp-json\/wp\/v2\/posts\/492","targetHints":{"allow":["GET"]}}],"collection":[{"href":"https:\/\/blog.causeur.fr\/antidote\/wp-json\/wp\/v2\/posts"}],"about":[{"href":"https:\/\/blog.causeur.fr\/antidote\/wp-json\/wp\/v2\/types\/post"}],"author":[{"embeddable":true,"href":"https:\/\/blog.causeur.fr\/antidote\/wp-json\/wp\/v2\/users\/10"}],"replies":[{"embeddable":true,"href":"https:\/\/blog.causeur.fr\/antidote\/wp-json\/wp\/v2\/comments?post=492"}],"version-history":[{"count":0,"href":"https:\/\/blog.causeur.fr\/antidote\/wp-json\/wp\/v2\/posts\/492\/revisions"}],"wp:attachment":[{"href":"https:\/\/blog.causeur.fr\/antidote\/wp-json\/wp\/v2\/media?parent=492"}],"wp:term":[{"taxonomy":"category","embeddable":true,"href":"https:\/\/blog.causeur.fr\/antidote\/wp-json\/wp\/v2\/categories?post=492"},{"taxonomy":"post_tag","embeddable":true,"href":"https:\/\/blog.causeur.fr\/antidote\/wp-json\/wp\/v2\/tags?post=492"}],"curies":[{"name":"wp","href":"https:\/\/api.w.org\/{rel}","templated":true}]}}